{"id":8221,"date":"2025-04-18T09:54:53","date_gmt":"2025-04-18T12:54:53","guid":{"rendered":"https:\/\/acervapaulista.com.br\/wordpress\/?p=8221"},"modified":"2025-04-18T09:54:56","modified_gmt":"2025-04-18T12:54:56","slug":"churrasco-de-encerramento-22-06-2025-xviii-encontro-nacional-das-acervas-2025","status":"publish","type":"post","link":"https:\/\/acervapaulista.com.br\/wordpress\/churrasco-de-encerramento-22-06-2025-xviii-encontro-nacional-das-acervas-2025\/","title":{"rendered":"CHURRASCO DE ENCERRAMENTO &#8211; 22\/06\/2025 &#8211; XVIII ENCONTRO NACIONAL DAS ACERVAS 2025"},"content":{"rendered":"\n<p class=\"wp-block-paragraph\"><strong>Churrasco de Encerramento &#8211; XVIII Encontro Nacional das ACervAs &#8211; S\u00e3o Paulo 2025<\/strong><\/p>\n\n\n\n<p class=\"wp-block-paragraph\">No dia 22 de Junho, a partir das 12h, junte-se a n\u00f3s para fecharmos com chave de ouro com o tradicional&nbsp;<strong>churrasco de encerramento<\/strong>. Aproveite aquela \u00faltima oportunidade de encontrar e confraternizar com a galera!<\/p>\n\n\n\n<p class=\"wp-block-paragraph\">S\u00e3o 5 horas de evento no formato open beer + open food, garanta o seu ingresso e n\u00e3o fique de fora!!!<\/p>\n\n\n\n<p class=\"wp-block-paragraph\">E o local escolhido ser\u00e1 na Incomum Cervejaria, uma f\u00e1brica-bar localizada em Pinheiros e que inicia suas atividades em breve!<\/p>\n\n\n\n<p class=\"wp-block-paragraph\"><strong>Como ser\u00e1 o churrasco de encerramento?<\/strong><\/p>\n\n\n\n<ul class=\"wp-block-list\">\n<li>Churrasco completo com carnes, lingui\u00e7a e frango<\/li>\n\n\n\n<li>Acompanhamentos &#8211; Arroz, salada, maionese e mini salgados<\/li>\n\n\n\n<li>Open Beer de cerveja artesanal<\/li>\n\n\n\n<li>DJ Jo\u00e3o Pilha comandando o som durante a festa\u00a0\u00a0<a href=\"https:\/\/www.instagram.com\/joaopilha21\/\" target=\"_blank\" rel=\"noreferrer noopener\">@joaopilha21<\/a>\u00a0<\/li>\n<\/ul>\n\n\n\n<p class=\"wp-block-paragraph\">Conhe\u00e7a a Incomum Cervejaria pelo Instagram, acesse&nbsp;<a href=\"https:\/\/www.instagram.com\/incomumcervejaria\" target=\"_blank\" rel=\"noreferrer noopener\">@incomumcervejaria<\/a><\/p>\n\n\n\n<p class=\"wp-block-paragraph\">Saiba mais sobre toda a programa\u00e7\u00e3o do XVIII Encontro Nacional das ACervAs, acesse o Instagram da&nbsp;<a href=\"https:\/\/www.instagram.com\/acervapaulista\/\" target=\"_blank\" rel=\"noreferrer noopener\">@acervapaulista<\/a>&nbsp;ou pelo&nbsp;<a href=\"https:\/\/linktr.ee\/ACervA_Paulista\" target=\"_blank\" rel=\"noreferrer noopener\">Linktree da ACervA Paulista<\/a><\/p>\n\n\n\n<p class=\"wp-block-paragraph\"><a href=\"https:\/\/www.sympla.com.br\/evento\/festa-de-confraternizacao-21-06-2025-xviii-encontro-nacional-das-acervas-2025\/2893060\" target=\"_blank\" rel=\"noopener\" title=\"\">Garanta j\u00e1 o seu ingresso \ud83d\udd17<\/a><\/p>\n","protected":false},"excerpt":{"rendered":"<p>Churrasco de Encerramento &#8211; XVIII Encontro Nacional das ACervAs &#8211; S\u00e3o Paulo 2025 No dia 22 de Junho, a partir das 12h, junte-se a n\u00f3s para fecharmos com chave de ouro com o tradicional&nbsp;churrasco de encerramento. Aproveite aquela \u00faltima oportunidade de encontrar e confraternizar com a galera! S\u00e3o 5 horas de evento no formato open beer + open food, garanta o seu ingresso e n\u00e3o fique de fora!!! E o local escolhido ser\u00e1 na Incomum Cervejaria, uma f\u00e1brica-bar localizada em Pinheiros e que inicia suas atividades em breve! Como ser\u00e1 o churrasco de encerramento? Conhe\u00e7a a Incomum Cervejaria pelo Instagram, acesse&nbsp;@incomumcervejaria Saiba mais sobre toda a programa\u00e7\u00e3o do XVIII Encontro Nacional das ACervAs, acesse o Instagram da&nbsp;@acervapaulista&nbsp;ou pelo&nbsp;Linktree da ACervA Paulista Garanta j\u00e1 o seu ingresso \ud83d\udd17<\/p>\n","protected":false},"author":84,"featured_media":8222,"comment_status":"closed","ping_status":"open","sticky":false,"template":"","format":"standard","meta":{"pmpro_default_level":"","_price":"","_stock":"","_tribe_ticket_header":"","_tribe_default_ticket_provider":"","_tribe_ticket_capacity":"0","_ticket_start_date":"","_ticket_end_date":"","_tribe_ticket_show_description":"","_tribe_ticket_show_not_going":false,"_tribe_ticket_use_global_stock":"","_tribe_ticket_global_stock_level":"","_global_stock_mode":"","_global_stock_cap":"","_tribe_rsvp_for_event":"","_tribe_ticket_going_count":"","_tribe_ticket_not_going_count":"","_tribe_tickets_list":"[]","_tribe_ticket_has_attendee_info_fields":false,"footnotes":""},"categories":[1],"tags":[],"class_list":["post-8221","post","type-post","status-publish","format-standard","has-post-thumbnail","hentry","category-sem-categoria","pmpro-has-access"],"aioseo_notices":[],"aioseo_head":"\n\t\t<!-- All in One SEO 4.9.10 - aioseo.com -->\n\t<meta name=\"description\" content=\"Churrasco de Encerramento - XVIII Encontro Nacional das ACervAs - S\u00e3o Paulo 2025 No dia 22 de Junho, a partir das 12h, junte-se a n\u00f3s para fecharmos com chave de ouro com o tradicional churrasco de encerramento. Aproveite aquela \u00faltima oportunidade de encontrar e confraternizar com a galera! S\u00e3o 5 horas de evento no formato open\" \/>\n\t<meta name=\"robots\" content=\"max-image-preview:large\" \/>\n\t<meta name=\"author\" content=\"Carlos Santana\"\/>\n\t<link rel=\"canonical\" href=\"https:\/\/acervapaulista.com.br\/wordpress\/churrasco-de-encerramento-22-06-2025-xviii-encontro-nacional-das-acervas-2025\/\" \/>\n\t<meta name=\"generator\" content=\"All in One SEO (AIOSEO) 4.9.10\" \/>\n\t\t<meta property=\"og:locale\" content=\"pt_BR\" \/>\n\t\t<meta property=\"og:site_name\" content=\"ACervA Paulista - Associa\u00e7\u00e3o dos Cervejeiros Artesanais Paulistas\" \/>\n\t\t<meta property=\"og:type\" content=\"article\" \/>\n\t\t<meta property=\"og:title\" content=\"CHURRASCO DE ENCERRAMENTO \u2013 22\/06\/2025 \u2013 XVIII ENCONTRO NACIONAL DAS ACERVAS 2025 - ACervA Paulista\" \/>\n\t\t<meta property=\"og:description\" content=\"Churrasco de Encerramento - XVIII Encontro Nacional das ACervAs - S\u00e3o Paulo 2025 No dia 22 de Junho, a partir das 12h, junte-se a n\u00f3s para fecharmos com chave de ouro com o tradicional churrasco de encerramento. Aproveite aquela \u00faltima oportunidade de encontrar e confraternizar com a galera! S\u00e3o 5 horas de evento no formato open\" \/>\n\t\t<meta property=\"og:url\" content=\"https:\/\/acervapaulista.com.br\/wordpress\/churrasco-de-encerramento-22-06-2025-xviii-encontro-nacional-das-acervas-2025\/\" \/>\n\t\t<meta property=\"article:published_time\" content=\"2025-04-18T12:54:53+00:00\" \/>\n\t\t<meta property=\"article:modified_time\" content=\"2025-04-18T12:54:56+00:00\" \/>\n\t\t<meta name=\"twitter:card\" content=\"summary_large_image\" \/>\n\t\t<meta name=\"twitter:title\" content=\"CHURRASCO DE ENCERRAMENTO \u2013 22\/06\/2025 \u2013 XVIII ENCONTRO NACIONAL DAS ACERVAS 2025 - ACervA Paulista\" \/>\n\t\t<meta name=\"twitter:description\" content=\"Churrasco de Encerramento - XVIII Encontro Nacional das ACervAs - S\u00e3o Paulo 2025 No dia 22 de Junho, a partir das 12h, junte-se a n\u00f3s para fecharmos com chave de ouro com o tradicional churrasco de encerramento. Aproveite aquela \u00faltima oportunidade de encontrar e confraternizar com a galera! S\u00e3o 5 horas de evento no formato open\" \/>\n\t\t<script type=\"application\/ld+json\" class=\"aioseo-schema\">\n\t\t\t{\"@context\":\"https:\\\/\\\/schema.org\",\"@graph\":[{\"@type\":\"BlogPosting\",\"@id\":\"https:\\\/\\\/acervapaulista.com.br\\\/wordpress\\\/churrasco-de-encerramento-22-06-2025-xviii-encontro-nacional-das-acervas-2025\\\/#blogposting\",\"name\":\"CHURRASCO DE ENCERRAMENTO \\u2013 22\\\/06\\\/2025 \\u2013 XVIII ENCONTRO NACIONAL DAS ACERVAS 2025 - ACervA Paulista\",\"headline\":\"CHURRASCO DE ENCERRAMENTO &#8211; 22\\\/06\\\/2025 &#8211; XVIII ENCONTRO NACIONAL DAS ACERVAS 2025\",\"author\":{\"@id\":\"https:\\\/\\\/acervapaulista.com.br\\\/wordpress\\\/author\\\/educhp\\\/#author\"},\"publisher\":{\"@id\":\"https:\\\/\\\/acervapaulista.com.br\\\/wordpress\\\/#organization\"},\"image\":{\"@type\":\"ImageObject\",\"url\":\"https:\\\/\\\/acervapaulista.com.br\\\/wordpress\\\/wp-content\\\/uploads\\\/2025\\\/04\\\/Banner-Certo-Sympla-1600-x-838-12-1.png\",\"width\":1600,\"height\":838},\"datePublished\":\"2025-04-18T09:54:53-03:00\",\"dateModified\":\"2025-04-18T09:54:56-03:00\",\"inLanguage\":\"pt-BR\",\"mainEntityOfPage\":{\"@id\":\"https:\\\/\\\/acervapaulista.com.br\\\/wordpress\\\/churrasco-de-encerramento-22-06-2025-xviii-encontro-nacional-das-acervas-2025\\\/#webpage\"},\"isPartOf\":{\"@id\":\"https:\\\/\\\/acervapaulista.com.br\\\/wordpress\\\/churrasco-de-encerramento-22-06-2025-xviii-encontro-nacional-das-acervas-2025\\\/#webpage\"},\"articleSection\":\"Sem categoria\"},{\"@type\":\"BreadcrumbList\",\"@id\":\"https:\\\/\\\/acervapaulista.com.br\\\/wordpress\\\/churrasco-de-encerramento-22-06-2025-xviii-encontro-nacional-das-acervas-2025\\\/#breadcrumblist\",\"itemListElement\":[{\"@type\":\"ListItem\",\"@id\":\"https:\\\/\\\/acervapaulista.com.br\\\/wordpress#listItem\",\"position\":1,\"name\":\"Home\",\"item\":\"https:\\\/\\\/acervapaulista.com.br\\\/wordpress\",\"nextItem\":{\"@type\":\"ListItem\",\"@id\":\"https:\\\/\\\/acervapaulista.com.br\\\/wordpress\\\/category\\\/sem-categoria\\\/#listItem\",\"name\":\"Sem categoria\"}},{\"@type\":\"ListItem\",\"@id\":\"https:\\\/\\\/acervapaulista.com.br\\\/wordpress\\\/category\\\/sem-categoria\\\/#listItem\",\"position\":2,\"name\":\"Sem categoria\",\"item\":\"https:\\\/\\\/acervapaulista.com.br\\\/wordpress\\\/category\\\/sem-categoria\\\/\",\"nextItem\":{\"@type\":\"ListItem\",\"@id\":\"https:\\\/\\\/acervapaulista.com.br\\\/wordpress\\\/churrasco-de-encerramento-22-06-2025-xviii-encontro-nacional-das-acervas-2025\\\/#listItem\",\"name\":\"CHURRASCO DE ENCERRAMENTO &#8211; 22\\\/06\\\/2025 &#8211; XVIII ENCONTRO NACIONAL DAS ACERVAS 2025\"},\"previousItem\":{\"@type\":\"ListItem\",\"@id\":\"https:\\\/\\\/acervapaulista.com.br\\\/wordpress#listItem\",\"name\":\"Home\"}},{\"@type\":\"ListItem\",\"@id\":\"https:\\\/\\\/acervapaulista.com.br\\\/wordpress\\\/churrasco-de-encerramento-22-06-2025-xviii-encontro-nacional-das-acervas-2025\\\/#listItem\",\"position\":3,\"name\":\"CHURRASCO DE ENCERRAMENTO &#8211; 22\\\/06\\\/2025 &#8211; XVIII ENCONTRO NACIONAL DAS ACERVAS 2025\",\"previousItem\":{\"@type\":\"ListItem\",\"@id\":\"https:\\\/\\\/acervapaulista.com.br\\\/wordpress\\\/category\\\/sem-categoria\\\/#listItem\",\"name\":\"Sem categoria\"}}]},{\"@type\":\"Organization\",\"@id\":\"https:\\\/\\\/acervapaulista.com.br\\\/wordpress\\\/#organization\",\"name\":\"ACervA Paulista\",\"description\":\"Associa\\u00e7\\u00e3o dos Cervejeiros Artesanais Paulistas\",\"url\":\"https:\\\/\\\/acervapaulista.com.br\\\/wordpress\\\/\"},{\"@type\":\"Person\",\"@id\":\"https:\\\/\\\/acervapaulista.com.br\\\/wordpress\\\/author\\\/educhp\\\/#author\",\"url\":\"https:\\\/\\\/acervapaulista.com.br\\\/wordpress\\\/author\\\/educhp\\\/\",\"name\":\"Carlos Santana\",\"image\":{\"@type\":\"ImageObject\",\"@id\":\"https:\\\/\\\/acervapaulista.com.br\\\/wordpress\\\/churrasco-de-encerramento-22-06-2025-xviii-encontro-nacional-das-acervas-2025\\\/#authorImage\",\"url\":\"https:\\\/\\\/secure.gravatar.com\\\/avatar\\\/9bb9fc5ee33332780165f5a66181a659bda39f9fb30b1defd1d1cb01335ebd65?s=96&d=mm&r=g\",\"width\":96,\"height\":96,\"caption\":\"Carlos Santana\"}},{\"@type\":\"WebPage\",\"@id\":\"https:\\\/\\\/acervapaulista.com.br\\\/wordpress\\\/churrasco-de-encerramento-22-06-2025-xviii-encontro-nacional-das-acervas-2025\\\/#webpage\",\"url\":\"https:\\\/\\\/acervapaulista.com.br\\\/wordpress\\\/churrasco-de-encerramento-22-06-2025-xviii-encontro-nacional-das-acervas-2025\\\/\",\"name\":\"CHURRASCO DE ENCERRAMENTO \\u2013 22\\\/06\\\/2025 \\u2013 XVIII ENCONTRO NACIONAL DAS ACERVAS 2025 - ACervA Paulista\",\"description\":\"Churrasco de Encerramento - XVIII Encontro Nacional das ACervAs - S\\u00e3o Paulo 2025 No dia 22 de Junho, a partir das 12h, junte-se a n\\u00f3s para fecharmos com chave de ouro com o tradicional churrasco de encerramento. Aproveite aquela \\u00faltima oportunidade de encontrar e confraternizar com a galera! S\\u00e3o 5 horas de evento no formato open\",\"inLanguage\":\"pt-BR\",\"isPartOf\":{\"@id\":\"https:\\\/\\\/acervapaulista.com.br\\\/wordpress\\\/#website\"},\"breadcrumb\":{\"@id\":\"https:\\\/\\\/acervapaulista.com.br\\\/wordpress\\\/churrasco-de-encerramento-22-06-2025-xviii-encontro-nacional-das-acervas-2025\\\/#breadcrumblist\"},\"author\":{\"@id\":\"https:\\\/\\\/acervapaulista.com.br\\\/wordpress\\\/author\\\/educhp\\\/#author\"},\"creator\":{\"@id\":\"https:\\\/\\\/acervapaulista.com.br\\\/wordpress\\\/author\\\/educhp\\\/#author\"},\"image\":{\"@type\":\"ImageObject\",\"url\":\"https:\\\/\\\/acervapaulista.com.br\\\/wordpress\\\/wp-content\\\/uploads\\\/2025\\\/04\\\/Banner-Certo-Sympla-1600-x-838-12-1.png\",\"@id\":\"https:\\\/\\\/acervapaulista.com.br\\\/wordpress\\\/churrasco-de-encerramento-22-06-2025-xviii-encontro-nacional-das-acervas-2025\\\/#mainImage\",\"width\":1600,\"height\":838},\"primaryImageOfPage\":{\"@id\":\"https:\\\/\\\/acervapaulista.com.br\\\/wordpress\\\/churrasco-de-encerramento-22-06-2025-xviii-encontro-nacional-das-acervas-2025\\\/#mainImage\"},\"datePublished\":\"2025-04-18T09:54:53-03:00\",\"dateModified\":\"2025-04-18T09:54:56-03:00\"},{\"@type\":\"WebSite\",\"@id\":\"https:\\\/\\\/acervapaulista.com.br\\\/wordpress\\\/#website\",\"url\":\"https:\\\/\\\/acervapaulista.com.br\\\/wordpress\\\/\",\"name\":\"ACervA Paulista\",\"description\":\"Associa\\u00e7\\u00e3o dos Cervejeiros Artesanais Paulistas\",\"inLanguage\":\"pt-BR\",\"publisher\":{\"@id\":\"https:\\\/\\\/acervapaulista.com.br\\\/wordpress\\\/#organization\"}}]}\n\t\t<\/script>\n\t\t<!-- All in One SEO -->\n\n","aioseo_head_json":{"title":"CHURRASCO DE ENCERRAMENTO \u2013 22\/06\/2025 \u2013 XVIII ENCONTRO NACIONAL DAS ACERVAS 2025 - ACervA Paulista","description":"Churrasco de Encerramento - XVIII Encontro Nacional das ACervAs - S\u00e3o Paulo 2025 No dia 22 de Junho, a partir das 12h, junte-se a n\u00f3s para fecharmos com chave de ouro com o tradicional churrasco de encerramento. Aproveite aquela \u00faltima oportunidade de encontrar e confraternizar com a galera! S\u00e3o 5 horas de evento no formato open","canonical_url":"https:\/\/acervapaulista.com.br\/wordpress\/churrasco-de-encerramento-22-06-2025-xviii-encontro-nacional-das-acervas-2025\/","robots":"max-image-preview:large","keywords":"","webmasterTools":{"miscellaneous":""},"schema":{"@context":"https:\/\/schema.org","@graph":[{"@type":"BlogPosting","@id":"https:\/\/acervapaulista.com.br\/wordpress\/churrasco-de-encerramento-22-06-2025-xviii-encontro-nacional-das-acervas-2025\/#blogposting","name":"CHURRASCO DE ENCERRAMENTO \u2013 22\/06\/2025 \u2013 XVIII ENCONTRO NACIONAL DAS ACERVAS 2025 - ACervA Paulista","headline":"CHURRASCO DE ENCERRAMENTO &#8211; 22\/06\/2025 &#8211; XVIII ENCONTRO NACIONAL DAS ACERVAS 2025","author":{"@id":"https:\/\/acervapaulista.com.br\/wordpress\/author\/educhp\/#author"},"publisher":{"@id":"https:\/\/acervapaulista.com.br\/wordpress\/#organization"},"image":{"@type":"ImageObject","url":"https:\/\/acervapaulista.com.br\/wordpress\/wp-content\/uploads\/2025\/04\/Banner-Certo-Sympla-1600-x-838-12-1.png","width":1600,"height":838},"datePublished":"2025-04-18T09:54:53-03:00","dateModified":"2025-04-18T09:54:56-03:00","inLanguage":"pt-BR","mainEntityOfPage":{"@id":"https:\/\/acervapaulista.com.br\/wordpress\/churrasco-de-encerramento-22-06-2025-xviii-encontro-nacional-das-acervas-2025\/#webpage"},"isPartOf":{"@id":"https:\/\/acervapaulista.com.br\/wordpress\/churrasco-de-encerramento-22-06-2025-xviii-encontro-nacional-das-acervas-2025\/#webpage"},"articleSection":"Sem categoria"},{"@type":"BreadcrumbList","@id":"https:\/\/acervapaulista.com.br\/wordpress\/churrasco-de-encerramento-22-06-2025-xviii-encontro-nacional-das-acervas-2025\/#breadcrumblist","itemListElement":[{"@type":"ListItem","@id":"https:\/\/acervapaulista.com.br\/wordpress#listItem","position":1,"name":"Home","item":"https:\/\/acervapaulista.com.br\/wordpress","nextItem":{"@type":"ListItem","@id":"https:\/\/acervapaulista.com.br\/wordpress\/category\/sem-categoria\/#listItem","name":"Sem categoria"}},{"@type":"ListItem","@id":"https:\/\/acervapaulista.com.br\/wordpress\/category\/sem-categoria\/#listItem","position":2,"name":"Sem categoria","item":"https:\/\/acervapaulista.com.br\/wordpress\/category\/sem-categoria\/","nextItem":{"@type":"ListItem","@id":"https:\/\/acervapaulista.com.br\/wordpress\/churrasco-de-encerramento-22-06-2025-xviii-encontro-nacional-das-acervas-2025\/#listItem","name":"CHURRASCO DE ENCERRAMENTO &#8211; 22\/06\/2025 &#8211; XVIII ENCONTRO NACIONAL DAS ACERVAS 2025"},"previousItem":{"@type":"ListItem","@id":"https:\/\/acervapaulista.com.br\/wordpress#listItem","name":"Home"}},{"@type":"ListItem","@id":"https:\/\/acervapaulista.com.br\/wordpress\/churrasco-de-encerramento-22-06-2025-xviii-encontro-nacional-das-acervas-2025\/#listItem","position":3,"name":"CHURRASCO DE ENCERRAMENTO &#8211; 22\/06\/2025 &#8211; XVIII ENCONTRO NACIONAL DAS ACERVAS 2025","previousItem":{"@type":"ListItem","@id":"https:\/\/acervapaulista.com.br\/wordpress\/category\/sem-categoria\/#listItem","name":"Sem categoria"}}]},{"@type":"Organization","@id":"https:\/\/acervapaulista.com.br\/wordpress\/#organization","name":"ACervA Paulista","description":"Associa\u00e7\u00e3o dos Cervejeiros Artesanais Paulistas","url":"https:\/\/acervapaulista.com.br\/wordpress\/"},{"@type":"Person","@id":"https:\/\/acervapaulista.com.br\/wordpress\/author\/educhp\/#author","url":"https:\/\/acervapaulista.com.br\/wordpress\/author\/educhp\/","name":"Carlos Santana","image":{"@type":"ImageObject","@id":"https:\/\/acervapaulista.com.br\/wordpress\/churrasco-de-encerramento-22-06-2025-xviii-encontro-nacional-das-acervas-2025\/#authorImage","url":"https:\/\/secure.gravatar.com\/avatar\/9bb9fc5ee33332780165f5a66181a659bda39f9fb30b1defd1d1cb01335ebd65?s=96&d=mm&r=g","width":96,"height":96,"caption":"Carlos Santana"}},{"@type":"WebPage","@id":"https:\/\/acervapaulista.com.br\/wordpress\/churrasco-de-encerramento-22-06-2025-xviii-encontro-nacional-das-acervas-2025\/#webpage","url":"https:\/\/acervapaulista.com.br\/wordpress\/churrasco-de-encerramento-22-06-2025-xviii-encontro-nacional-das-acervas-2025\/","name":"CHURRASCO DE ENCERRAMENTO \u2013 22\/06\/2025 \u2013 XVIII ENCONTRO NACIONAL DAS ACERVAS 2025 - ACervA Paulista","description":"Churrasco de Encerramento - XVIII Encontro Nacional das ACervAs - S\u00e3o Paulo 2025 No dia 22 de Junho, a partir das 12h, junte-se a n\u00f3s para fecharmos com chave de ouro com o tradicional churrasco de encerramento. Aproveite aquela \u00faltima oportunidade de encontrar e confraternizar com a galera! S\u00e3o 5 horas de evento no formato open","inLanguage":"pt-BR","isPartOf":{"@id":"https:\/\/acervapaulista.com.br\/wordpress\/#website"},"breadcrumb":{"@id":"https:\/\/acervapaulista.com.br\/wordpress\/churrasco-de-encerramento-22-06-2025-xviii-encontro-nacional-das-acervas-2025\/#breadcrumblist"},"author":{"@id":"https:\/\/acervapaulista.com.br\/wordpress\/author\/educhp\/#author"},"creator":{"@id":"https:\/\/acervapaulista.com.br\/wordpress\/author\/educhp\/#author"},"image":{"@type":"ImageObject","url":"https:\/\/acervapaulista.com.br\/wordpress\/wp-content\/uploads\/2025\/04\/Banner-Certo-Sympla-1600-x-838-12-1.png","@id":"https:\/\/acervapaulista.com.br\/wordpress\/churrasco-de-encerramento-22-06-2025-xviii-encontro-nacional-das-acervas-2025\/#mainImage","width":1600,"height":838},"primaryImageOfPage":{"@id":"https:\/\/acervapaulista.com.br\/wordpress\/churrasco-de-encerramento-22-06-2025-xviii-encontro-nacional-das-acervas-2025\/#mainImage"},"datePublished":"2025-04-18T09:54:53-03:00","dateModified":"2025-04-18T09:54:56-03:00"},{"@type":"WebSite","@id":"https:\/\/acervapaulista.com.br\/wordpress\/#website","url":"https:\/\/acervapaulista.com.br\/wordpress\/","name":"ACervA Paulista","description":"Associa\u00e7\u00e3o dos Cervejeiros Artesanais Paulistas","inLanguage":"pt-BR","publisher":{"@id":"https:\/\/acervapaulista.com.br\/wordpress\/#organization"}}]},"og:locale":"pt_BR","og:site_name":"ACervA Paulista - Associa\u00e7\u00e3o dos Cervejeiros Artesanais Paulistas","og:type":"article","og:title":"CHURRASCO DE ENCERRAMENTO \u2013 22\/06\/2025 \u2013 XVIII ENCONTRO NACIONAL DAS ACERVAS 2025 - ACervA Paulista","og:description":"Churrasco de Encerramento - XVIII Encontro Nacional das ACervAs - S\u00e3o Paulo 2025 No dia 22 de Junho, a partir das 12h, junte-se a n\u00f3s para fecharmos com chave de ouro com o tradicional churrasco de encerramento. Aproveite aquela \u00faltima oportunidade de encontrar e confraternizar com a galera! S\u00e3o 5 horas de evento no formato open","og:url":"https:\/\/acervapaulista.com.br\/wordpress\/churrasco-de-encerramento-22-06-2025-xviii-encontro-nacional-das-acervas-2025\/","article:published_time":"2025-04-18T12:54:53+00:00","article:modified_time":"2025-04-18T12:54:56+00:00","twitter:card":"summary_large_image","twitter:title":"CHURRASCO DE ENCERRAMENTO \u2013 22\/06\/2025 \u2013 XVIII ENCONTRO NACIONAL DAS ACERVAS 2025 - ACervA Paulista","twitter:description":"Churrasco de Encerramento - XVIII Encontro Nacional das ACervAs - S\u00e3o Paulo 2025 No dia 22 de Junho, a partir das 12h, junte-se a n\u00f3s para fecharmos com chave de ouro com o tradicional churrasco de encerramento. Aproveite aquela \u00faltima oportunidade de encontrar e confraternizar com a galera! S\u00e3o 5 horas de evento no formato open"},"aioseo_meta_data":{"post_id":"8221","title":null,"description":null,"keywords":null,"keyphrases":{"focus":{"keyphrase":"","score":0,"analysis":{"keyphraseInTitle":{"score":0,"maxScore":9,"error":1}}},"additional":[]},"primary_term":null,"canonical_url":null,"og_title":null,"og_description":null,"og_object_type":"default","og_image_type":"default","og_image_url":null,"og_image_width":null,"og_image_height":null,"og_image_custom_url":null,"og_image_custom_fields":null,"og_video":"","og_custom_url":null,"og_article_section":null,"og_article_tags":null,"twitter_use_og":false,"twitter_card":"default","twitter_image_type":"default","twitter_image_url":null,"twitter_image_custom_url":null,"twitter_image_custom_fields":null,"twitter_title":null,"twitter_description":null,"schema":{"blockGraphs":[],"customGraphs":[],"default":{"data":{"Article":[],"Course":[],"Dataset":[],"FAQPage":[],"Movie":[],"Person":[],"Product":[],"ProductReview":[],"Car":[],"Recipe":[],"Service":[],"SoftwareApplication":[],"WebPage":[]},"graphName":"BlogPosting","isEnabled":true},"graphs":[]},"schema_type":"default","schema_type_options":null,"pillar_content":false,"robots_default":true,"robots_noindex":false,"robots_noarchive":false,"robots_nosnippet":false,"robots_nofollow":false,"robots_noimageindex":false,"robots_noodp":false,"robots_notranslate":false,"robots_max_snippet":"-1","robots_max_videopreview":"-1","robots_max_imagepreview":"large","priority":null,"frequency":"default","local_seo":null,"breadcrumb_settings":null,"limit_modified_date":false,"ai":null,"created":"2025-04-18 12:54:56","updated":"2025-09-06 13:11:01","seo_analyzer_scan_date":null},"aioseo_breadcrumb":"<div class=\"aioseo-breadcrumbs\"><span class=\"aioseo-breadcrumb\">\n\t\t\t<a href=\"https:\/\/acervapaulista.com.br\/wordpress\" title=\"Home\">Home<\/a>\n\t\t<\/span><span class=\"aioseo-breadcrumb-separator\">&raquo;<\/span><span class=\"aioseo-breadcrumb\">\n\t\t\t<a href=\"https:\/\/acervapaulista.com.br\/wordpress\/category\/sem-categoria\/\" title=\"Sem categoria\">Sem categoria<\/a>\n\t\t<\/span><span class=\"aioseo-breadcrumb-separator\">&raquo;<\/span><span class=\"aioseo-breadcrumb\">\n\t\t\tCHURRASCO DE ENCERRAMENTO \u2013 22\/06\/2025 \u2013 XVIII ENCONTRO NACIONAL DAS ACERVAS 2025\n\t\t<\/span><\/div>","aioseo_breadcrumb_json":[{"label":"Home","link":"https:\/\/acervapaulista.com.br\/wordpress"},{"label":"Sem categoria","link":"https:\/\/acervapaulista.com.br\/wordpress\/category\/sem-categoria\/"},{"label":"CHURRASCO DE ENCERRAMENTO &#8211; 22\/06\/2025 &#8211; XVIII ENCONTRO NACIONAL DAS ACERVAS 2025","link":"https:\/\/acervapaulista.com.br\/wordpress\/churrasco-de-encerramento-22-06-2025-xviii-encontro-nacional-das-acervas-2025\/"}],"_links":{"self":[{"href":"https:\/\/acervapaulista.com.br\/wordpress\/wp-json\/wp\/v2\/posts\/8221","targetHints":{"allow":["GET"]}}],"collection":[{"href":"https:\/\/acervapaulista.com.br\/wordpress\/wp-json\/wp\/v2\/posts"}],"about":[{"href":"https:\/\/acervapaulista.com.br\/wordpress\/wp-json\/wp\/v2\/types\/post"}],"author":[{"embeddable":true,"href":"https:\/\/acervapaulista.com.br\/wordpress\/wp-json\/wp\/v2\/users\/84"}],"replies":[{"embeddable":true,"href":"https:\/\/acervapaulista.com.br\/wordpress\/wp-json\/wp\/v2\/comments?post=8221"}],"version-history":[{"count":1,"href":"https:\/\/acervapaulista.com.br\/wordpress\/wp-json\/wp\/v2\/posts\/8221\/revisions"}],"predecessor-version":[{"id":8223,"href":"https:\/\/acervapaulista.com.br\/wordpress\/wp-json\/wp\/v2\/posts\/8221\/revisions\/8223"}],"wp:featuredmedia":[{"embeddable":true,"href":"https:\/\/acervapaulista.com.br\/wordpress\/wp-json\/wp\/v2\/media\/8222"}],"wp:attachment":[{"href":"https:\/\/acervapaulista.com.br\/wordpress\/wp-json\/wp\/v2\/media?parent=8221"}],"wp:term":[{"taxonomy":"category","embeddable":true,"href":"https:\/\/acervapaulista.com.br\/wordpress\/wp-json\/wp\/v2\/categories?post=8221"},{"taxonomy":"post_tag","embeddable":true,"href":"https:\/\/acervapaulista.com.br\/wordpress\/wp-json\/wp\/v2\/tags?post=8221"}],"curies":[{"name":"wp","href":"https:\/\/api.w.org\/{rel}","templated":true}]}}