{"id":8187,"date":"2025-04-09T09:04:38","date_gmt":"2025-04-09T12:04:38","guid":{"rendered":"https:\/\/acervapaulista.com.br\/wordpress\/?p=8187"},"modified":"2025-04-09T09:21:53","modified_gmt":"2025-04-09T12:21:53","slug":"congresso-tecnico-19-06-2025-xviii-nacional-das-acervas-2025","status":"publish","type":"post","link":"https:\/\/acervapaulista.com.br\/wordpress\/congresso-tecnico-19-06-2025-xviii-nacional-das-acervas-2025\/","title":{"rendered":"CONGRESSO T\u00c9CNICO &#8211; 19\/06\/2025 &#8211; XVIII ENCONTRO NACIONAL DAS ACERVAS 2025"},"content":{"rendered":"\n<p class=\"wp-block-paragraph\">A&nbsp;<strong>ACervA Paulista<\/strong>&nbsp;e a&nbsp;<strong>A<\/strong><strong>CervA Brasil<\/strong> convidam voc\u00ea a participar do Congresso T\u00e9cnico do&nbsp;<strong>XVIII Concurso Nacional das ACervAs<\/strong>&nbsp;que ser\u00e1 realizado em S\u00e3o Paulo.<br><br>Ser\u00e3o dois dias de muito conte\u00fado t\u00e9cnico com os maiores especialistas do Brasil!<br><br><strong><u>19\/06\/2025<\/u><\/strong><\/p>\n\n\n\n<ul class=\"wp-block-list\">\n<li>Diego Sim\u00e3o Rzatki &#8211; Cervejaria Cozalinda &#8211; Produzindo Cerveja \u00c1cidas complexas com Frutas<\/li>\n\n\n\n<li>Bia Amorim &#8211; Do Caldeir\u00e3o a Ta\u00e7a &#8211; A Cerveja como Gastronomia<\/li>\n\n\n\n<li>Fl\u00e1vio Falqueiro &#8211; Fermentis by Lesaffre &#8211; Intera\u00e7\u00e3o L\u00fapulos &amp; Leveduras &#8211; Biotransforma\u00e7\u00e3o<\/li>\n\n\n\n<li>Raul Rosa &#8211; Cervejaria Av\u00f3s &#8211; O que sabemos sobre o L\u00fapulo Comet Brasileiro? Uma viagem sobre o que h\u00e1 de Ci\u00eancia quando falamos em Terroir<\/li>\n<\/ul>\n\n\n\n<p class=\"wp-block-paragraph\"><a href=\"https:\/\/www.sympla.com.br\/evento\/congresso-tecnico-19-06-2025-xviii-nacional-das-acervas-2025\/2892940\" target=\"_blank\" rel=\"noreferrer noopener\">Garanta j\u00e1 o seu ingresso \ud83d\udd17<\/a><\/p>\n\n\n\n<p class=\"wp-block-paragraph\">Saiba mais no Instagram da ACervA Paulista <a href=\"https:\/\/www.instagram.com\/acervapaulista\/\" title=\"\">@acervapaulista<\/a>&nbsp;\ud83d\udcac<\/p>\n","protected":false},"excerpt":{"rendered":"<p>A&nbsp;ACervA Paulista&nbsp;e a&nbsp;ACervA Brasil convidam voc\u00ea a participar do Congresso T\u00e9cnico do&nbsp;XVIII Concurso Nacional das ACervAs&nbsp;que ser\u00e1 realizado em S\u00e3o Paulo. Ser\u00e3o dois dias de muito conte\u00fado t\u00e9cnico com os maiores especialistas do Brasil! 19\/06\/2025 Garanta j\u00e1 o seu ingresso \ud83d\udd17 Saiba mais no Instagram da ACervA Paulista @acervapaulista&nbsp;\ud83d\udcac<\/p>\n","protected":false},"author":84,"featured_media":8185,"comment_status":"closed","ping_status":"open","sticky":false,"template":"","format":"standard","meta":{"pmpro_default_level":"","_price":"","_stock":"","_tribe_ticket_header":"","_tribe_default_ticket_provider":"","_tribe_ticket_capacity":"0","_ticket_start_date":"","_ticket_end_date":"","_tribe_ticket_show_description":"","_tribe_ticket_show_not_going":false,"_tribe_ticket_use_global_stock":"","_tribe_ticket_global_stock_level":"","_global_stock_mode":"","_global_stock_cap":"","_tribe_rsvp_for_event":"","_tribe_ticket_going_count":"","_tribe_ticket_not_going_count":"","_tribe_tickets_list":"[]","_tribe_ticket_has_attendee_info_fields":false,"footnotes":""},"categories":[1],"tags":[],"class_list":["post-8187","post","type-post","status-publish","format-standard","has-post-thumbnail","hentry","category-sem-categoria","pmpro-has-access"],"aioseo_notices":[],"aioseo_head":"\n\t\t<!-- All in One SEO 4.9.10 - aioseo.com -->\n\t<meta name=\"description\" content=\"A ACervA Paulista e a ACervA Brasil convidam voc\u00ea a participar do Congresso T\u00e9cnico do XVIII Concurso Nacional das ACervAs que ser\u00e1 realizado em S\u00e3o Paulo.Ser\u00e3o dois dias de muito conte\u00fado t\u00e9cnico com os maiores especialistas do Brasil!19\/06\/2025 Diego Sim\u00e3o Rzatki - Cervejaria Cozalinda - Produzindo Cerveja \u00c1cidas complexas com Frutas Bia Amorim - Do Caldeir\u00e3o a Ta\u00e7a - A\" \/>\n\t<meta name=\"robots\" content=\"max-image-preview:large\" \/>\n\t<meta name=\"author\" content=\"Carlos Santana\"\/>\n\t<link rel=\"canonical\" href=\"https:\/\/acervapaulista.com.br\/wordpress\/congresso-tecnico-19-06-2025-xviii-nacional-das-acervas-2025\/\" \/>\n\t<meta name=\"generator\" content=\"All in One SEO (AIOSEO) 4.9.10\" \/>\n\t\t<meta property=\"og:locale\" content=\"pt_BR\" \/>\n\t\t<meta property=\"og:site_name\" content=\"ACervA Paulista - Associa\u00e7\u00e3o dos Cervejeiros Artesanais Paulistas\" \/>\n\t\t<meta property=\"og:type\" content=\"article\" \/>\n\t\t<meta property=\"og:title\" content=\"CONGRESSO T\u00c9CNICO \u2013 19\/06\/2025 \u2013 XVIII ENCONTRO NACIONAL DAS ACERVAS 2025 - ACervA Paulista\" \/>\n\t\t<meta property=\"og:description\" content=\"A ACervA Paulista e a ACervA Brasil convidam voc\u00ea a participar do Congresso T\u00e9cnico do XVIII Concurso Nacional das ACervAs que ser\u00e1 realizado em S\u00e3o Paulo.Ser\u00e3o dois dias de muito conte\u00fado t\u00e9cnico com os maiores especialistas do Brasil!19\/06\/2025 Diego Sim\u00e3o Rzatki - Cervejaria Cozalinda - Produzindo Cerveja \u00c1cidas complexas com Frutas Bia Amorim - Do Caldeir\u00e3o a Ta\u00e7a - A\" \/>\n\t\t<meta property=\"og:url\" content=\"https:\/\/acervapaulista.com.br\/wordpress\/congresso-tecnico-19-06-2025-xviii-nacional-das-acervas-2025\/\" \/>\n\t\t<meta property=\"article:published_time\" content=\"2025-04-09T12:04:38+00:00\" \/>\n\t\t<meta property=\"article:modified_time\" content=\"2025-04-09T12:21:53+00:00\" \/>\n\t\t<meta name=\"twitter:card\" content=\"summary_large_image\" \/>\n\t\t<meta name=\"twitter:title\" content=\"CONGRESSO T\u00c9CNICO \u2013 19\/06\/2025 \u2013 XVIII ENCONTRO NACIONAL DAS ACERVAS 2025 - ACervA Paulista\" \/>\n\t\t<meta name=\"twitter:description\" content=\"A ACervA Paulista e a ACervA Brasil convidam voc\u00ea a participar do Congresso T\u00e9cnico do XVIII Concurso Nacional das ACervAs que ser\u00e1 realizado em S\u00e3o Paulo.Ser\u00e3o dois dias de muito conte\u00fado t\u00e9cnico com os maiores especialistas do Brasil!19\/06\/2025 Diego Sim\u00e3o Rzatki - Cervejaria Cozalinda - Produzindo Cerveja \u00c1cidas complexas com Frutas Bia Amorim - Do Caldeir\u00e3o a Ta\u00e7a - A\" \/>\n\t\t<script type=\"application\/ld+json\" class=\"aioseo-schema\">\n\t\t\t{\"@context\":\"https:\\\/\\\/schema.org\",\"@graph\":[{\"@type\":\"BlogPosting\",\"@id\":\"https:\\\/\\\/acervapaulista.com.br\\\/wordpress\\\/congresso-tecnico-19-06-2025-xviii-nacional-das-acervas-2025\\\/#blogposting\",\"name\":\"CONGRESSO T\\u00c9CNICO \\u2013 19\\\/06\\\/2025 \\u2013 XVIII ENCONTRO NACIONAL DAS ACERVAS 2025 - ACervA Paulista\",\"headline\":\"CONGRESSO T\\u00c9CNICO &#8211; 19\\\/06\\\/2025 &#8211; XVIII ENCONTRO NACIONAL DAS ACERVAS 2025\",\"author\":{\"@id\":\"https:\\\/\\\/acervapaulista.com.br\\\/wordpress\\\/author\\\/educhp\\\/#author\"},\"publisher\":{\"@id\":\"https:\\\/\\\/acervapaulista.com.br\\\/wordpress\\\/#organization\"},\"image\":{\"@type\":\"ImageObject\",\"url\":\"https:\\\/\\\/acervapaulista.com.br\\\/wordpress\\\/wp-content\\\/uploads\\\/2025\\\/04\\\/Banner-Certo-Sympla-1600-x-838-5.png\",\"width\":1600,\"height\":838},\"datePublished\":\"2025-04-09T09:04:38-03:00\",\"dateModified\":\"2025-04-09T09:21:53-03:00\",\"inLanguage\":\"pt-BR\",\"mainEntityOfPage\":{\"@id\":\"https:\\\/\\\/acervapaulista.com.br\\\/wordpress\\\/congresso-tecnico-19-06-2025-xviii-nacional-das-acervas-2025\\\/#webpage\"},\"isPartOf\":{\"@id\":\"https:\\\/\\\/acervapaulista.com.br\\\/wordpress\\\/congresso-tecnico-19-06-2025-xviii-nacional-das-acervas-2025\\\/#webpage\"},\"articleSection\":\"Sem categoria\"},{\"@type\":\"BreadcrumbList\",\"@id\":\"https:\\\/\\\/acervapaulista.com.br\\\/wordpress\\\/congresso-tecnico-19-06-2025-xviii-nacional-das-acervas-2025\\\/#breadcrumblist\",\"itemListElement\":[{\"@type\":\"ListItem\",\"@id\":\"https:\\\/\\\/acervapaulista.com.br\\\/wordpress#listItem\",\"position\":1,\"name\":\"Home\",\"item\":\"https:\\\/\\\/acervapaulista.com.br\\\/wordpress\",\"nextItem\":{\"@type\":\"ListItem\",\"@id\":\"https:\\\/\\\/acervapaulista.com.br\\\/wordpress\\\/category\\\/sem-categoria\\\/#listItem\",\"name\":\"Sem categoria\"}},{\"@type\":\"ListItem\",\"@id\":\"https:\\\/\\\/acervapaulista.com.br\\\/wordpress\\\/category\\\/sem-categoria\\\/#listItem\",\"position\":2,\"name\":\"Sem categoria\",\"item\":\"https:\\\/\\\/acervapaulista.com.br\\\/wordpress\\\/category\\\/sem-categoria\\\/\",\"nextItem\":{\"@type\":\"ListItem\",\"@id\":\"https:\\\/\\\/acervapaulista.com.br\\\/wordpress\\\/congresso-tecnico-19-06-2025-xviii-nacional-das-acervas-2025\\\/#listItem\",\"name\":\"CONGRESSO T\\u00c9CNICO &#8211; 19\\\/06\\\/2025 &#8211; XVIII ENCONTRO NACIONAL DAS ACERVAS 2025\"},\"previousItem\":{\"@type\":\"ListItem\",\"@id\":\"https:\\\/\\\/acervapaulista.com.br\\\/wordpress#listItem\",\"name\":\"Home\"}},{\"@type\":\"ListItem\",\"@id\":\"https:\\\/\\\/acervapaulista.com.br\\\/wordpress\\\/congresso-tecnico-19-06-2025-xviii-nacional-das-acervas-2025\\\/#listItem\",\"position\":3,\"name\":\"CONGRESSO T\\u00c9CNICO &#8211; 19\\\/06\\\/2025 &#8211; XVIII ENCONTRO NACIONAL DAS ACERVAS 2025\",\"previousItem\":{\"@type\":\"ListItem\",\"@id\":\"https:\\\/\\\/acervapaulista.com.br\\\/wordpress\\\/category\\\/sem-categoria\\\/#listItem\",\"name\":\"Sem categoria\"}}]},{\"@type\":\"Organization\",\"@id\":\"https:\\\/\\\/acervapaulista.com.br\\\/wordpress\\\/#organization\",\"name\":\"ACervA Paulista\",\"description\":\"Associa\\u00e7\\u00e3o dos Cervejeiros Artesanais Paulistas\",\"url\":\"https:\\\/\\\/acervapaulista.com.br\\\/wordpress\\\/\"},{\"@type\":\"Person\",\"@id\":\"https:\\\/\\\/acervapaulista.com.br\\\/wordpress\\\/author\\\/educhp\\\/#author\",\"url\":\"https:\\\/\\\/acervapaulista.com.br\\\/wordpress\\\/author\\\/educhp\\\/\",\"name\":\"Carlos Santana\",\"image\":{\"@type\":\"ImageObject\",\"@id\":\"https:\\\/\\\/acervapaulista.com.br\\\/wordpress\\\/congresso-tecnico-19-06-2025-xviii-nacional-das-acervas-2025\\\/#authorImage\",\"url\":\"https:\\\/\\\/secure.gravatar.com\\\/avatar\\\/9bb9fc5ee33332780165f5a66181a659bda39f9fb30b1defd1d1cb01335ebd65?s=96&d=mm&r=g\",\"width\":96,\"height\":96,\"caption\":\"Carlos Santana\"}},{\"@type\":\"WebPage\",\"@id\":\"https:\\\/\\\/acervapaulista.com.br\\\/wordpress\\\/congresso-tecnico-19-06-2025-xviii-nacional-das-acervas-2025\\\/#webpage\",\"url\":\"https:\\\/\\\/acervapaulista.com.br\\\/wordpress\\\/congresso-tecnico-19-06-2025-xviii-nacional-das-acervas-2025\\\/\",\"name\":\"CONGRESSO T\\u00c9CNICO \\u2013 19\\\/06\\\/2025 \\u2013 XVIII ENCONTRO NACIONAL DAS ACERVAS 2025 - ACervA Paulista\",\"description\":\"A ACervA Paulista e a ACervA Brasil convidam voc\\u00ea a participar do Congresso T\\u00e9cnico do XVIII Concurso Nacional das ACervAs que ser\\u00e1 realizado em S\\u00e3o Paulo.Ser\\u00e3o dois dias de muito conte\\u00fado t\\u00e9cnico com os maiores especialistas do Brasil!19\\\/06\\\/2025 Diego Sim\\u00e3o Rzatki - Cervejaria Cozalinda - Produzindo Cerveja \\u00c1cidas complexas com Frutas Bia Amorim - Do Caldeir\\u00e3o a Ta\\u00e7a - A\",\"inLanguage\":\"pt-BR\",\"isPartOf\":{\"@id\":\"https:\\\/\\\/acervapaulista.com.br\\\/wordpress\\\/#website\"},\"breadcrumb\":{\"@id\":\"https:\\\/\\\/acervapaulista.com.br\\\/wordpress\\\/congresso-tecnico-19-06-2025-xviii-nacional-das-acervas-2025\\\/#breadcrumblist\"},\"author\":{\"@id\":\"https:\\\/\\\/acervapaulista.com.br\\\/wordpress\\\/author\\\/educhp\\\/#author\"},\"creator\":{\"@id\":\"https:\\\/\\\/acervapaulista.com.br\\\/wordpress\\\/author\\\/educhp\\\/#author\"},\"image\":{\"@type\":\"ImageObject\",\"url\":\"https:\\\/\\\/acervapaulista.com.br\\\/wordpress\\\/wp-content\\\/uploads\\\/2025\\\/04\\\/Banner-Certo-Sympla-1600-x-838-5.png\",\"@id\":\"https:\\\/\\\/acervapaulista.com.br\\\/wordpress\\\/congresso-tecnico-19-06-2025-xviii-nacional-das-acervas-2025\\\/#mainImage\",\"width\":1600,\"height\":838},\"primaryImageOfPage\":{\"@id\":\"https:\\\/\\\/acervapaulista.com.br\\\/wordpress\\\/congresso-tecnico-19-06-2025-xviii-nacional-das-acervas-2025\\\/#mainImage\"},\"datePublished\":\"2025-04-09T09:04:38-03:00\",\"dateModified\":\"2025-04-09T09:21:53-03:00\"},{\"@type\":\"WebSite\",\"@id\":\"https:\\\/\\\/acervapaulista.com.br\\\/wordpress\\\/#website\",\"url\":\"https:\\\/\\\/acervapaulista.com.br\\\/wordpress\\\/\",\"name\":\"ACervA Paulista\",\"description\":\"Associa\\u00e7\\u00e3o dos Cervejeiros Artesanais Paulistas\",\"inLanguage\":\"pt-BR\",\"publisher\":{\"@id\":\"https:\\\/\\\/acervapaulista.com.br\\\/wordpress\\\/#organization\"}}]}\n\t\t<\/script>\n\t\t<!-- All in One SEO -->\n\n","aioseo_head_json":{"title":"CONGRESSO T\u00c9CNICO \u2013 19\/06\/2025 \u2013 XVIII ENCONTRO NACIONAL DAS ACERVAS 2025 - ACervA Paulista","description":"A ACervA Paulista e a ACervA Brasil convidam voc\u00ea a participar do Congresso T\u00e9cnico do XVIII Concurso Nacional das ACervAs que ser\u00e1 realizado em S\u00e3o Paulo.Ser\u00e3o dois dias de muito conte\u00fado t\u00e9cnico com os maiores especialistas do Brasil!19\/06\/2025 Diego Sim\u00e3o Rzatki - Cervejaria Cozalinda - Produzindo Cerveja \u00c1cidas complexas com Frutas Bia Amorim - Do Caldeir\u00e3o a Ta\u00e7a - A","canonical_url":"https:\/\/acervapaulista.com.br\/wordpress\/congresso-tecnico-19-06-2025-xviii-nacional-das-acervas-2025\/","robots":"max-image-preview:large","keywords":"","webmasterTools":{"miscellaneous":""},"schema":{"@context":"https:\/\/schema.org","@graph":[{"@type":"BlogPosting","@id":"https:\/\/acervapaulista.com.br\/wordpress\/congresso-tecnico-19-06-2025-xviii-nacional-das-acervas-2025\/#blogposting","name":"CONGRESSO T\u00c9CNICO \u2013 19\/06\/2025 \u2013 XVIII ENCONTRO NACIONAL DAS ACERVAS 2025 - ACervA Paulista","headline":"CONGRESSO T\u00c9CNICO &#8211; 19\/06\/2025 &#8211; XVIII ENCONTRO NACIONAL DAS ACERVAS 2025","author":{"@id":"https:\/\/acervapaulista.com.br\/wordpress\/author\/educhp\/#author"},"publisher":{"@id":"https:\/\/acervapaulista.com.br\/wordpress\/#organization"},"image":{"@type":"ImageObject","url":"https:\/\/acervapaulista.com.br\/wordpress\/wp-content\/uploads\/2025\/04\/Banner-Certo-Sympla-1600-x-838-5.png","width":1600,"height":838},"datePublished":"2025-04-09T09:04:38-03:00","dateModified":"2025-04-09T09:21:53-03:00","inLanguage":"pt-BR","mainEntityOfPage":{"@id":"https:\/\/acervapaulista.com.br\/wordpress\/congresso-tecnico-19-06-2025-xviii-nacional-das-acervas-2025\/#webpage"},"isPartOf":{"@id":"https:\/\/acervapaulista.com.br\/wordpress\/congresso-tecnico-19-06-2025-xviii-nacional-das-acervas-2025\/#webpage"},"articleSection":"Sem categoria"},{"@type":"BreadcrumbList","@id":"https:\/\/acervapaulista.com.br\/wordpress\/congresso-tecnico-19-06-2025-xviii-nacional-das-acervas-2025\/#breadcrumblist","itemListElement":[{"@type":"ListItem","@id":"https:\/\/acervapaulista.com.br\/wordpress#listItem","position":1,"name":"Home","item":"https:\/\/acervapaulista.com.br\/wordpress","nextItem":{"@type":"ListItem","@id":"https:\/\/acervapaulista.com.br\/wordpress\/category\/sem-categoria\/#listItem","name":"Sem categoria"}},{"@type":"ListItem","@id":"https:\/\/acervapaulista.com.br\/wordpress\/category\/sem-categoria\/#listItem","position":2,"name":"Sem categoria","item":"https:\/\/acervapaulista.com.br\/wordpress\/category\/sem-categoria\/","nextItem":{"@type":"ListItem","@id":"https:\/\/acervapaulista.com.br\/wordpress\/congresso-tecnico-19-06-2025-xviii-nacional-das-acervas-2025\/#listItem","name":"CONGRESSO T\u00c9CNICO &#8211; 19\/06\/2025 &#8211; XVIII ENCONTRO NACIONAL DAS ACERVAS 2025"},"previousItem":{"@type":"ListItem","@id":"https:\/\/acervapaulista.com.br\/wordpress#listItem","name":"Home"}},{"@type":"ListItem","@id":"https:\/\/acervapaulista.com.br\/wordpress\/congresso-tecnico-19-06-2025-xviii-nacional-das-acervas-2025\/#listItem","position":3,"name":"CONGRESSO T\u00c9CNICO &#8211; 19\/06\/2025 &#8211; XVIII ENCONTRO NACIONAL DAS ACERVAS 2025","previousItem":{"@type":"ListItem","@id":"https:\/\/acervapaulista.com.br\/wordpress\/category\/sem-categoria\/#listItem","name":"Sem categoria"}}]},{"@type":"Organization","@id":"https:\/\/acervapaulista.com.br\/wordpress\/#organization","name":"ACervA Paulista","description":"Associa\u00e7\u00e3o dos Cervejeiros Artesanais Paulistas","url":"https:\/\/acervapaulista.com.br\/wordpress\/"},{"@type":"Person","@id":"https:\/\/acervapaulista.com.br\/wordpress\/author\/educhp\/#author","url":"https:\/\/acervapaulista.com.br\/wordpress\/author\/educhp\/","name":"Carlos Santana","image":{"@type":"ImageObject","@id":"https:\/\/acervapaulista.com.br\/wordpress\/congresso-tecnico-19-06-2025-xviii-nacional-das-acervas-2025\/#authorImage","url":"https:\/\/secure.gravatar.com\/avatar\/9bb9fc5ee33332780165f5a66181a659bda39f9fb30b1defd1d1cb01335ebd65?s=96&d=mm&r=g","width":96,"height":96,"caption":"Carlos Santana"}},{"@type":"WebPage","@id":"https:\/\/acervapaulista.com.br\/wordpress\/congresso-tecnico-19-06-2025-xviii-nacional-das-acervas-2025\/#webpage","url":"https:\/\/acervapaulista.com.br\/wordpress\/congresso-tecnico-19-06-2025-xviii-nacional-das-acervas-2025\/","name":"CONGRESSO T\u00c9CNICO \u2013 19\/06\/2025 \u2013 XVIII ENCONTRO NACIONAL DAS ACERVAS 2025 - ACervA Paulista","description":"A ACervA Paulista e a ACervA Brasil convidam voc\u00ea a participar do Congresso T\u00e9cnico do XVIII Concurso Nacional das ACervAs que ser\u00e1 realizado em S\u00e3o Paulo.Ser\u00e3o dois dias de muito conte\u00fado t\u00e9cnico com os maiores especialistas do Brasil!19\/06\/2025 Diego Sim\u00e3o Rzatki - Cervejaria Cozalinda - Produzindo Cerveja \u00c1cidas complexas com Frutas Bia Amorim - Do Caldeir\u00e3o a Ta\u00e7a - A","inLanguage":"pt-BR","isPartOf":{"@id":"https:\/\/acervapaulista.com.br\/wordpress\/#website"},"breadcrumb":{"@id":"https:\/\/acervapaulista.com.br\/wordpress\/congresso-tecnico-19-06-2025-xviii-nacional-das-acervas-2025\/#breadcrumblist"},"author":{"@id":"https:\/\/acervapaulista.com.br\/wordpress\/author\/educhp\/#author"},"creator":{"@id":"https:\/\/acervapaulista.com.br\/wordpress\/author\/educhp\/#author"},"image":{"@type":"ImageObject","url":"https:\/\/acervapaulista.com.br\/wordpress\/wp-content\/uploads\/2025\/04\/Banner-Certo-Sympla-1600-x-838-5.png","@id":"https:\/\/acervapaulista.com.br\/wordpress\/congresso-tecnico-19-06-2025-xviii-nacional-das-acervas-2025\/#mainImage","width":1600,"height":838},"primaryImageOfPage":{"@id":"https:\/\/acervapaulista.com.br\/wordpress\/congresso-tecnico-19-06-2025-xviii-nacional-das-acervas-2025\/#mainImage"},"datePublished":"2025-04-09T09:04:38-03:00","dateModified":"2025-04-09T09:21:53-03:00"},{"@type":"WebSite","@id":"https:\/\/acervapaulista.com.br\/wordpress\/#website","url":"https:\/\/acervapaulista.com.br\/wordpress\/","name":"ACervA Paulista","description":"Associa\u00e7\u00e3o dos Cervejeiros Artesanais Paulistas","inLanguage":"pt-BR","publisher":{"@id":"https:\/\/acervapaulista.com.br\/wordpress\/#organization"}}]},"og:locale":"pt_BR","og:site_name":"ACervA Paulista - Associa\u00e7\u00e3o dos Cervejeiros Artesanais Paulistas","og:type":"article","og:title":"CONGRESSO T\u00c9CNICO \u2013 19\/06\/2025 \u2013 XVIII ENCONTRO NACIONAL DAS ACERVAS 2025 - ACervA Paulista","og:description":"A ACervA Paulista e a ACervA Brasil convidam voc\u00ea a participar do Congresso T\u00e9cnico do XVIII Concurso Nacional das ACervAs que ser\u00e1 realizado em S\u00e3o Paulo.Ser\u00e3o dois dias de muito conte\u00fado t\u00e9cnico com os maiores especialistas do Brasil!19\/06\/2025 Diego Sim\u00e3o Rzatki - Cervejaria Cozalinda - Produzindo Cerveja \u00c1cidas complexas com Frutas Bia Amorim - Do Caldeir\u00e3o a Ta\u00e7a - A","og:url":"https:\/\/acervapaulista.com.br\/wordpress\/congresso-tecnico-19-06-2025-xviii-nacional-das-acervas-2025\/","article:published_time":"2025-04-09T12:04:38+00:00","article:modified_time":"2025-04-09T12:21:53+00:00","twitter:card":"summary_large_image","twitter:title":"CONGRESSO T\u00c9CNICO \u2013 19\/06\/2025 \u2013 XVIII ENCONTRO NACIONAL DAS ACERVAS 2025 - ACervA Paulista","twitter:description":"A ACervA Paulista e a ACervA Brasil convidam voc\u00ea a participar do Congresso T\u00e9cnico do XVIII Concurso Nacional das ACervAs que ser\u00e1 realizado em S\u00e3o Paulo.Ser\u00e3o dois dias de muito conte\u00fado t\u00e9cnico com os maiores especialistas do Brasil!19\/06\/2025 Diego Sim\u00e3o Rzatki - Cervejaria Cozalinda - Produzindo Cerveja \u00c1cidas complexas com Frutas Bia Amorim - Do Caldeir\u00e3o a Ta\u00e7a - A"},"aioseo_meta_data":{"post_id":"8187","title":null,"description":null,"keywords":null,"keyphrases":{"focus":{"keyphrase":"","score":0,"analysis":{"keyphraseInTitle":{"score":0,"maxScore":9,"error":1}}},"additional":[]},"primary_term":null,"canonical_url":null,"og_title":null,"og_description":null,"og_object_type":"default","og_image_type":"default","og_image_url":null,"og_image_width":null,"og_image_height":null,"og_image_custom_url":null,"og_image_custom_fields":null,"og_video":"","og_custom_url":null,"og_article_section":null,"og_article_tags":null,"twitter_use_og":false,"twitter_card":"default","twitter_image_type":"default","twitter_image_url":null,"twitter_image_custom_url":null,"twitter_image_custom_fields":null,"twitter_title":null,"twitter_description":null,"schema":{"blockGraphs":[],"customGraphs":[],"default":{"data":{"Article":[],"Course":[],"Dataset":[],"FAQPage":[],"Movie":[],"Person":[],"Product":[],"ProductReview":[],"Car":[],"Recipe":[],"Service":[],"SoftwareApplication":[],"WebPage":[]},"graphName":"BlogPosting","isEnabled":true},"graphs":[]},"schema_type":"default","schema_type_options":null,"pillar_content":false,"robots_default":true,"robots_noindex":false,"robots_noarchive":false,"robots_nosnippet":false,"robots_nofollow":false,"robots_noimageindex":false,"robots_noodp":false,"robots_notranslate":false,"robots_max_snippet":"-1","robots_max_videopreview":"-1","robots_max_imagepreview":"large","priority":null,"frequency":"default","local_seo":null,"breadcrumb_settings":null,"limit_modified_date":false,"ai":null,"created":"2025-04-09 12:04:39","updated":"2025-09-06 13:11:00","seo_analyzer_scan_date":null},"aioseo_breadcrumb":"<div class=\"aioseo-breadcrumbs\"><span class=\"aioseo-breadcrumb\">\n\t\t\t<a href=\"https:\/\/acervapaulista.com.br\/wordpress\" title=\"Home\">Home<\/a>\n\t\t<\/span><span class=\"aioseo-breadcrumb-separator\">&raquo;<\/span><span class=\"aioseo-breadcrumb\">\n\t\t\t<a href=\"https:\/\/acervapaulista.com.br\/wordpress\/category\/sem-categoria\/\" title=\"Sem categoria\">Sem categoria<\/a>\n\t\t<\/span><span class=\"aioseo-breadcrumb-separator\">&raquo;<\/span><span class=\"aioseo-breadcrumb\">\n\t\t\tCONGRESSO T\u00c9CNICO \u2013 19\/06\/2025 \u2013 XVIII ENCONTRO NACIONAL DAS ACERVAS 2025\n\t\t<\/span><\/div>","aioseo_breadcrumb_json":[{"label":"Home","link":"https:\/\/acervapaulista.com.br\/wordpress"},{"label":"Sem categoria","link":"https:\/\/acervapaulista.com.br\/wordpress\/category\/sem-categoria\/"},{"label":"CONGRESSO T\u00c9CNICO &#8211; 19\/06\/2025 &#8211; XVIII ENCONTRO NACIONAL DAS ACERVAS 2025","link":"https:\/\/acervapaulista.com.br\/wordpress\/congresso-tecnico-19-06-2025-xviii-nacional-das-acervas-2025\/"}],"_links":{"self":[{"href":"https:\/\/acervapaulista.com.br\/wordpress\/wp-json\/wp\/v2\/posts\/8187","targetHints":{"allow":["GET"]}}],"collection":[{"href":"https:\/\/acervapaulista.com.br\/wordpress\/wp-json\/wp\/v2\/posts"}],"about":[{"href":"https:\/\/acervapaulista.com.br\/wordpress\/wp-json\/wp\/v2\/types\/post"}],"author":[{"embeddable":true,"href":"https:\/\/acervapaulista.com.br\/wordpress\/wp-json\/wp\/v2\/users\/84"}],"replies":[{"embeddable":true,"href":"https:\/\/acervapaulista.com.br\/wordpress\/wp-json\/wp\/v2\/comments?post=8187"}],"version-history":[{"count":2,"href":"https:\/\/acervapaulista.com.br\/wordpress\/wp-json\/wp\/v2\/posts\/8187\/revisions"}],"predecessor-version":[{"id":8196,"href":"https:\/\/acervapaulista.com.br\/wordpress\/wp-json\/wp\/v2\/posts\/8187\/revisions\/8196"}],"wp:featuredmedia":[{"embeddable":true,"href":"https:\/\/acervapaulista.com.br\/wordpress\/wp-json\/wp\/v2\/media\/8185"}],"wp:attachment":[{"href":"https:\/\/acervapaulista.com.br\/wordpress\/wp-json\/wp\/v2\/media?parent=8187"}],"wp:term":[{"taxonomy":"category","embeddable":true,"href":"https:\/\/acervapaulista.com.br\/wordpress\/wp-json\/wp\/v2\/categories?post=8187"},{"taxonomy":"post_tag","embeddable":true,"href":"https:\/\/acervapaulista.com.br\/wordpress\/wp-json\/wp\/v2\/tags?post=8187"}],"curies":[{"name":"wp","href":"https:\/\/api.w.org\/{rel}","templated":true}]}}