{"id":8152,"date":"2025-03-15T12:55:19","date_gmt":"2025-03-15T15:55:19","guid":{"rendered":"https:\/\/acervapaulista.com.br\/wordpress\/?p=8152"},"modified":"2025-03-15T12:55:21","modified_gmt":"2025-03-15T15:55:21","slug":"programacao-do-nacional-das-acervas","status":"publish","type":"post","link":"https:\/\/acervapaulista.com.br\/wordpress\/programacao-do-nacional-das-acervas\/","title":{"rendered":"Programa\u00e7\u00e3o do Nacional das ACervAs"},"content":{"rendered":"\n<p class=\"wp-block-paragraph\"><strong>Programa\u00e7\u00e3o do Nacional das ACervAs &#8211; S\u00e3o Paulo 2025<\/strong><\/p>\n\n\n\n<p class=\"wp-block-paragraph\">O Concurso Cervejeiro destinado a caseiros \u00e9 um evento fechado, portanto o acesso s\u00f3 \u00e9 permitido a pessoas autorizadas.<\/p>\n\n\n\n<p class=\"wp-block-paragraph\">O Congresso T\u00e9cnico ser\u00e1 realizado no Instituto da Cerveja Brasil e acontece em hor\u00e1rio comercial, a venda de ingressos ser\u00e1 iniciada em breve! Garanta o seu ingresso e n\u00e3o fique de fora \ud83c\udf9f\ufe0f<\/p>\n\n\n\n<p class=\"wp-block-paragraph\">As noites ser\u00e3o de pura divers\u00e3o! Na quinta dia 19\/06 preparamos um happy hour de boas-vindas para reunir a galera e na sexta dia 20\/06 a balada \u00e9 itinerante, um tour pela cidade com DJ, cerveja artesanal e encerrando o roteiro na Tap House mais famosa da cidade\ud83c\udf7b<\/p>\n\n\n\n<p class=\"wp-block-paragraph\">O s\u00e1bado dia 21\/06 ser\u00e1 a grande festa de premia\u00e7\u00e3o! Aproveite toda a manh\u00e3 livre para passear ou recarregar as energias! A festa come\u00e7a \u00e0s 15h! Muita m\u00fasica ao vivo, v\u00e1rias torneiras dispon\u00edveis para voc\u00ea degustar as melhores cervejas artesanais produzidas pelas ACervAs e seus associados de todo Brasil.<\/p>\n\n\n\n<p class=\"wp-block-paragraph\">E no domingo dia 22\/06, aquele churrasco intimista, aproveitando at\u00e9 o \u00faltimo minuto o feriado e momentos inesquec\u00edveis ao lado de uma galera incr\u00edvel!<\/p>\n\n\n\n<p class=\"wp-block-paragraph\">4 dias de pura divers\u00e3o, conhecimento t\u00e9cnico, confraterniza\u00e7\u00e3o, novas amizades e muita cerveja artesanal!<\/p>\n\n\n\n<p class=\"wp-block-paragraph\">Sem contar que voc\u00ea pode voltar para casa com medalhas e pr\u00eamios do concurso \ud83e\udd47\ud83e\udd48\ud83e\udd49<\/p>\n\n\n\n<p class=\"wp-block-paragraph\">Fa\u00e7a sua inscri\u00e7\u00e3o e venha para o Nacional das AcervAs de S\u00e3o Paulo! Esperamos por voc\u00ea \ud83c\udf7b<\/p>\n\n\n\n<p class=\"wp-block-paragraph\">Saiba mais no Instagram da ACervA Paulista <a href=\"https:\/\/www.instagram.com\/acervapaulista\/\" title=\"\">@acervapaulista<\/a>&nbsp;\ud83d\udcac<\/p>\n","protected":false},"excerpt":{"rendered":"<p>Programa\u00e7\u00e3o do Nacional das ACervAs &#8211; S\u00e3o Paulo 2025 O Concurso Cervejeiro destinado a caseiros \u00e9 um evento fechado, portanto o acesso s\u00f3 \u00e9 permitido a pessoas autorizadas. O Congresso T\u00e9cnico ser\u00e1 realizado no Instituto da Cerveja Brasil e acontece em hor\u00e1rio comercial, a venda de ingressos ser\u00e1 iniciada em breve! Garanta o seu ingresso e n\u00e3o fique de fora \ud83c\udf9f\ufe0f As noites ser\u00e3o de pura divers\u00e3o! Na quinta dia 19\/06 preparamos um happy hour de boas-vindas para reunir a galera e na sexta dia 20\/06 a balada \u00e9 itinerante, um tour pela cidade com DJ, cerveja artesanal e encerrando o roteiro na Tap House mais famosa da cidade\ud83c\udf7b O s\u00e1bado dia 21\/06 ser\u00e1 a grande festa de premia\u00e7\u00e3o! Aproveite toda a manh\u00e3 livre para passear ou recarregar as energias! A festa come\u00e7a \u00e0s 15h! Muita m\u00fasica ao vivo, v\u00e1rias torneiras dispon\u00edveis para voc\u00ea degustar as melhores cervejas artesanais produzidas pelas ACervAs e seus associados de todo Brasil. E no domingo dia 22\/06, aquele churrasco intimista, aproveitando at\u00e9 o \u00faltimo minuto o feriado e momentos inesquec\u00edveis ao lado de uma galera incr\u00edvel! 4 dias de pura divers\u00e3o, conhecimento t\u00e9cnico, confraterniza\u00e7\u00e3o, novas amizades e muita cerveja artesanal! Sem contar que voc\u00ea &#8230; <a href=\"https:\/\/acervapaulista.com.br\/wordpress\/programacao-do-nacional-das-acervas\/\" class=\"more-link\">Read More<\/a><\/p>\n","protected":false},"author":84,"featured_media":8153,"comment_status":"closed","ping_status":"open","sticky":false,"template":"","format":"standard","meta":{"pmpro_default_level":"","_price":"","_stock":"","_tribe_ticket_header":"","_tribe_default_ticket_provider":"","_tribe_ticket_capacity":"0","_ticket_start_date":"","_ticket_end_date":"","_tribe_ticket_show_description":"","_tribe_ticket_show_not_going":false,"_tribe_ticket_use_global_stock":"","_tribe_ticket_global_stock_level":"","_global_stock_mode":"","_global_stock_cap":"","_tribe_rsvp_for_event":"","_tribe_ticket_going_count":"","_tribe_ticket_not_going_count":"","_tribe_tickets_list":"[]","_tribe_ticket_has_attendee_info_fields":false,"footnotes":""},"categories":[1],"tags":[],"class_list":["post-8152","post","type-post","status-publish","format-standard","has-post-thumbnail","hentry","category-sem-categoria","pmpro-has-access"],"aioseo_notices":[],"aioseo_head":"\n\t\t<!-- All in One SEO 4.9.10 - aioseo.com -->\n\t<meta name=\"description\" content=\"Programa\u00e7\u00e3o do Nacional das ACervAs - S\u00e3o Paulo 2025 O Concurso Cervejeiro destinado a caseiros \u00e9 um evento fechado, portanto o acesso s\u00f3 \u00e9 permitido a pessoas autorizadas. O Congresso T\u00e9cnico ser\u00e1 realizado no Instituto da Cerveja Brasil e acontece em hor\u00e1rio comercial, a venda de ingressos ser\u00e1 iniciada em breve! Garanta o seu ingresso\" \/>\n\t<meta name=\"robots\" content=\"max-image-preview:large\" \/>\n\t<meta name=\"author\" content=\"Carlos Santana\"\/>\n\t<link rel=\"canonical\" href=\"https:\/\/acervapaulista.com.br\/wordpress\/programacao-do-nacional-das-acervas\/\" \/>\n\t<meta name=\"generator\" content=\"All in One SEO (AIOSEO) 4.9.10\" \/>\n\t\t<meta property=\"og:locale\" content=\"pt_BR\" \/>\n\t\t<meta property=\"og:site_name\" content=\"ACervA Paulista - Associa\u00e7\u00e3o dos Cervejeiros Artesanais Paulistas\" \/>\n\t\t<meta property=\"og:type\" content=\"article\" \/>\n\t\t<meta property=\"og:title\" content=\"Programa\u00e7\u00e3o do Nacional das ACervAs - ACervA Paulista\" \/>\n\t\t<meta property=\"og:description\" content=\"Programa\u00e7\u00e3o do Nacional das ACervAs - S\u00e3o Paulo 2025 O Concurso Cervejeiro destinado a caseiros \u00e9 um evento fechado, portanto o acesso s\u00f3 \u00e9 permitido a pessoas autorizadas. O Congresso T\u00e9cnico ser\u00e1 realizado no Instituto da Cerveja Brasil e acontece em hor\u00e1rio comercial, a venda de ingressos ser\u00e1 iniciada em breve! Garanta o seu ingresso\" \/>\n\t\t<meta property=\"og:url\" content=\"https:\/\/acervapaulista.com.br\/wordpress\/programacao-do-nacional-das-acervas\/\" \/>\n\t\t<meta property=\"article:published_time\" content=\"2025-03-15T15:55:19+00:00\" \/>\n\t\t<meta property=\"article:modified_time\" content=\"2025-03-15T15:55:21+00:00\" \/>\n\t\t<meta name=\"twitter:card\" content=\"summary_large_image\" \/>\n\t\t<meta name=\"twitter:title\" content=\"Programa\u00e7\u00e3o do Nacional das ACervAs - ACervA Paulista\" \/>\n\t\t<meta name=\"twitter:description\" content=\"Programa\u00e7\u00e3o do Nacional das ACervAs - S\u00e3o Paulo 2025 O Concurso Cervejeiro destinado a caseiros \u00e9 um evento fechado, portanto o acesso s\u00f3 \u00e9 permitido a pessoas autorizadas. O Congresso T\u00e9cnico ser\u00e1 realizado no Instituto da Cerveja Brasil e acontece em hor\u00e1rio comercial, a venda de ingressos ser\u00e1 iniciada em breve! Garanta o seu ingresso\" \/>\n\t\t<script type=\"application\/ld+json\" class=\"aioseo-schema\">\n\t\t\t{\"@context\":\"https:\\\/\\\/schema.org\",\"@graph\":[{\"@type\":\"BlogPosting\",\"@id\":\"https:\\\/\\\/acervapaulista.com.br\\\/wordpress\\\/programacao-do-nacional-das-acervas\\\/#blogposting\",\"name\":\"Programa\\u00e7\\u00e3o do Nacional das ACervAs - ACervA Paulista\",\"headline\":\"Programa\\u00e7\\u00e3o do Nacional das ACervAs\",\"author\":{\"@id\":\"https:\\\/\\\/acervapaulista.com.br\\\/wordpress\\\/author\\\/educhp\\\/#author\"},\"publisher\":{\"@id\":\"https:\\\/\\\/acervapaulista.com.br\\\/wordpress\\\/#organization\"},\"image\":{\"@type\":\"ImageObject\",\"url\":\"https:\\\/\\\/acervapaulista.com.br\\\/wordpress\\\/wp-content\\\/uploads\\\/2025\\\/03\\\/Post-Instagram-Nacional-ACervAs-2025-3.png\",\"width\":1080,\"height\":1350},\"datePublished\":\"2025-03-15T12:55:19-03:00\",\"dateModified\":\"2025-03-15T12:55:21-03:00\",\"inLanguage\":\"pt-BR\",\"mainEntityOfPage\":{\"@id\":\"https:\\\/\\\/acervapaulista.com.br\\\/wordpress\\\/programacao-do-nacional-das-acervas\\\/#webpage\"},\"isPartOf\":{\"@id\":\"https:\\\/\\\/acervapaulista.com.br\\\/wordpress\\\/programacao-do-nacional-das-acervas\\\/#webpage\"},\"articleSection\":\"Sem categoria\"},{\"@type\":\"BreadcrumbList\",\"@id\":\"https:\\\/\\\/acervapaulista.com.br\\\/wordpress\\\/programacao-do-nacional-das-acervas\\\/#breadcrumblist\",\"itemListElement\":[{\"@type\":\"ListItem\",\"@id\":\"https:\\\/\\\/acervapaulista.com.br\\\/wordpress#listItem\",\"position\":1,\"name\":\"Home\",\"item\":\"https:\\\/\\\/acervapaulista.com.br\\\/wordpress\",\"nextItem\":{\"@type\":\"ListItem\",\"@id\":\"https:\\\/\\\/acervapaulista.com.br\\\/wordpress\\\/category\\\/sem-categoria\\\/#listItem\",\"name\":\"Sem categoria\"}},{\"@type\":\"ListItem\",\"@id\":\"https:\\\/\\\/acervapaulista.com.br\\\/wordpress\\\/category\\\/sem-categoria\\\/#listItem\",\"position\":2,\"name\":\"Sem categoria\",\"item\":\"https:\\\/\\\/acervapaulista.com.br\\\/wordpress\\\/category\\\/sem-categoria\\\/\",\"nextItem\":{\"@type\":\"ListItem\",\"@id\":\"https:\\\/\\\/acervapaulista.com.br\\\/wordpress\\\/programacao-do-nacional-das-acervas\\\/#listItem\",\"name\":\"Programa\\u00e7\\u00e3o do Nacional das ACervAs\"},\"previousItem\":{\"@type\":\"ListItem\",\"@id\":\"https:\\\/\\\/acervapaulista.com.br\\\/wordpress#listItem\",\"name\":\"Home\"}},{\"@type\":\"ListItem\",\"@id\":\"https:\\\/\\\/acervapaulista.com.br\\\/wordpress\\\/programacao-do-nacional-das-acervas\\\/#listItem\",\"position\":3,\"name\":\"Programa\\u00e7\\u00e3o do Nacional das ACervAs\",\"previousItem\":{\"@type\":\"ListItem\",\"@id\":\"https:\\\/\\\/acervapaulista.com.br\\\/wordpress\\\/category\\\/sem-categoria\\\/#listItem\",\"name\":\"Sem categoria\"}}]},{\"@type\":\"Organization\",\"@id\":\"https:\\\/\\\/acervapaulista.com.br\\\/wordpress\\\/#organization\",\"name\":\"ACervA Paulista\",\"description\":\"Associa\\u00e7\\u00e3o dos Cervejeiros Artesanais Paulistas\",\"url\":\"https:\\\/\\\/acervapaulista.com.br\\\/wordpress\\\/\"},{\"@type\":\"Person\",\"@id\":\"https:\\\/\\\/acervapaulista.com.br\\\/wordpress\\\/author\\\/educhp\\\/#author\",\"url\":\"https:\\\/\\\/acervapaulista.com.br\\\/wordpress\\\/author\\\/educhp\\\/\",\"name\":\"Carlos Santana\",\"image\":{\"@type\":\"ImageObject\",\"@id\":\"https:\\\/\\\/acervapaulista.com.br\\\/wordpress\\\/programacao-do-nacional-das-acervas\\\/#authorImage\",\"url\":\"https:\\\/\\\/secure.gravatar.com\\\/avatar\\\/9bb9fc5ee33332780165f5a66181a659bda39f9fb30b1defd1d1cb01335ebd65?s=96&d=mm&r=g\",\"width\":96,\"height\":96,\"caption\":\"Carlos Santana\"}},{\"@type\":\"WebPage\",\"@id\":\"https:\\\/\\\/acervapaulista.com.br\\\/wordpress\\\/programacao-do-nacional-das-acervas\\\/#webpage\",\"url\":\"https:\\\/\\\/acervapaulista.com.br\\\/wordpress\\\/programacao-do-nacional-das-acervas\\\/\",\"name\":\"Programa\\u00e7\\u00e3o do Nacional das ACervAs - ACervA Paulista\",\"description\":\"Programa\\u00e7\\u00e3o do Nacional das ACervAs - S\\u00e3o Paulo 2025 O Concurso Cervejeiro destinado a caseiros \\u00e9 um evento fechado, portanto o acesso s\\u00f3 \\u00e9 permitido a pessoas autorizadas. O Congresso T\\u00e9cnico ser\\u00e1 realizado no Instituto da Cerveja Brasil e acontece em hor\\u00e1rio comercial, a venda de ingressos ser\\u00e1 iniciada em breve! Garanta o seu ingresso\",\"inLanguage\":\"pt-BR\",\"isPartOf\":{\"@id\":\"https:\\\/\\\/acervapaulista.com.br\\\/wordpress\\\/#website\"},\"breadcrumb\":{\"@id\":\"https:\\\/\\\/acervapaulista.com.br\\\/wordpress\\\/programacao-do-nacional-das-acervas\\\/#breadcrumblist\"},\"author\":{\"@id\":\"https:\\\/\\\/acervapaulista.com.br\\\/wordpress\\\/author\\\/educhp\\\/#author\"},\"creator\":{\"@id\":\"https:\\\/\\\/acervapaulista.com.br\\\/wordpress\\\/author\\\/educhp\\\/#author\"},\"image\":{\"@type\":\"ImageObject\",\"url\":\"https:\\\/\\\/acervapaulista.com.br\\\/wordpress\\\/wp-content\\\/uploads\\\/2025\\\/03\\\/Post-Instagram-Nacional-ACervAs-2025-3.png\",\"@id\":\"https:\\\/\\\/acervapaulista.com.br\\\/wordpress\\\/programacao-do-nacional-das-acervas\\\/#mainImage\",\"width\":1080,\"height\":1350},\"primaryImageOfPage\":{\"@id\":\"https:\\\/\\\/acervapaulista.com.br\\\/wordpress\\\/programacao-do-nacional-das-acervas\\\/#mainImage\"},\"datePublished\":\"2025-03-15T12:55:19-03:00\",\"dateModified\":\"2025-03-15T12:55:21-03:00\"},{\"@type\":\"WebSite\",\"@id\":\"https:\\\/\\\/acervapaulista.com.br\\\/wordpress\\\/#website\",\"url\":\"https:\\\/\\\/acervapaulista.com.br\\\/wordpress\\\/\",\"name\":\"ACervA Paulista\",\"description\":\"Associa\\u00e7\\u00e3o dos Cervejeiros Artesanais Paulistas\",\"inLanguage\":\"pt-BR\",\"publisher\":{\"@id\":\"https:\\\/\\\/acervapaulista.com.br\\\/wordpress\\\/#organization\"}}]}\n\t\t<\/script>\n\t\t<!-- All in One SEO -->\n\n","aioseo_head_json":{"title":"Programa\u00e7\u00e3o do Nacional das ACervAs - ACervA Paulista","description":"Programa\u00e7\u00e3o do Nacional das ACervAs - S\u00e3o Paulo 2025 O Concurso Cervejeiro destinado a caseiros \u00e9 um evento fechado, portanto o acesso s\u00f3 \u00e9 permitido a pessoas autorizadas. O Congresso T\u00e9cnico ser\u00e1 realizado no Instituto da Cerveja Brasil e acontece em hor\u00e1rio comercial, a venda de ingressos ser\u00e1 iniciada em breve! Garanta o seu ingresso","canonical_url":"https:\/\/acervapaulista.com.br\/wordpress\/programacao-do-nacional-das-acervas\/","robots":"max-image-preview:large","keywords":"","webmasterTools":{"miscellaneous":""},"schema":{"@context":"https:\/\/schema.org","@graph":[{"@type":"BlogPosting","@id":"https:\/\/acervapaulista.com.br\/wordpress\/programacao-do-nacional-das-acervas\/#blogposting","name":"Programa\u00e7\u00e3o do Nacional das ACervAs - ACervA Paulista","headline":"Programa\u00e7\u00e3o do Nacional das ACervAs","author":{"@id":"https:\/\/acervapaulista.com.br\/wordpress\/author\/educhp\/#author"},"publisher":{"@id":"https:\/\/acervapaulista.com.br\/wordpress\/#organization"},"image":{"@type":"ImageObject","url":"https:\/\/acervapaulista.com.br\/wordpress\/wp-content\/uploads\/2025\/03\/Post-Instagram-Nacional-ACervAs-2025-3.png","width":1080,"height":1350},"datePublished":"2025-03-15T12:55:19-03:00","dateModified":"2025-03-15T12:55:21-03:00","inLanguage":"pt-BR","mainEntityOfPage":{"@id":"https:\/\/acervapaulista.com.br\/wordpress\/programacao-do-nacional-das-acervas\/#webpage"},"isPartOf":{"@id":"https:\/\/acervapaulista.com.br\/wordpress\/programacao-do-nacional-das-acervas\/#webpage"},"articleSection":"Sem categoria"},{"@type":"BreadcrumbList","@id":"https:\/\/acervapaulista.com.br\/wordpress\/programacao-do-nacional-das-acervas\/#breadcrumblist","itemListElement":[{"@type":"ListItem","@id":"https:\/\/acervapaulista.com.br\/wordpress#listItem","position":1,"name":"Home","item":"https:\/\/acervapaulista.com.br\/wordpress","nextItem":{"@type":"ListItem","@id":"https:\/\/acervapaulista.com.br\/wordpress\/category\/sem-categoria\/#listItem","name":"Sem categoria"}},{"@type":"ListItem","@id":"https:\/\/acervapaulista.com.br\/wordpress\/category\/sem-categoria\/#listItem","position":2,"name":"Sem categoria","item":"https:\/\/acervapaulista.com.br\/wordpress\/category\/sem-categoria\/","nextItem":{"@type":"ListItem","@id":"https:\/\/acervapaulista.com.br\/wordpress\/programacao-do-nacional-das-acervas\/#listItem","name":"Programa\u00e7\u00e3o do Nacional das ACervAs"},"previousItem":{"@type":"ListItem","@id":"https:\/\/acervapaulista.com.br\/wordpress#listItem","name":"Home"}},{"@type":"ListItem","@id":"https:\/\/acervapaulista.com.br\/wordpress\/programacao-do-nacional-das-acervas\/#listItem","position":3,"name":"Programa\u00e7\u00e3o do Nacional das ACervAs","previousItem":{"@type":"ListItem","@id":"https:\/\/acervapaulista.com.br\/wordpress\/category\/sem-categoria\/#listItem","name":"Sem categoria"}}]},{"@type":"Organization","@id":"https:\/\/acervapaulista.com.br\/wordpress\/#organization","name":"ACervA Paulista","description":"Associa\u00e7\u00e3o dos Cervejeiros Artesanais Paulistas","url":"https:\/\/acervapaulista.com.br\/wordpress\/"},{"@type":"Person","@id":"https:\/\/acervapaulista.com.br\/wordpress\/author\/educhp\/#author","url":"https:\/\/acervapaulista.com.br\/wordpress\/author\/educhp\/","name":"Carlos Santana","image":{"@type":"ImageObject","@id":"https:\/\/acervapaulista.com.br\/wordpress\/programacao-do-nacional-das-acervas\/#authorImage","url":"https:\/\/secure.gravatar.com\/avatar\/9bb9fc5ee33332780165f5a66181a659bda39f9fb30b1defd1d1cb01335ebd65?s=96&d=mm&r=g","width":96,"height":96,"caption":"Carlos Santana"}},{"@type":"WebPage","@id":"https:\/\/acervapaulista.com.br\/wordpress\/programacao-do-nacional-das-acervas\/#webpage","url":"https:\/\/acervapaulista.com.br\/wordpress\/programacao-do-nacional-das-acervas\/","name":"Programa\u00e7\u00e3o do Nacional das ACervAs - ACervA Paulista","description":"Programa\u00e7\u00e3o do Nacional das ACervAs - S\u00e3o Paulo 2025 O Concurso Cervejeiro destinado a caseiros \u00e9 um evento fechado, portanto o acesso s\u00f3 \u00e9 permitido a pessoas autorizadas. O Congresso T\u00e9cnico ser\u00e1 realizado no Instituto da Cerveja Brasil e acontece em hor\u00e1rio comercial, a venda de ingressos ser\u00e1 iniciada em breve! Garanta o seu ingresso","inLanguage":"pt-BR","isPartOf":{"@id":"https:\/\/acervapaulista.com.br\/wordpress\/#website"},"breadcrumb":{"@id":"https:\/\/acervapaulista.com.br\/wordpress\/programacao-do-nacional-das-acervas\/#breadcrumblist"},"author":{"@id":"https:\/\/acervapaulista.com.br\/wordpress\/author\/educhp\/#author"},"creator":{"@id":"https:\/\/acervapaulista.com.br\/wordpress\/author\/educhp\/#author"},"image":{"@type":"ImageObject","url":"https:\/\/acervapaulista.com.br\/wordpress\/wp-content\/uploads\/2025\/03\/Post-Instagram-Nacional-ACervAs-2025-3.png","@id":"https:\/\/acervapaulista.com.br\/wordpress\/programacao-do-nacional-das-acervas\/#mainImage","width":1080,"height":1350},"primaryImageOfPage":{"@id":"https:\/\/acervapaulista.com.br\/wordpress\/programacao-do-nacional-das-acervas\/#mainImage"},"datePublished":"2025-03-15T12:55:19-03:00","dateModified":"2025-03-15T12:55:21-03:00"},{"@type":"WebSite","@id":"https:\/\/acervapaulista.com.br\/wordpress\/#website","url":"https:\/\/acervapaulista.com.br\/wordpress\/","name":"ACervA Paulista","description":"Associa\u00e7\u00e3o dos Cervejeiros Artesanais Paulistas","inLanguage":"pt-BR","publisher":{"@id":"https:\/\/acervapaulista.com.br\/wordpress\/#organization"}}]},"og:locale":"pt_BR","og:site_name":"ACervA Paulista - Associa\u00e7\u00e3o dos Cervejeiros Artesanais Paulistas","og:type":"article","og:title":"Programa\u00e7\u00e3o do Nacional das ACervAs - ACervA Paulista","og:description":"Programa\u00e7\u00e3o do Nacional das ACervAs - S\u00e3o Paulo 2025 O Concurso Cervejeiro destinado a caseiros \u00e9 um evento fechado, portanto o acesso s\u00f3 \u00e9 permitido a pessoas autorizadas. O Congresso T\u00e9cnico ser\u00e1 realizado no Instituto da Cerveja Brasil e acontece em hor\u00e1rio comercial, a venda de ingressos ser\u00e1 iniciada em breve! Garanta o seu ingresso","og:url":"https:\/\/acervapaulista.com.br\/wordpress\/programacao-do-nacional-das-acervas\/","article:published_time":"2025-03-15T15:55:19+00:00","article:modified_time":"2025-03-15T15:55:21+00:00","twitter:card":"summary_large_image","twitter:title":"Programa\u00e7\u00e3o do Nacional das ACervAs - ACervA Paulista","twitter:description":"Programa\u00e7\u00e3o do Nacional das ACervAs - S\u00e3o Paulo 2025 O Concurso Cervejeiro destinado a caseiros \u00e9 um evento fechado, portanto o acesso s\u00f3 \u00e9 permitido a pessoas autorizadas. O Congresso T\u00e9cnico ser\u00e1 realizado no Instituto da Cerveja Brasil e acontece em hor\u00e1rio comercial, a venda de ingressos ser\u00e1 iniciada em breve! Garanta o seu ingresso"},"aioseo_meta_data":{"post_id":"8152","title":null,"description":null,"keywords":null,"keyphrases":{"focus":{"keyphrase":"","score":0,"analysis":{"keyphraseInTitle":{"score":0,"maxScore":9,"error":1}}},"additional":[]},"primary_term":null,"canonical_url":null,"og_title":null,"og_description":null,"og_object_type":"default","og_image_type":"default","og_image_url":null,"og_image_width":null,"og_image_height":null,"og_image_custom_url":null,"og_image_custom_fields":null,"og_video":"","og_custom_url":null,"og_article_section":null,"og_article_tags":null,"twitter_use_og":false,"twitter_card":"default","twitter_image_type":"default","twitter_image_url":null,"twitter_image_custom_url":null,"twitter_image_custom_fields":null,"twitter_title":null,"twitter_description":null,"schema":{"blockGraphs":[],"customGraphs":[],"default":{"data":{"Article":[],"Course":[],"Dataset":[],"FAQPage":[],"Movie":[],"Person":[],"Product":[],"ProductReview":[],"Car":[],"Recipe":[],"Service":[],"SoftwareApplication":[],"WebPage":[]},"graphName":"BlogPosting","isEnabled":true},"graphs":[]},"schema_type":"default","schema_type_options":null,"pillar_content":false,"robots_default":true,"robots_noindex":false,"robots_noarchive":false,"robots_nosnippet":false,"robots_nofollow":false,"robots_noimageindex":false,"robots_noodp":false,"robots_notranslate":false,"robots_max_snippet":"-1","robots_max_videopreview":"-1","robots_max_imagepreview":"large","priority":null,"frequency":"default","local_seo":null,"breadcrumb_settings":null,"limit_modified_date":false,"ai":null,"created":"2025-03-15 15:55:21","updated":"2025-09-06 13:09:15","seo_analyzer_scan_date":null},"aioseo_breadcrumb":"<div class=\"aioseo-breadcrumbs\"><span class=\"aioseo-breadcrumb\">\n\t\t\t<a href=\"https:\/\/acervapaulista.com.br\/wordpress\" title=\"Home\">Home<\/a>\n\t\t<\/span><span class=\"aioseo-breadcrumb-separator\">&raquo;<\/span><span class=\"aioseo-breadcrumb\">\n\t\t\t<a href=\"https:\/\/acervapaulista.com.br\/wordpress\/category\/sem-categoria\/\" title=\"Sem categoria\">Sem categoria<\/a>\n\t\t<\/span><span class=\"aioseo-breadcrumb-separator\">&raquo;<\/span><span class=\"aioseo-breadcrumb\">\n\t\t\tPrograma\u00e7\u00e3o do Nacional das ACervAs\n\t\t<\/span><\/div>","aioseo_breadcrumb_json":[{"label":"Home","link":"https:\/\/acervapaulista.com.br\/wordpress"},{"label":"Sem categoria","link":"https:\/\/acervapaulista.com.br\/wordpress\/category\/sem-categoria\/"},{"label":"Programa\u00e7\u00e3o do Nacional das ACervAs","link":"https:\/\/acervapaulista.com.br\/wordpress\/programacao-do-nacional-das-acervas\/"}],"_links":{"self":[{"href":"https:\/\/acervapaulista.com.br\/wordpress\/wp-json\/wp\/v2\/posts\/8152","targetHints":{"allow":["GET"]}}],"collection":[{"href":"https:\/\/acervapaulista.com.br\/wordpress\/wp-json\/wp\/v2\/posts"}],"about":[{"href":"https:\/\/acervapaulista.com.br\/wordpress\/wp-json\/wp\/v2\/types\/post"}],"author":[{"embeddable":true,"href":"https:\/\/acervapaulista.com.br\/wordpress\/wp-json\/wp\/v2\/users\/84"}],"replies":[{"embeddable":true,"href":"https:\/\/acervapaulista.com.br\/wordpress\/wp-json\/wp\/v2\/comments?post=8152"}],"version-history":[{"count":1,"href":"https:\/\/acervapaulista.com.br\/wordpress\/wp-json\/wp\/v2\/posts\/8152\/revisions"}],"predecessor-version":[{"id":8154,"href":"https:\/\/acervapaulista.com.br\/wordpress\/wp-json\/wp\/v2\/posts\/8152\/revisions\/8154"}],"wp:featuredmedia":[{"embeddable":true,"href":"https:\/\/acervapaulista.com.br\/wordpress\/wp-json\/wp\/v2\/media\/8153"}],"wp:attachment":[{"href":"https:\/\/acervapaulista.com.br\/wordpress\/wp-json\/wp\/v2\/media?parent=8152"}],"wp:term":[{"taxonomy":"category","embeddable":true,"href":"https:\/\/acervapaulista.com.br\/wordpress\/wp-json\/wp\/v2\/categories?post=8152"},{"taxonomy":"post_tag","embeddable":true,"href":"https:\/\/acervapaulista.com.br\/wordpress\/wp-json\/wp\/v2\/tags?post=8152"}],"curies":[{"name":"wp","href":"https:\/\/api.w.org\/{rel}","templated":true}]}}