{"id":8149,"date":"2025-03-14T00:55:51","date_gmt":"2025-03-14T03:55:51","guid":{"rendered":"https:\/\/acervapaulista.com.br\/wordpress\/?p=8149"},"modified":"2025-03-14T00:55:52","modified_gmt":"2025-03-14T03:55:52","slug":"congresso-tecnico-e-palestras-do-nacional-das-acervas","status":"publish","type":"post","link":"https:\/\/acervapaulista.com.br\/wordpress\/congresso-tecnico-e-palestras-do-nacional-das-acervas\/","title":{"rendered":"Congresso T\u00e9cnico e palestras do Nacional das ACervAs"},"content":{"rendered":"\n<p class=\"wp-block-paragraph\">Prepare-se para uma imers\u00e3o no universo da cerveja artesanal! <\/p>\n\n\n\n<p class=\"wp-block-paragraph\">O congresso t\u00e9cnico do Nacional das ACervAs est\u00e1 chegando e este ano, o palco do maior encontro de cervejeiros caseiros do Brasil ser\u00e1 no <strong>Instituto da Cerveja Brasil<\/strong>, a maior e mais tradicional escola de cerveja da Am\u00e9rica Latina.<\/p>\n\n\n\n<p class=\"wp-block-paragraph\">O congresso acontece nos dias 19 e 20 de junho. <\/p>\n\n\n\n<p class=\"wp-block-paragraph\">As informa\u00e7\u00f5es sobre os palestrantes, temas e inscri\u00e7\u00f5es, estar\u00e3o dispon\u00edveis em breve!<\/p>\n\n\n\n<p class=\"wp-block-paragraph\"><strong>Por que participar?<\/strong><\/p>\n\n\n\n<ul class=\"wp-block-list\">\n<li>Aprenda com os melhores: Amplie seus conhecimentos com palestras ministrados por especialistas renomados<\/li>\n<\/ul>\n\n\n\n<ul class=\"wp-block-list\">\n<li>Conecte-se com a comunidade: Troque experi\u00eancias, fa\u00e7a networking e fortale\u00e7a sua paix\u00e3o pela cerveja artesanal<\/li>\n<\/ul>\n\n\n\n<ul class=\"wp-block-list\">\n<li>Descubra as \u00faltimas tend\u00eancias: Fique por dentro das novidades do mercado e das t\u00e9cnicas mais inovadoras<\/li>\n<\/ul>\n\n\n\n<ul class=\"wp-block-list\">\n<li>Celebre a cultura cervejeira: Participe de um evento que celebra a paix\u00e3o e a criatividade dos cervejeiros caseiros<\/li>\n<\/ul>\n\n\n\n<ul class=\"wp-block-list\">\n<li>Conhe\u00e7a as instala\u00e7\u00f5es do Instituto da Cerveja Brasil<\/li>\n<\/ul>\n\n\n\n<p class=\"wp-block-paragraph\">Junte-se a n\u00f3s no Nacional das ACervAs 2025 e fa\u00e7a parte da hist\u00f3ria da cerveja artesanal brasileira!<\/p>\n\n\n\n<p class=\"wp-block-paragraph\"><strong>Instituto da Cerveja Brasil &#8211; ICB<\/strong><\/p>\n\n\n\n<p class=\"wp-block-paragraph\">Av. dos Carin\u00e1s, 417 &#8211; Moema, S\u00e3o Paulo &#8211; SP, 04086-010 <\/p>\n\n\n\n<p class=\"wp-block-paragraph\">Saiba mais no Instagram da ACervA Paulista <a href=\"https:\/\/www.instagram.com\/acervapaulista\/\" title=\"\">@acervapaulista<\/a>&nbsp;\ud83d\udcac<\/p>\n","protected":false},"excerpt":{"rendered":"<p>Prepare-se para uma imers\u00e3o no universo da cerveja artesanal! O congresso t\u00e9cnico do Nacional das ACervAs est\u00e1 chegando e este ano, o palco do maior encontro de cervejeiros caseiros do Brasil ser\u00e1 no Instituto da Cerveja Brasil, a maior e mais tradicional escola de cerveja da Am\u00e9rica Latina. O congresso acontece nos dias 19 e 20 de junho. As informa\u00e7\u00f5es sobre os palestrantes, temas e inscri\u00e7\u00f5es, estar\u00e3o dispon\u00edveis em breve! Por que participar? Junte-se a n\u00f3s no Nacional das ACervAs 2025 e fa\u00e7a parte da hist\u00f3ria da cerveja artesanal brasileira! Instituto da Cerveja Brasil &#8211; ICB Av. dos Carin\u00e1s, 417 &#8211; Moema, S\u00e3o Paulo &#8211; SP, 04086-010 Saiba mais no Instagram da ACervA Paulista @acervapaulista&nbsp;\ud83d\udcac<\/p>\n","protected":false},"author":84,"featured_media":8150,"comment_status":"closed","ping_status":"open","sticky":false,"template":"","format":"standard","meta":{"pmpro_default_level":"","_price":"","_stock":"","_tribe_ticket_header":"","_tribe_default_ticket_provider":"","_tribe_ticket_capacity":"0","_ticket_start_date":"","_ticket_end_date":"","_tribe_ticket_show_description":"","_tribe_ticket_show_not_going":false,"_tribe_ticket_use_global_stock":"","_tribe_ticket_global_stock_level":"","_global_stock_mode":"","_global_stock_cap":"","_tribe_rsvp_for_event":"","_tribe_ticket_going_count":"","_tribe_ticket_not_going_count":"","_tribe_tickets_list":"[]","_tribe_ticket_has_attendee_info_fields":false,"footnotes":""},"categories":[1],"tags":[],"class_list":["post-8149","post","type-post","status-publish","format-standard","has-post-thumbnail","hentry","category-sem-categoria","pmpro-has-access"],"aioseo_notices":[],"aioseo_head":"\n\t\t<!-- All in One SEO 4.9.10 - aioseo.com -->\n\t<meta name=\"description\" content=\"Prepare-se para uma imers\u00e3o no universo da cerveja artesanal! O congresso t\u00e9cnico do Nacional das ACervAs est\u00e1 chegando e este ano, o palco do maior encontro de cervejeiros caseiros do Brasil ser\u00e1 no Instituto da Cerveja Brasil, a maior e mais tradicional escola de cerveja da Am\u00e9rica Latina. O congresso acontece nos dias 19 e\" \/>\n\t<meta name=\"robots\" content=\"max-image-preview:large\" \/>\n\t<meta name=\"author\" content=\"Carlos Santana\"\/>\n\t<link rel=\"canonical\" href=\"https:\/\/acervapaulista.com.br\/wordpress\/congresso-tecnico-e-palestras-do-nacional-das-acervas\/\" \/>\n\t<meta name=\"generator\" content=\"All in One SEO (AIOSEO) 4.9.10\" \/>\n\t\t<meta property=\"og:locale\" content=\"pt_BR\" \/>\n\t\t<meta property=\"og:site_name\" content=\"ACervA Paulista - Associa\u00e7\u00e3o dos Cervejeiros Artesanais Paulistas\" \/>\n\t\t<meta property=\"og:type\" content=\"article\" \/>\n\t\t<meta property=\"og:title\" content=\"Congresso T\u00e9cnico e palestras do Nacional das ACervAs - ACervA Paulista\" \/>\n\t\t<meta property=\"og:description\" content=\"Prepare-se para uma imers\u00e3o no universo da cerveja artesanal! O congresso t\u00e9cnico do Nacional das ACervAs est\u00e1 chegando e este ano, o palco do maior encontro de cervejeiros caseiros do Brasil ser\u00e1 no Instituto da Cerveja Brasil, a maior e mais tradicional escola de cerveja da Am\u00e9rica Latina. O congresso acontece nos dias 19 e\" \/>\n\t\t<meta property=\"og:url\" content=\"https:\/\/acervapaulista.com.br\/wordpress\/congresso-tecnico-e-palestras-do-nacional-das-acervas\/\" \/>\n\t\t<meta property=\"article:published_time\" content=\"2025-03-14T03:55:51+00:00\" \/>\n\t\t<meta property=\"article:modified_time\" content=\"2025-03-14T03:55:52+00:00\" \/>\n\t\t<meta name=\"twitter:card\" content=\"summary_large_image\" \/>\n\t\t<meta name=\"twitter:title\" content=\"Congresso T\u00e9cnico e palestras do Nacional das ACervAs - ACervA Paulista\" \/>\n\t\t<meta name=\"twitter:description\" content=\"Prepare-se para uma imers\u00e3o no universo da cerveja artesanal! O congresso t\u00e9cnico do Nacional das ACervAs est\u00e1 chegando e este ano, o palco do maior encontro de cervejeiros caseiros do Brasil ser\u00e1 no Instituto da Cerveja Brasil, a maior e mais tradicional escola de cerveja da Am\u00e9rica Latina. O congresso acontece nos dias 19 e\" \/>\n\t\t<script type=\"application\/ld+json\" class=\"aioseo-schema\">\n\t\t\t{\"@context\":\"https:\\\/\\\/schema.org\",\"@graph\":[{\"@type\":\"BlogPosting\",\"@id\":\"https:\\\/\\\/acervapaulista.com.br\\\/wordpress\\\/congresso-tecnico-e-palestras-do-nacional-das-acervas\\\/#blogposting\",\"name\":\"Congresso T\\u00e9cnico e palestras do Nacional das ACervAs - ACervA Paulista\",\"headline\":\"Congresso T\\u00e9cnico e palestras do Nacional das ACervAs\",\"author\":{\"@id\":\"https:\\\/\\\/acervapaulista.com.br\\\/wordpress\\\/author\\\/educhp\\\/#author\"},\"publisher\":{\"@id\":\"https:\\\/\\\/acervapaulista.com.br\\\/wordpress\\\/#organization\"},\"image\":{\"@type\":\"ImageObject\",\"url\":\"https:\\\/\\\/acervapaulista.com.br\\\/wordpress\\\/wp-content\\\/uploads\\\/2025\\\/03\\\/IMG-20250313-WA0071.jpg\",\"width\":640,\"height\":800},\"datePublished\":\"2025-03-14T00:55:51-03:00\",\"dateModified\":\"2025-03-14T00:55:52-03:00\",\"inLanguage\":\"pt-BR\",\"mainEntityOfPage\":{\"@id\":\"https:\\\/\\\/acervapaulista.com.br\\\/wordpress\\\/congresso-tecnico-e-palestras-do-nacional-das-acervas\\\/#webpage\"},\"isPartOf\":{\"@id\":\"https:\\\/\\\/acervapaulista.com.br\\\/wordpress\\\/congresso-tecnico-e-palestras-do-nacional-das-acervas\\\/#webpage\"},\"articleSection\":\"Sem categoria\"},{\"@type\":\"BreadcrumbList\",\"@id\":\"https:\\\/\\\/acervapaulista.com.br\\\/wordpress\\\/congresso-tecnico-e-palestras-do-nacional-das-acervas\\\/#breadcrumblist\",\"itemListElement\":[{\"@type\":\"ListItem\",\"@id\":\"https:\\\/\\\/acervapaulista.com.br\\\/wordpress#listItem\",\"position\":1,\"name\":\"Home\",\"item\":\"https:\\\/\\\/acervapaulista.com.br\\\/wordpress\",\"nextItem\":{\"@type\":\"ListItem\",\"@id\":\"https:\\\/\\\/acervapaulista.com.br\\\/wordpress\\\/category\\\/sem-categoria\\\/#listItem\",\"name\":\"Sem categoria\"}},{\"@type\":\"ListItem\",\"@id\":\"https:\\\/\\\/acervapaulista.com.br\\\/wordpress\\\/category\\\/sem-categoria\\\/#listItem\",\"position\":2,\"name\":\"Sem categoria\",\"item\":\"https:\\\/\\\/acervapaulista.com.br\\\/wordpress\\\/category\\\/sem-categoria\\\/\",\"nextItem\":{\"@type\":\"ListItem\",\"@id\":\"https:\\\/\\\/acervapaulista.com.br\\\/wordpress\\\/congresso-tecnico-e-palestras-do-nacional-das-acervas\\\/#listItem\",\"name\":\"Congresso T\\u00e9cnico e palestras do Nacional das ACervAs\"},\"previousItem\":{\"@type\":\"ListItem\",\"@id\":\"https:\\\/\\\/acervapaulista.com.br\\\/wordpress#listItem\",\"name\":\"Home\"}},{\"@type\":\"ListItem\",\"@id\":\"https:\\\/\\\/acervapaulista.com.br\\\/wordpress\\\/congresso-tecnico-e-palestras-do-nacional-das-acervas\\\/#listItem\",\"position\":3,\"name\":\"Congresso T\\u00e9cnico e palestras do Nacional das ACervAs\",\"previousItem\":{\"@type\":\"ListItem\",\"@id\":\"https:\\\/\\\/acervapaulista.com.br\\\/wordpress\\\/category\\\/sem-categoria\\\/#listItem\",\"name\":\"Sem categoria\"}}]},{\"@type\":\"Organization\",\"@id\":\"https:\\\/\\\/acervapaulista.com.br\\\/wordpress\\\/#organization\",\"name\":\"ACervA Paulista\",\"description\":\"Associa\\u00e7\\u00e3o dos Cervejeiros Artesanais Paulistas\",\"url\":\"https:\\\/\\\/acervapaulista.com.br\\\/wordpress\\\/\"},{\"@type\":\"Person\",\"@id\":\"https:\\\/\\\/acervapaulista.com.br\\\/wordpress\\\/author\\\/educhp\\\/#author\",\"url\":\"https:\\\/\\\/acervapaulista.com.br\\\/wordpress\\\/author\\\/educhp\\\/\",\"name\":\"Carlos Santana\",\"image\":{\"@type\":\"ImageObject\",\"@id\":\"https:\\\/\\\/acervapaulista.com.br\\\/wordpress\\\/congresso-tecnico-e-palestras-do-nacional-das-acervas\\\/#authorImage\",\"url\":\"https:\\\/\\\/secure.gravatar.com\\\/avatar\\\/9bb9fc5ee33332780165f5a66181a659bda39f9fb30b1defd1d1cb01335ebd65?s=96&d=mm&r=g\",\"width\":96,\"height\":96,\"caption\":\"Carlos Santana\"}},{\"@type\":\"WebPage\",\"@id\":\"https:\\\/\\\/acervapaulista.com.br\\\/wordpress\\\/congresso-tecnico-e-palestras-do-nacional-das-acervas\\\/#webpage\",\"url\":\"https:\\\/\\\/acervapaulista.com.br\\\/wordpress\\\/congresso-tecnico-e-palestras-do-nacional-das-acervas\\\/\",\"name\":\"Congresso T\\u00e9cnico e palestras do Nacional das ACervAs - ACervA Paulista\",\"description\":\"Prepare-se para uma imers\\u00e3o no universo da cerveja artesanal! O congresso t\\u00e9cnico do Nacional das ACervAs est\\u00e1 chegando e este ano, o palco do maior encontro de cervejeiros caseiros do Brasil ser\\u00e1 no Instituto da Cerveja Brasil, a maior e mais tradicional escola de cerveja da Am\\u00e9rica Latina. O congresso acontece nos dias 19 e\",\"inLanguage\":\"pt-BR\",\"isPartOf\":{\"@id\":\"https:\\\/\\\/acervapaulista.com.br\\\/wordpress\\\/#website\"},\"breadcrumb\":{\"@id\":\"https:\\\/\\\/acervapaulista.com.br\\\/wordpress\\\/congresso-tecnico-e-palestras-do-nacional-das-acervas\\\/#breadcrumblist\"},\"author\":{\"@id\":\"https:\\\/\\\/acervapaulista.com.br\\\/wordpress\\\/author\\\/educhp\\\/#author\"},\"creator\":{\"@id\":\"https:\\\/\\\/acervapaulista.com.br\\\/wordpress\\\/author\\\/educhp\\\/#author\"},\"image\":{\"@type\":\"ImageObject\",\"url\":\"https:\\\/\\\/acervapaulista.com.br\\\/wordpress\\\/wp-content\\\/uploads\\\/2025\\\/03\\\/IMG-20250313-WA0071.jpg\",\"@id\":\"https:\\\/\\\/acervapaulista.com.br\\\/wordpress\\\/congresso-tecnico-e-palestras-do-nacional-das-acervas\\\/#mainImage\",\"width\":640,\"height\":800},\"primaryImageOfPage\":{\"@id\":\"https:\\\/\\\/acervapaulista.com.br\\\/wordpress\\\/congresso-tecnico-e-palestras-do-nacional-das-acervas\\\/#mainImage\"},\"datePublished\":\"2025-03-14T00:55:51-03:00\",\"dateModified\":\"2025-03-14T00:55:52-03:00\"},{\"@type\":\"WebSite\",\"@id\":\"https:\\\/\\\/acervapaulista.com.br\\\/wordpress\\\/#website\",\"url\":\"https:\\\/\\\/acervapaulista.com.br\\\/wordpress\\\/\",\"name\":\"ACervA Paulista\",\"description\":\"Associa\\u00e7\\u00e3o dos Cervejeiros Artesanais Paulistas\",\"inLanguage\":\"pt-BR\",\"publisher\":{\"@id\":\"https:\\\/\\\/acervapaulista.com.br\\\/wordpress\\\/#organization\"}}]}\n\t\t<\/script>\n\t\t<!-- All in One SEO -->\n\n","aioseo_head_json":{"title":"Congresso T\u00e9cnico e palestras do Nacional das ACervAs - ACervA Paulista","description":"Prepare-se para uma imers\u00e3o no universo da cerveja artesanal! O congresso t\u00e9cnico do Nacional das ACervAs est\u00e1 chegando e este ano, o palco do maior encontro de cervejeiros caseiros do Brasil ser\u00e1 no Instituto da Cerveja Brasil, a maior e mais tradicional escola de cerveja da Am\u00e9rica Latina. O congresso acontece nos dias 19 e","canonical_url":"https:\/\/acervapaulista.com.br\/wordpress\/congresso-tecnico-e-palestras-do-nacional-das-acervas\/","robots":"max-image-preview:large","keywords":"","webmasterTools":{"miscellaneous":""},"schema":{"@context":"https:\/\/schema.org","@graph":[{"@type":"BlogPosting","@id":"https:\/\/acervapaulista.com.br\/wordpress\/congresso-tecnico-e-palestras-do-nacional-das-acervas\/#blogposting","name":"Congresso T\u00e9cnico e palestras do Nacional das ACervAs - ACervA Paulista","headline":"Congresso T\u00e9cnico e palestras do Nacional das ACervAs","author":{"@id":"https:\/\/acervapaulista.com.br\/wordpress\/author\/educhp\/#author"},"publisher":{"@id":"https:\/\/acervapaulista.com.br\/wordpress\/#organization"},"image":{"@type":"ImageObject","url":"https:\/\/acervapaulista.com.br\/wordpress\/wp-content\/uploads\/2025\/03\/IMG-20250313-WA0071.jpg","width":640,"height":800},"datePublished":"2025-03-14T00:55:51-03:00","dateModified":"2025-03-14T00:55:52-03:00","inLanguage":"pt-BR","mainEntityOfPage":{"@id":"https:\/\/acervapaulista.com.br\/wordpress\/congresso-tecnico-e-palestras-do-nacional-das-acervas\/#webpage"},"isPartOf":{"@id":"https:\/\/acervapaulista.com.br\/wordpress\/congresso-tecnico-e-palestras-do-nacional-das-acervas\/#webpage"},"articleSection":"Sem categoria"},{"@type":"BreadcrumbList","@id":"https:\/\/acervapaulista.com.br\/wordpress\/congresso-tecnico-e-palestras-do-nacional-das-acervas\/#breadcrumblist","itemListElement":[{"@type":"ListItem","@id":"https:\/\/acervapaulista.com.br\/wordpress#listItem","position":1,"name":"Home","item":"https:\/\/acervapaulista.com.br\/wordpress","nextItem":{"@type":"ListItem","@id":"https:\/\/acervapaulista.com.br\/wordpress\/category\/sem-categoria\/#listItem","name":"Sem categoria"}},{"@type":"ListItem","@id":"https:\/\/acervapaulista.com.br\/wordpress\/category\/sem-categoria\/#listItem","position":2,"name":"Sem categoria","item":"https:\/\/acervapaulista.com.br\/wordpress\/category\/sem-categoria\/","nextItem":{"@type":"ListItem","@id":"https:\/\/acervapaulista.com.br\/wordpress\/congresso-tecnico-e-palestras-do-nacional-das-acervas\/#listItem","name":"Congresso T\u00e9cnico e palestras do Nacional das ACervAs"},"previousItem":{"@type":"ListItem","@id":"https:\/\/acervapaulista.com.br\/wordpress#listItem","name":"Home"}},{"@type":"ListItem","@id":"https:\/\/acervapaulista.com.br\/wordpress\/congresso-tecnico-e-palestras-do-nacional-das-acervas\/#listItem","position":3,"name":"Congresso T\u00e9cnico e palestras do Nacional das ACervAs","previousItem":{"@type":"ListItem","@id":"https:\/\/acervapaulista.com.br\/wordpress\/category\/sem-categoria\/#listItem","name":"Sem categoria"}}]},{"@type":"Organization","@id":"https:\/\/acervapaulista.com.br\/wordpress\/#organization","name":"ACervA Paulista","description":"Associa\u00e7\u00e3o dos Cervejeiros Artesanais Paulistas","url":"https:\/\/acervapaulista.com.br\/wordpress\/"},{"@type":"Person","@id":"https:\/\/acervapaulista.com.br\/wordpress\/author\/educhp\/#author","url":"https:\/\/acervapaulista.com.br\/wordpress\/author\/educhp\/","name":"Carlos Santana","image":{"@type":"ImageObject","@id":"https:\/\/acervapaulista.com.br\/wordpress\/congresso-tecnico-e-palestras-do-nacional-das-acervas\/#authorImage","url":"https:\/\/secure.gravatar.com\/avatar\/9bb9fc5ee33332780165f5a66181a659bda39f9fb30b1defd1d1cb01335ebd65?s=96&d=mm&r=g","width":96,"height":96,"caption":"Carlos Santana"}},{"@type":"WebPage","@id":"https:\/\/acervapaulista.com.br\/wordpress\/congresso-tecnico-e-palestras-do-nacional-das-acervas\/#webpage","url":"https:\/\/acervapaulista.com.br\/wordpress\/congresso-tecnico-e-palestras-do-nacional-das-acervas\/","name":"Congresso T\u00e9cnico e palestras do Nacional das ACervAs - ACervA Paulista","description":"Prepare-se para uma imers\u00e3o no universo da cerveja artesanal! O congresso t\u00e9cnico do Nacional das ACervAs est\u00e1 chegando e este ano, o palco do maior encontro de cervejeiros caseiros do Brasil ser\u00e1 no Instituto da Cerveja Brasil, a maior e mais tradicional escola de cerveja da Am\u00e9rica Latina. O congresso acontece nos dias 19 e","inLanguage":"pt-BR","isPartOf":{"@id":"https:\/\/acervapaulista.com.br\/wordpress\/#website"},"breadcrumb":{"@id":"https:\/\/acervapaulista.com.br\/wordpress\/congresso-tecnico-e-palestras-do-nacional-das-acervas\/#breadcrumblist"},"author":{"@id":"https:\/\/acervapaulista.com.br\/wordpress\/author\/educhp\/#author"},"creator":{"@id":"https:\/\/acervapaulista.com.br\/wordpress\/author\/educhp\/#author"},"image":{"@type":"ImageObject","url":"https:\/\/acervapaulista.com.br\/wordpress\/wp-content\/uploads\/2025\/03\/IMG-20250313-WA0071.jpg","@id":"https:\/\/acervapaulista.com.br\/wordpress\/congresso-tecnico-e-palestras-do-nacional-das-acervas\/#mainImage","width":640,"height":800},"primaryImageOfPage":{"@id":"https:\/\/acervapaulista.com.br\/wordpress\/congresso-tecnico-e-palestras-do-nacional-das-acervas\/#mainImage"},"datePublished":"2025-03-14T00:55:51-03:00","dateModified":"2025-03-14T00:55:52-03:00"},{"@type":"WebSite","@id":"https:\/\/acervapaulista.com.br\/wordpress\/#website","url":"https:\/\/acervapaulista.com.br\/wordpress\/","name":"ACervA Paulista","description":"Associa\u00e7\u00e3o dos Cervejeiros Artesanais Paulistas","inLanguage":"pt-BR","publisher":{"@id":"https:\/\/acervapaulista.com.br\/wordpress\/#organization"}}]},"og:locale":"pt_BR","og:site_name":"ACervA Paulista - Associa\u00e7\u00e3o dos Cervejeiros Artesanais Paulistas","og:type":"article","og:title":"Congresso T\u00e9cnico e palestras do Nacional das ACervAs - ACervA Paulista","og:description":"Prepare-se para uma imers\u00e3o no universo da cerveja artesanal! O congresso t\u00e9cnico do Nacional das ACervAs est\u00e1 chegando e este ano, o palco do maior encontro de cervejeiros caseiros do Brasil ser\u00e1 no Instituto da Cerveja Brasil, a maior e mais tradicional escola de cerveja da Am\u00e9rica Latina. O congresso acontece nos dias 19 e","og:url":"https:\/\/acervapaulista.com.br\/wordpress\/congresso-tecnico-e-palestras-do-nacional-das-acervas\/","article:published_time":"2025-03-14T03:55:51+00:00","article:modified_time":"2025-03-14T03:55:52+00:00","twitter:card":"summary_large_image","twitter:title":"Congresso T\u00e9cnico e palestras do Nacional das ACervAs - ACervA Paulista","twitter:description":"Prepare-se para uma imers\u00e3o no universo da cerveja artesanal! O congresso t\u00e9cnico do Nacional das ACervAs est\u00e1 chegando e este ano, o palco do maior encontro de cervejeiros caseiros do Brasil ser\u00e1 no Instituto da Cerveja Brasil, a maior e mais tradicional escola de cerveja da Am\u00e9rica Latina. O congresso acontece nos dias 19 e"},"aioseo_meta_data":{"post_id":"8149","title":null,"description":null,"keywords":null,"keyphrases":{"focus":{"keyphrase":"","score":0,"analysis":{"keyphraseInTitle":{"score":0,"maxScore":9,"error":1}}},"additional":[]},"primary_term":null,"canonical_url":null,"og_title":null,"og_description":null,"og_object_type":"default","og_image_type":"default","og_image_url":null,"og_image_width":null,"og_image_height":null,"og_image_custom_url":null,"og_image_custom_fields":null,"og_video":"","og_custom_url":null,"og_article_section":null,"og_article_tags":null,"twitter_use_og":false,"twitter_card":"default","twitter_image_type":"default","twitter_image_url":null,"twitter_image_custom_url":null,"twitter_image_custom_fields":null,"twitter_title":null,"twitter_description":null,"schema":{"blockGraphs":[],"customGraphs":[],"default":{"data":{"Article":[],"Course":[],"Dataset":[],"FAQPage":[],"Movie":[],"Person":[],"Product":[],"ProductReview":[],"Car":[],"Recipe":[],"Service":[],"SoftwareApplication":[],"WebPage":[]},"graphName":"BlogPosting","isEnabled":true},"graphs":[]},"schema_type":"default","schema_type_options":null,"pillar_content":false,"robots_default":true,"robots_noindex":false,"robots_noarchive":false,"robots_nosnippet":false,"robots_nofollow":false,"robots_noimageindex":false,"robots_noodp":false,"robots_notranslate":false,"robots_max_snippet":"-1","robots_max_videopreview":"-1","robots_max_imagepreview":"large","priority":null,"frequency":"default","local_seo":null,"breadcrumb_settings":null,"limit_modified_date":false,"ai":null,"created":"2025-03-14 03:55:52","updated":"2025-09-06 13:09:15","seo_analyzer_scan_date":null},"aioseo_breadcrumb":"<div class=\"aioseo-breadcrumbs\"><span class=\"aioseo-breadcrumb\">\n\t\t\t<a href=\"https:\/\/acervapaulista.com.br\/wordpress\" title=\"Home\">Home<\/a>\n\t\t<\/span><span class=\"aioseo-breadcrumb-separator\">&raquo;<\/span><span class=\"aioseo-breadcrumb\">\n\t\t\t<a href=\"https:\/\/acervapaulista.com.br\/wordpress\/category\/sem-categoria\/\" title=\"Sem categoria\">Sem categoria<\/a>\n\t\t<\/span><span class=\"aioseo-breadcrumb-separator\">&raquo;<\/span><span class=\"aioseo-breadcrumb\">\n\t\t\tCongresso T\u00e9cnico e palestras do Nacional das ACervAs\n\t\t<\/span><\/div>","aioseo_breadcrumb_json":[{"label":"Home","link":"https:\/\/acervapaulista.com.br\/wordpress"},{"label":"Sem categoria","link":"https:\/\/acervapaulista.com.br\/wordpress\/category\/sem-categoria\/"},{"label":"Congresso T\u00e9cnico e palestras do Nacional das ACervAs","link":"https:\/\/acervapaulista.com.br\/wordpress\/congresso-tecnico-e-palestras-do-nacional-das-acervas\/"}],"_links":{"self":[{"href":"https:\/\/acervapaulista.com.br\/wordpress\/wp-json\/wp\/v2\/posts\/8149","targetHints":{"allow":["GET"]}}],"collection":[{"href":"https:\/\/acervapaulista.com.br\/wordpress\/wp-json\/wp\/v2\/posts"}],"about":[{"href":"https:\/\/acervapaulista.com.br\/wordpress\/wp-json\/wp\/v2\/types\/post"}],"author":[{"embeddable":true,"href":"https:\/\/acervapaulista.com.br\/wordpress\/wp-json\/wp\/v2\/users\/84"}],"replies":[{"embeddable":true,"href":"https:\/\/acervapaulista.com.br\/wordpress\/wp-json\/wp\/v2\/comments?post=8149"}],"version-history":[{"count":1,"href":"https:\/\/acervapaulista.com.br\/wordpress\/wp-json\/wp\/v2\/posts\/8149\/revisions"}],"predecessor-version":[{"id":8151,"href":"https:\/\/acervapaulista.com.br\/wordpress\/wp-json\/wp\/v2\/posts\/8149\/revisions\/8151"}],"wp:featuredmedia":[{"embeddable":true,"href":"https:\/\/acervapaulista.com.br\/wordpress\/wp-json\/wp\/v2\/media\/8150"}],"wp:attachment":[{"href":"https:\/\/acervapaulista.com.br\/wordpress\/wp-json\/wp\/v2\/media?parent=8149"}],"wp:term":[{"taxonomy":"category","embeddable":true,"href":"https:\/\/acervapaulista.com.br\/wordpress\/wp-json\/wp\/v2\/categories?post=8149"},{"taxonomy":"post_tag","embeddable":true,"href":"https:\/\/acervapaulista.com.br\/wordpress\/wp-json\/wp\/v2\/tags?post=8149"}],"curies":[{"name":"wp","href":"https:\/\/api.w.org\/{rel}","templated":true}]}}