{"id":7780,"date":"2024-09-26T18:49:24","date_gmt":"2024-09-26T21:49:24","guid":{"rendered":"https:\/\/acervapaulista.com.br\/wordpress\/?p=7780"},"modified":"2024-09-26T18:49:26","modified_gmt":"2024-09-26T21:49:26","slug":"brassagem-aberta-na-grifo-beer-em-valinhos-sp","status":"publish","type":"post","link":"https:\/\/acervapaulista.com.br\/wordpress\/brassagem-aberta-na-grifo-beer-em-valinhos-sp\/","title":{"rendered":"Brassagem Aberta na Grifo Beer em Valinhos &#8211; SP"},"content":{"rendered":"\n<p class=\"wp-block-paragraph\">Vamos continuar a expans\u00e3o e presen\u00e7a da associa\u00e7\u00e3o no interior!<\/p>\n\n\n\n<p class=\"wp-block-paragraph\">O nosso Coordenador Regional Antonio &#8220;Cerva Bruxo&#8221;, vai brassar uma Belgian Dubbel com os novos associados Jo\u00e3o Lu\u00eds e Welton \ud83c\udf7b\ud83d\udd25<\/p>\n\n\n\n<p class=\"wp-block-paragraph\"><strong>Informa\u00e7\u00f5es:<br><\/strong>Data: 05\/10\/2024<br>In\u00edcio: 11h<br>Local: Grifo Beer Cervejaria Artesanal<br>Endere\u00e7o: Av. Joaquim Alves Corr\u00eaa, 4617 &#8211; Jardim Santo Antonio, Valinhos &#8211; SP, 13277-055<br>Insta: <a href=\"https:\/\/www.instagram.com\/grifobeer\/\" target=\"_blank\" rel=\"noopener\" title=\"\">@grifobeer<\/a><\/p>\n\n\n\n<p class=\"wp-block-paragraph\">#issoeacervapaulista<\/p>\n\n\n\n<p class=\"wp-block-paragraph\"><\/p>\n\n\n\n<p class=\"wp-block-paragraph\"><\/p>\n\n\n\n<p class=\"wp-block-paragraph\"><\/p>\n","protected":false},"excerpt":{"rendered":"<p>Vamos continuar a expans\u00e3o e presen\u00e7a da associa\u00e7\u00e3o no interior! O nosso Coordenador Regional Antonio &#8220;Cerva Bruxo&#8221;, vai brassar uma Belgian Dubbel com os novos associados Jo\u00e3o Lu\u00eds e Welton \ud83c\udf7b\ud83d\udd25 Informa\u00e7\u00f5es:Data: 05\/10\/2024In\u00edcio: 11hLocal: Grifo Beer Cervejaria ArtesanalEndere\u00e7o: Av. Joaquim Alves Corr\u00eaa, 4617 &#8211; Jardim Santo Antonio, Valinhos &#8211; SP, 13277-055Insta: @grifobeer #issoeacervapaulista<\/p>\n","protected":false},"author":84,"featured_media":7781,"comment_status":"closed","ping_status":"open","sticky":false,"template":"","format":"standard","meta":{"pmpro_default_level":"","_price":"","_stock":"","_tribe_ticket_header":"","_tribe_default_ticket_provider":"","_tribe_ticket_capacity":"0","_ticket_start_date":"","_ticket_end_date":"","_tribe_ticket_show_description":"","_tribe_ticket_show_not_going":false,"_tribe_ticket_use_global_stock":"","_tribe_ticket_global_stock_level":"","_global_stock_mode":"","_global_stock_cap":"","_tribe_rsvp_for_event":"","_tribe_ticket_going_count":"","_tribe_ticket_not_going_count":"","_tribe_tickets_list":"[]","_tribe_ticket_has_attendee_info_fields":false,"footnotes":""},"categories":[9,149,150,10,148,201],"tags":[297,302,294,269,215,208,204,217,293,300,303,222,295,298,265,296,181,202,203,252,253,263,301,299,216,218,213],"class_list":["post-7780","post","type-post","status-publish","format-standard","has-post-thumbnail","hentry","category-evento","category-evento-aberto","category-evento-fechado","category-evento-parceiros","category-noticia","category-parceiros-acerva-sp","tag-acerva","tag-bebacommoderacao","tag-beerlover","tag-brewday","tag-brewpub","tag-cerveja","tag-cervejaartesanal","tag-cervejacaseira","tag-cervejeiro","tag-cheers","tag-concursocervejacaseira","tag-concursocervejeiro","tag-concursodecervejacaseira","tag-concursos","tag-craftbeer","tag-eufacoaminhacerveja-2","tag-evento","tag-festival","tag-festivaldecerveja","tag-homebrew","tag-homebrewer","tag-homebrewing","tag-prost","tag-saude","tag-taphouse","tag-vempraacervapaulista","tag-vempraacervasp","pmpro-has-access"],"aioseo_notices":[],"aioseo_head":"\n\t\t<!-- All in One SEO 4.9.10 - aioseo.com -->\n\t<meta name=\"description\" content=\"Vamos continuar a expans\u00e3o e presen\u00e7a da associa\u00e7\u00e3o no interior! O nosso Coordenador Regional Antonio &quot;Cerva Bruxo&quot;, vai brassar uma Belgian Dubbel com os novos associados Jo\u00e3o Lu\u00eds e Welton \ud83c\udf7b\ud83d\udd25 Informa\u00e7\u00f5es:Data: 05\/10\/2024In\u00edcio: 11hLocal: Grifo Beer Cervejaria ArtesanalEndere\u00e7o: Av. Joaquim Alves Corr\u00eaa, 4617 - Jardim Santo Antonio, Valinhos - SP, 13277-055Insta: @grifobeer #issoeacervapaulista\" \/>\n\t<meta name=\"robots\" content=\"max-image-preview:large\" \/>\n\t<meta name=\"author\" content=\"Carlos Santana\"\/>\n\t<link rel=\"canonical\" href=\"https:\/\/acervapaulista.com.br\/wordpress\/brassagem-aberta-na-grifo-beer-em-valinhos-sp\/\" \/>\n\t<meta name=\"generator\" content=\"All in One SEO (AIOSEO) 4.9.10\" \/>\n\t\t<meta property=\"og:locale\" content=\"pt_BR\" \/>\n\t\t<meta property=\"og:site_name\" content=\"ACervA Paulista - Associa\u00e7\u00e3o dos Cervejeiros Artesanais Paulistas\" \/>\n\t\t<meta property=\"og:type\" content=\"article\" \/>\n\t\t<meta property=\"og:title\" content=\"Brassagem Aberta na Grifo Beer em Valinhos \u2013 SP - ACervA Paulista\" \/>\n\t\t<meta property=\"og:description\" content=\"Vamos continuar a expans\u00e3o e presen\u00e7a da associa\u00e7\u00e3o no interior! O nosso Coordenador Regional Antonio &quot;Cerva Bruxo&quot;, vai brassar uma Belgian Dubbel com os novos associados Jo\u00e3o Lu\u00eds e Welton \ud83c\udf7b\ud83d\udd25 Informa\u00e7\u00f5es:Data: 05\/10\/2024In\u00edcio: 11hLocal: Grifo Beer Cervejaria ArtesanalEndere\u00e7o: Av. Joaquim Alves Corr\u00eaa, 4617 - Jardim Santo Antonio, Valinhos - SP, 13277-055Insta: @grifobeer #issoeacervapaulista\" \/>\n\t\t<meta property=\"og:url\" content=\"https:\/\/acervapaulista.com.br\/wordpress\/brassagem-aberta-na-grifo-beer-em-valinhos-sp\/\" \/>\n\t\t<meta property=\"article:published_time\" content=\"2024-09-26T21:49:24+00:00\" \/>\n\t\t<meta property=\"article:modified_time\" content=\"2024-09-26T21:49:26+00:00\" \/>\n\t\t<meta name=\"twitter:card\" content=\"summary_large_image\" \/>\n\t\t<meta name=\"twitter:title\" content=\"Brassagem Aberta na Grifo Beer em Valinhos \u2013 SP - ACervA Paulista\" \/>\n\t\t<meta name=\"twitter:description\" content=\"Vamos continuar a expans\u00e3o e presen\u00e7a da associa\u00e7\u00e3o no interior! O nosso Coordenador Regional Antonio &quot;Cerva Bruxo&quot;, vai brassar uma Belgian Dubbel com os novos associados Jo\u00e3o Lu\u00eds e Welton \ud83c\udf7b\ud83d\udd25 Informa\u00e7\u00f5es:Data: 05\/10\/2024In\u00edcio: 11hLocal: Grifo Beer Cervejaria ArtesanalEndere\u00e7o: Av. Joaquim Alves Corr\u00eaa, 4617 - Jardim Santo Antonio, Valinhos - SP, 13277-055Insta: @grifobeer #issoeacervapaulista\" \/>\n\t\t<script type=\"application\/ld+json\" class=\"aioseo-schema\">\n\t\t\t{\"@context\":\"https:\\\/\\\/schema.org\",\"@graph\":[{\"@type\":\"BlogPosting\",\"@id\":\"https:\\\/\\\/acervapaulista.com.br\\\/wordpress\\\/brassagem-aberta-na-grifo-beer-em-valinhos-sp\\\/#blogposting\",\"name\":\"Brassagem Aberta na Grifo Beer em Valinhos \\u2013 SP - ACervA Paulista\",\"headline\":\"Brassagem Aberta na Grifo Beer em Valinhos &#8211; SP\",\"author\":{\"@id\":\"https:\\\/\\\/acervapaulista.com.br\\\/wordpress\\\/author\\\/educhp\\\/#author\"},\"publisher\":{\"@id\":\"https:\\\/\\\/acervapaulista.com.br\\\/wordpress\\\/#organization\"},\"image\":{\"@type\":\"ImageObject\",\"url\":\"https:\\\/\\\/acervapaulista.com.br\\\/wordpress\\\/wp-content\\\/uploads\\\/2024\\\/09\\\/Regionais-10.png\",\"width\":1080,\"height\":1080},\"datePublished\":\"2024-09-26T18:49:24-03:00\",\"dateModified\":\"2024-09-26T18:49:26-03:00\",\"inLanguage\":\"pt-BR\",\"mainEntityOfPage\":{\"@id\":\"https:\\\/\\\/acervapaulista.com.br\\\/wordpress\\\/brassagem-aberta-na-grifo-beer-em-valinhos-sp\\\/#webpage\"},\"isPartOf\":{\"@id\":\"https:\\\/\\\/acervapaulista.com.br\\\/wordpress\\\/brassagem-aberta-na-grifo-beer-em-valinhos-sp\\\/#webpage\"},\"articleSection\":\"Evento, Evento aberto, Evento fechado, Evento parceiros, Not\\u00edcia, Parcerias, acerva, bebacommodera\\u00e7\\u00e3o, beerlover, brewday, brewpub, cerveja, cervejaartesanal, cervejacaseira, cervejeiro, cheers, concursocervejacaseira, concursocervejeiro, concursodecervejacaseira, concursos, craftbeer, eufacoaminhacerveja, evento, festival, festivaldecerveja, homebrew, homebrewer, homebrewing, prost, sa\\u00fade, taphouse, vempraacervapaulista, vempraacervasp\"},{\"@type\":\"BreadcrumbList\",\"@id\":\"https:\\\/\\\/acervapaulista.com.br\\\/wordpress\\\/brassagem-aberta-na-grifo-beer-em-valinhos-sp\\\/#breadcrumblist\",\"itemListElement\":[{\"@type\":\"ListItem\",\"@id\":\"https:\\\/\\\/acervapaulista.com.br\\\/wordpress#listItem\",\"position\":1,\"name\":\"Home\",\"item\":\"https:\\\/\\\/acervapaulista.com.br\\\/wordpress\",\"nextItem\":{\"@type\":\"ListItem\",\"@id\":\"https:\\\/\\\/acervapaulista.com.br\\\/wordpress\\\/category\\\/evento\\\/#listItem\",\"name\":\"Evento\"}},{\"@type\":\"ListItem\",\"@id\":\"https:\\\/\\\/acervapaulista.com.br\\\/wordpress\\\/category\\\/evento\\\/#listItem\",\"position\":2,\"name\":\"Evento\",\"item\":\"https:\\\/\\\/acervapaulista.com.br\\\/wordpress\\\/category\\\/evento\\\/\",\"nextItem\":{\"@type\":\"ListItem\",\"@id\":\"https:\\\/\\\/acervapaulista.com.br\\\/wordpress\\\/brassagem-aberta-na-grifo-beer-em-valinhos-sp\\\/#listItem\",\"name\":\"Brassagem Aberta na Grifo Beer em Valinhos &#8211; SP\"},\"previousItem\":{\"@type\":\"ListItem\",\"@id\":\"https:\\\/\\\/acervapaulista.com.br\\\/wordpress#listItem\",\"name\":\"Home\"}},{\"@type\":\"ListItem\",\"@id\":\"https:\\\/\\\/acervapaulista.com.br\\\/wordpress\\\/brassagem-aberta-na-grifo-beer-em-valinhos-sp\\\/#listItem\",\"position\":3,\"name\":\"Brassagem Aberta na Grifo Beer em Valinhos &#8211; SP\",\"previousItem\":{\"@type\":\"ListItem\",\"@id\":\"https:\\\/\\\/acervapaulista.com.br\\\/wordpress\\\/category\\\/evento\\\/#listItem\",\"name\":\"Evento\"}}]},{\"@type\":\"Organization\",\"@id\":\"https:\\\/\\\/acervapaulista.com.br\\\/wordpress\\\/#organization\",\"name\":\"ACervA Paulista\",\"description\":\"Associa\\u00e7\\u00e3o dos Cervejeiros Artesanais Paulistas\",\"url\":\"https:\\\/\\\/acervapaulista.com.br\\\/wordpress\\\/\"},{\"@type\":\"Person\",\"@id\":\"https:\\\/\\\/acervapaulista.com.br\\\/wordpress\\\/author\\\/educhp\\\/#author\",\"url\":\"https:\\\/\\\/acervapaulista.com.br\\\/wordpress\\\/author\\\/educhp\\\/\",\"name\":\"Carlos Santana\",\"image\":{\"@type\":\"ImageObject\",\"@id\":\"https:\\\/\\\/acervapaulista.com.br\\\/wordpress\\\/brassagem-aberta-na-grifo-beer-em-valinhos-sp\\\/#authorImage\",\"url\":\"https:\\\/\\\/secure.gravatar.com\\\/avatar\\\/9bb9fc5ee33332780165f5a66181a659bda39f9fb30b1defd1d1cb01335ebd65?s=96&d=mm&r=g\",\"width\":96,\"height\":96,\"caption\":\"Carlos Santana\"}},{\"@type\":\"WebPage\",\"@id\":\"https:\\\/\\\/acervapaulista.com.br\\\/wordpress\\\/brassagem-aberta-na-grifo-beer-em-valinhos-sp\\\/#webpage\",\"url\":\"https:\\\/\\\/acervapaulista.com.br\\\/wordpress\\\/brassagem-aberta-na-grifo-beer-em-valinhos-sp\\\/\",\"name\":\"Brassagem Aberta na Grifo Beer em Valinhos \\u2013 SP - ACervA Paulista\",\"description\":\"Vamos continuar a expans\\u00e3o e presen\\u00e7a da associa\\u00e7\\u00e3o no interior! O nosso Coordenador Regional Antonio \\\"Cerva Bruxo\\\", vai brassar uma Belgian Dubbel com os novos associados Jo\\u00e3o Lu\\u00eds e Welton \\ud83c\\udf7b\\ud83d\\udd25 Informa\\u00e7\\u00f5es:Data: 05\\\/10\\\/2024In\\u00edcio: 11hLocal: Grifo Beer Cervejaria ArtesanalEndere\\u00e7o: Av. Joaquim Alves Corr\\u00eaa, 4617 - Jardim Santo Antonio, Valinhos - SP, 13277-055Insta: @grifobeer #issoeacervapaulista\",\"inLanguage\":\"pt-BR\",\"isPartOf\":{\"@id\":\"https:\\\/\\\/acervapaulista.com.br\\\/wordpress\\\/#website\"},\"breadcrumb\":{\"@id\":\"https:\\\/\\\/acervapaulista.com.br\\\/wordpress\\\/brassagem-aberta-na-grifo-beer-em-valinhos-sp\\\/#breadcrumblist\"},\"author\":{\"@id\":\"https:\\\/\\\/acervapaulista.com.br\\\/wordpress\\\/author\\\/educhp\\\/#author\"},\"creator\":{\"@id\":\"https:\\\/\\\/acervapaulista.com.br\\\/wordpress\\\/author\\\/educhp\\\/#author\"},\"image\":{\"@type\":\"ImageObject\",\"url\":\"https:\\\/\\\/acervapaulista.com.br\\\/wordpress\\\/wp-content\\\/uploads\\\/2024\\\/09\\\/Regionais-10.png\",\"@id\":\"https:\\\/\\\/acervapaulista.com.br\\\/wordpress\\\/brassagem-aberta-na-grifo-beer-em-valinhos-sp\\\/#mainImage\",\"width\":1080,\"height\":1080},\"primaryImageOfPage\":{\"@id\":\"https:\\\/\\\/acervapaulista.com.br\\\/wordpress\\\/brassagem-aberta-na-grifo-beer-em-valinhos-sp\\\/#mainImage\"},\"datePublished\":\"2024-09-26T18:49:24-03:00\",\"dateModified\":\"2024-09-26T18:49:26-03:00\"},{\"@type\":\"WebSite\",\"@id\":\"https:\\\/\\\/acervapaulista.com.br\\\/wordpress\\\/#website\",\"url\":\"https:\\\/\\\/acervapaulista.com.br\\\/wordpress\\\/\",\"name\":\"ACervA Paulista\",\"description\":\"Associa\\u00e7\\u00e3o dos Cervejeiros Artesanais Paulistas\",\"inLanguage\":\"pt-BR\",\"publisher\":{\"@id\":\"https:\\\/\\\/acervapaulista.com.br\\\/wordpress\\\/#organization\"}}]}\n\t\t<\/script>\n\t\t<!-- All in One SEO -->\n\n","aioseo_head_json":{"title":"Brassagem Aberta na Grifo Beer em Valinhos \u2013 SP - ACervA Paulista","description":"Vamos continuar a expans\u00e3o e presen\u00e7a da associa\u00e7\u00e3o no interior! O nosso Coordenador Regional Antonio \"Cerva Bruxo\", vai brassar uma Belgian Dubbel com os novos associados Jo\u00e3o Lu\u00eds e Welton \ud83c\udf7b\ud83d\udd25 Informa\u00e7\u00f5es:Data: 05\/10\/2024In\u00edcio: 11hLocal: Grifo Beer Cervejaria ArtesanalEndere\u00e7o: Av. Joaquim Alves Corr\u00eaa, 4617 - Jardim Santo Antonio, Valinhos - SP, 13277-055Insta: @grifobeer #issoeacervapaulista","canonical_url":"https:\/\/acervapaulista.com.br\/wordpress\/brassagem-aberta-na-grifo-beer-em-valinhos-sp\/","robots":"max-image-preview:large","keywords":"","webmasterTools":{"miscellaneous":""},"schema":{"@context":"https:\/\/schema.org","@graph":[{"@type":"BlogPosting","@id":"https:\/\/acervapaulista.com.br\/wordpress\/brassagem-aberta-na-grifo-beer-em-valinhos-sp\/#blogposting","name":"Brassagem Aberta na Grifo Beer em Valinhos \u2013 SP - ACervA Paulista","headline":"Brassagem Aberta na Grifo Beer em Valinhos &#8211; SP","author":{"@id":"https:\/\/acervapaulista.com.br\/wordpress\/author\/educhp\/#author"},"publisher":{"@id":"https:\/\/acervapaulista.com.br\/wordpress\/#organization"},"image":{"@type":"ImageObject","url":"https:\/\/acervapaulista.com.br\/wordpress\/wp-content\/uploads\/2024\/09\/Regionais-10.png","width":1080,"height":1080},"datePublished":"2024-09-26T18:49:24-03:00","dateModified":"2024-09-26T18:49:26-03:00","inLanguage":"pt-BR","mainEntityOfPage":{"@id":"https:\/\/acervapaulista.com.br\/wordpress\/brassagem-aberta-na-grifo-beer-em-valinhos-sp\/#webpage"},"isPartOf":{"@id":"https:\/\/acervapaulista.com.br\/wordpress\/brassagem-aberta-na-grifo-beer-em-valinhos-sp\/#webpage"},"articleSection":"Evento, Evento aberto, Evento fechado, Evento parceiros, Not\u00edcia, Parcerias, acerva, bebacommodera\u00e7\u00e3o, beerlover, brewday, brewpub, cerveja, cervejaartesanal, cervejacaseira, cervejeiro, cheers, concursocervejacaseira, concursocervejeiro, concursodecervejacaseira, concursos, craftbeer, eufacoaminhacerveja, evento, festival, festivaldecerveja, homebrew, homebrewer, homebrewing, prost, sa\u00fade, taphouse, vempraacervapaulista, vempraacervasp"},{"@type":"BreadcrumbList","@id":"https:\/\/acervapaulista.com.br\/wordpress\/brassagem-aberta-na-grifo-beer-em-valinhos-sp\/#breadcrumblist","itemListElement":[{"@type":"ListItem","@id":"https:\/\/acervapaulista.com.br\/wordpress#listItem","position":1,"name":"Home","item":"https:\/\/acervapaulista.com.br\/wordpress","nextItem":{"@type":"ListItem","@id":"https:\/\/acervapaulista.com.br\/wordpress\/category\/evento\/#listItem","name":"Evento"}},{"@type":"ListItem","@id":"https:\/\/acervapaulista.com.br\/wordpress\/category\/evento\/#listItem","position":2,"name":"Evento","item":"https:\/\/acervapaulista.com.br\/wordpress\/category\/evento\/","nextItem":{"@type":"ListItem","@id":"https:\/\/acervapaulista.com.br\/wordpress\/brassagem-aberta-na-grifo-beer-em-valinhos-sp\/#listItem","name":"Brassagem Aberta na Grifo Beer em Valinhos &#8211; SP"},"previousItem":{"@type":"ListItem","@id":"https:\/\/acervapaulista.com.br\/wordpress#listItem","name":"Home"}},{"@type":"ListItem","@id":"https:\/\/acervapaulista.com.br\/wordpress\/brassagem-aberta-na-grifo-beer-em-valinhos-sp\/#listItem","position":3,"name":"Brassagem Aberta na Grifo Beer em Valinhos &#8211; SP","previousItem":{"@type":"ListItem","@id":"https:\/\/acervapaulista.com.br\/wordpress\/category\/evento\/#listItem","name":"Evento"}}]},{"@type":"Organization","@id":"https:\/\/acervapaulista.com.br\/wordpress\/#organization","name":"ACervA Paulista","description":"Associa\u00e7\u00e3o dos Cervejeiros Artesanais Paulistas","url":"https:\/\/acervapaulista.com.br\/wordpress\/"},{"@type":"Person","@id":"https:\/\/acervapaulista.com.br\/wordpress\/author\/educhp\/#author","url":"https:\/\/acervapaulista.com.br\/wordpress\/author\/educhp\/","name":"Carlos Santana","image":{"@type":"ImageObject","@id":"https:\/\/acervapaulista.com.br\/wordpress\/brassagem-aberta-na-grifo-beer-em-valinhos-sp\/#authorImage","url":"https:\/\/secure.gravatar.com\/avatar\/9bb9fc5ee33332780165f5a66181a659bda39f9fb30b1defd1d1cb01335ebd65?s=96&d=mm&r=g","width":96,"height":96,"caption":"Carlos Santana"}},{"@type":"WebPage","@id":"https:\/\/acervapaulista.com.br\/wordpress\/brassagem-aberta-na-grifo-beer-em-valinhos-sp\/#webpage","url":"https:\/\/acervapaulista.com.br\/wordpress\/brassagem-aberta-na-grifo-beer-em-valinhos-sp\/","name":"Brassagem Aberta na Grifo Beer em Valinhos \u2013 SP - ACervA Paulista","description":"Vamos continuar a expans\u00e3o e presen\u00e7a da associa\u00e7\u00e3o no interior! O nosso Coordenador Regional Antonio \"Cerva Bruxo\", vai brassar uma Belgian Dubbel com os novos associados Jo\u00e3o Lu\u00eds e Welton \ud83c\udf7b\ud83d\udd25 Informa\u00e7\u00f5es:Data: 05\/10\/2024In\u00edcio: 11hLocal: Grifo Beer Cervejaria ArtesanalEndere\u00e7o: Av. Joaquim Alves Corr\u00eaa, 4617 - Jardim Santo Antonio, Valinhos - SP, 13277-055Insta: @grifobeer #issoeacervapaulista","inLanguage":"pt-BR","isPartOf":{"@id":"https:\/\/acervapaulista.com.br\/wordpress\/#website"},"breadcrumb":{"@id":"https:\/\/acervapaulista.com.br\/wordpress\/brassagem-aberta-na-grifo-beer-em-valinhos-sp\/#breadcrumblist"},"author":{"@id":"https:\/\/acervapaulista.com.br\/wordpress\/author\/educhp\/#author"},"creator":{"@id":"https:\/\/acervapaulista.com.br\/wordpress\/author\/educhp\/#author"},"image":{"@type":"ImageObject","url":"https:\/\/acervapaulista.com.br\/wordpress\/wp-content\/uploads\/2024\/09\/Regionais-10.png","@id":"https:\/\/acervapaulista.com.br\/wordpress\/brassagem-aberta-na-grifo-beer-em-valinhos-sp\/#mainImage","width":1080,"height":1080},"primaryImageOfPage":{"@id":"https:\/\/acervapaulista.com.br\/wordpress\/brassagem-aberta-na-grifo-beer-em-valinhos-sp\/#mainImage"},"datePublished":"2024-09-26T18:49:24-03:00","dateModified":"2024-09-26T18:49:26-03:00"},{"@type":"WebSite","@id":"https:\/\/acervapaulista.com.br\/wordpress\/#website","url":"https:\/\/acervapaulista.com.br\/wordpress\/","name":"ACervA Paulista","description":"Associa\u00e7\u00e3o dos Cervejeiros Artesanais Paulistas","inLanguage":"pt-BR","publisher":{"@id":"https:\/\/acervapaulista.com.br\/wordpress\/#organization"}}]},"og:locale":"pt_BR","og:site_name":"ACervA Paulista - Associa\u00e7\u00e3o dos Cervejeiros Artesanais Paulistas","og:type":"article","og:title":"Brassagem Aberta na Grifo Beer em Valinhos \u2013 SP - ACervA Paulista","og:description":"Vamos continuar a expans\u00e3o e presen\u00e7a da associa\u00e7\u00e3o no interior! O nosso Coordenador Regional Antonio &quot;Cerva Bruxo&quot;, vai brassar uma Belgian Dubbel com os novos associados Jo\u00e3o Lu\u00eds e Welton \ud83c\udf7b\ud83d\udd25 Informa\u00e7\u00f5es:Data: 05\/10\/2024In\u00edcio: 11hLocal: Grifo Beer Cervejaria ArtesanalEndere\u00e7o: Av. Joaquim Alves Corr\u00eaa, 4617 - Jardim Santo Antonio, Valinhos - SP, 13277-055Insta: @grifobeer #issoeacervapaulista","og:url":"https:\/\/acervapaulista.com.br\/wordpress\/brassagem-aberta-na-grifo-beer-em-valinhos-sp\/","article:published_time":"2024-09-26T21:49:24+00:00","article:modified_time":"2024-09-26T21:49:26+00:00","twitter:card":"summary_large_image","twitter:title":"Brassagem Aberta na Grifo Beer em Valinhos \u2013 SP - ACervA Paulista","twitter:description":"Vamos continuar a expans\u00e3o e presen\u00e7a da associa\u00e7\u00e3o no interior! O nosso Coordenador Regional Antonio &quot;Cerva Bruxo&quot;, vai brassar uma Belgian Dubbel com os novos associados Jo\u00e3o Lu\u00eds e Welton \ud83c\udf7b\ud83d\udd25 Informa\u00e7\u00f5es:Data: 05\/10\/2024In\u00edcio: 11hLocal: Grifo Beer Cervejaria ArtesanalEndere\u00e7o: Av. Joaquim Alves Corr\u00eaa, 4617 - Jardim Santo Antonio, Valinhos - SP, 13277-055Insta: @grifobeer #issoeacervapaulista"},"aioseo_meta_data":{"post_id":"7780","title":null,"description":null,"keywords":null,"keyphrases":{"focus":{"keyphrase":"","score":0,"analysis":{"keyphraseInTitle":{"score":0,"maxScore":9,"error":1}}},"additional":[]},"primary_term":null,"canonical_url":null,"og_title":null,"og_description":null,"og_object_type":"default","og_image_type":"default","og_image_url":null,"og_image_width":null,"og_image_height":null,"og_image_custom_url":null,"og_image_custom_fields":null,"og_video":"","og_custom_url":null,"og_article_section":null,"og_article_tags":null,"twitter_use_og":false,"twitter_card":"default","twitter_image_type":"default","twitter_image_url":null,"twitter_image_custom_url":null,"twitter_image_custom_fields":null,"twitter_title":null,"twitter_description":null,"schema":{"blockGraphs":[],"customGraphs":[],"default":{"data":{"Article":[],"Course":[],"Dataset":[],"FAQPage":[],"Movie":[],"Person":[],"Product":[],"ProductReview":[],"Car":[],"Recipe":[],"Service":[],"SoftwareApplication":[],"WebPage":[]},"graphName":"BlogPosting","isEnabled":true},"graphs":[]},"schema_type":"default","schema_type_options":null,"pillar_content":false,"robots_default":true,"robots_noindex":false,"robots_noarchive":false,"robots_nosnippet":false,"robots_nofollow":false,"robots_noimageindex":false,"robots_noodp":false,"robots_notranslate":false,"robots_max_snippet":"-1","robots_max_videopreview":"-1","robots_max_imagepreview":"large","priority":null,"frequency":"default","local_seo":null,"breadcrumb_settings":null,"limit_modified_date":false,"ai":null,"created":"2024-09-26 21:49:26","updated":"2025-09-06 13:07:53","seo_analyzer_scan_date":null},"aioseo_breadcrumb":"<div class=\"aioseo-breadcrumbs\"><span class=\"aioseo-breadcrumb\">\n\t\t\t<a href=\"https:\/\/acervapaulista.com.br\/wordpress\" title=\"Home\">Home<\/a>\n\t\t<\/span><span class=\"aioseo-breadcrumb-separator\">&raquo;<\/span><span class=\"aioseo-breadcrumb\">\n\t\t\t<a href=\"https:\/\/acervapaulista.com.br\/wordpress\/category\/evento\/\" title=\"Evento\">Evento<\/a>\n\t\t<\/span><span class=\"aioseo-breadcrumb-separator\">&raquo;<\/span><span class=\"aioseo-breadcrumb\">\n\t\t\tBrassagem Aberta na Grifo Beer em Valinhos \u2013 SP\n\t\t<\/span><\/div>","aioseo_breadcrumb_json":[{"label":"Home","link":"https:\/\/acervapaulista.com.br\/wordpress"},{"label":"Evento","link":"https:\/\/acervapaulista.com.br\/wordpress\/category\/evento\/"},{"label":"Brassagem Aberta na Grifo Beer em Valinhos &#8211; SP","link":"https:\/\/acervapaulista.com.br\/wordpress\/brassagem-aberta-na-grifo-beer-em-valinhos-sp\/"}],"_links":{"self":[{"href":"https:\/\/acervapaulista.com.br\/wordpress\/wp-json\/wp\/v2\/posts\/7780","targetHints":{"allow":["GET"]}}],"collection":[{"href":"https:\/\/acervapaulista.com.br\/wordpress\/wp-json\/wp\/v2\/posts"}],"about":[{"href":"https:\/\/acervapaulista.com.br\/wordpress\/wp-json\/wp\/v2\/types\/post"}],"author":[{"embeddable":true,"href":"https:\/\/acervapaulista.com.br\/wordpress\/wp-json\/wp\/v2\/users\/84"}],"replies":[{"embeddable":true,"href":"https:\/\/acervapaulista.com.br\/wordpress\/wp-json\/wp\/v2\/comments?post=7780"}],"version-history":[{"count":1,"href":"https:\/\/acervapaulista.com.br\/wordpress\/wp-json\/wp\/v2\/posts\/7780\/revisions"}],"predecessor-version":[{"id":7782,"href":"https:\/\/acervapaulista.com.br\/wordpress\/wp-json\/wp\/v2\/posts\/7780\/revisions\/7782"}],"wp:featuredmedia":[{"embeddable":true,"href":"https:\/\/acervapaulista.com.br\/wordpress\/wp-json\/wp\/v2\/media\/7781"}],"wp:attachment":[{"href":"https:\/\/acervapaulista.com.br\/wordpress\/wp-json\/wp\/v2\/media?parent=7780"}],"wp:term":[{"taxonomy":"category","embeddable":true,"href":"https:\/\/acervapaulista.com.br\/wordpress\/wp-json\/wp\/v2\/categories?post=7780"},{"taxonomy":"post_tag","embeddable":true,"href":"https:\/\/acervapaulista.com.br\/wordpress\/wp-json\/wp\/v2\/tags?post=7780"}],"curies":[{"name":"wp","href":"https:\/\/api.w.org\/{rel}","templated":true}]}}