{"id":7628,"date":"2024-04-03T23:01:18","date_gmt":"2024-04-04T02:01:18","guid":{"rendered":"https:\/\/acervapaulista.com.br\/wordpress\/?p=7628"},"modified":"2024-04-03T23:14:49","modified_gmt":"2024-04-04T02:14:49","slug":"nacional-das-acervas-recife-2024","status":"publish","type":"post","link":"https:\/\/acervapaulista.com.br\/wordpress\/nacional-das-acervas-recife-2024\/","title":{"rendered":"Nacional das ACervAs &#8211; Recife 2024"},"content":{"rendered":"\n<p class=\"wp-block-paragraph\">\ud83c\udfc6 Est\u00e3o abertas as inscri\u00e7\u00f5es para o XVII Concurso Nacional das ACervAs &#8211; um dos maiores concursos do pa\u00eds para cervejeiros caseiros!!!<\/p>\n\n\n\n<p class=\"wp-block-paragraph\">\ud83c\udf7b N\u00e3o perca a oportunidade de preparar sua melhor receita para concorrer a pr\u00eamios e ainda ter um feedback dos maiores especialistas do pa\u00eds no assunto CERVEJA!!<\/p>\n\n\n\n<p class=\"wp-block-paragraph\"><strong>***O concurso \u00e9 exclusivo para afiliados as ACervAs com sede em diversos estados***<\/strong><\/p>\n\n\n\n<p class=\"wp-block-paragraph\"><strong>Clique aqui para se associar a ACervA Paulista e participar do Nacional das ACervAs <\/strong>\u2705 <a href=\"https:\/\/acervapaulista.com.br\/wordpress\/loja\/associacao-anual\/\" target=\"_blank\" rel=\"noopener\" title=\"https:\/\/acervapaulista.com.br\/wordpress\/loja\/associacao-anual\/\">https:\/\/acervapaulista.com.br\/wordpress\/loja\/associacao-anual<\/a><\/p>\n\n\n\n<p class=\"wp-block-paragraph\"><strong>Como Participar do Nacional?<\/strong><\/p>\n\n\n\n<p class=\"wp-block-paragraph\">\ud83d\udd17 As inscri\u00e7\u00f5es podem ser realizadas no site: <a href=\"https:\/\/beerawardsplatform.com\/xvii-concurso-nacional-das-acervas-2024\" target=\"_blank\" rel=\"noopener\" title=\"https:\/\/beerawardsplatform.com\/xvii-concurso-nacional-das-acervas-2024\">https:\/\/beerawardsplatform.com\/xvii-concurso-nacional-das-acervas-2024<\/a><\/p>\n\n\n\n<p class=\"wp-block-paragraph\"><strong>Datas importantes:<\/strong><\/p>\n\n\n\n<ul class=\"wp-block-list\">\n<li>Inscri\u00e7\u00f5es: 04\/03 \u00e0 20\/05<\/li>\n\n\n\n<li>Recebimento das amostras: 20\/05 a 27\/05<\/li>\n\n\n\n<li>Festa de premia\u00e7\u00e3o: 01\/06\/24<\/li>\n<\/ul>\n\n\n\n<p class=\"wp-block-paragraph\"><\/p>\n\n\n\n<p class=\"wp-block-paragraph\" style=\"font-size:17px\">#eufacoaminhacerveja # homebrew #concursocervejeiro #vempraacervapaulista #concursodecervejacaseira #cervejacaseira #cervejaartesanal #concurso #cervejeiro #cervejeiros #homebrewer #homebrewing #craftbeer #beerlover<\/p>\n\n\n\n<p class=\"wp-block-paragraph\"><\/p>\n\n\n\n<p class=\"wp-block-paragraph\"><\/p>\n\n\n\n<p class=\"wp-block-paragraph\"><\/p>\n","protected":false},"excerpt":{"rendered":"<p>\ud83c\udfc6 Est\u00e3o abertas as inscri\u00e7\u00f5es para o XVII Concurso Nacional das ACervAs &#8211; um dos maiores concursos do pa\u00eds para cervejeiros caseiros!!! \ud83c\udf7b N\u00e3o perca a oportunidade de preparar sua melhor receita para concorrer a pr\u00eamios e ainda ter um feedback dos maiores especialistas do pa\u00eds no assunto CERVEJA!! ***O concurso \u00e9 exclusivo para afiliados as ACervAs com sede em diversos estados*** Clique aqui para se associar a ACervA Paulista e participar do Nacional das ACervAs \u2705 https:\/\/acervapaulista.com.br\/wordpress\/loja\/associacao-anual Como Participar do Nacional? \ud83d\udd17 As inscri\u00e7\u00f5es podem ser realizadas no site: https:\/\/beerawardsplatform.com\/xvii-concurso-nacional-das-acervas-2024 Datas importantes: #eufacoaminhacerveja # homebrew #concursocervejeiro #vempraacervapaulista #concursodecervejacaseira #cervejacaseira #cervejaartesanal #concurso #cervejeiro #cervejeiros #homebrewer #homebrewing #craftbeer #beerlover<\/p>\n","protected":false},"author":84,"featured_media":7630,"comment_status":"closed","ping_status":"open","sticky":false,"template":"","format":"standard","meta":{"pmpro_default_level":"","_price":"","_stock":"","_tribe_ticket_header":"","_tribe_default_ticket_provider":"","_tribe_ticket_capacity":"0","_ticket_start_date":"","_ticket_end_date":"","_tribe_ticket_show_description":"","_tribe_ticket_show_not_going":false,"_tribe_ticket_use_global_stock":"","_tribe_ticket_global_stock_level":"","_global_stock_mode":"","_global_stock_cap":"","_tribe_rsvp_for_event":"","_tribe_ticket_going_count":"","_tribe_ticket_not_going_count":"","_tribe_tickets_list":"[]","_tribe_ticket_has_attendee_info_fields":false,"footnotes":""},"categories":[9,149,150,10,148,201],"tags":[297,302,294,269,215,208,204,217,293,300,303,222,295,298,265,296,181,202,203,252,253,263,301,299,216,218,213],"class_list":["post-7628","post","type-post","status-publish","format-standard","has-post-thumbnail","hentry","category-evento","category-evento-aberto","category-evento-fechado","category-evento-parceiros","category-noticia","category-parceiros-acerva-sp","tag-acerva","tag-bebacommoderacao","tag-beerlover","tag-brewday","tag-brewpub","tag-cerveja","tag-cervejaartesanal","tag-cervejacaseira","tag-cervejeiro","tag-cheers","tag-concursocervejacaseira","tag-concursocervejeiro","tag-concursodecervejacaseira","tag-concursos","tag-craftbeer","tag-eufacoaminhacerveja-2","tag-evento","tag-festival","tag-festivaldecerveja","tag-homebrew","tag-homebrewer","tag-homebrewing","tag-prost","tag-saude","tag-taphouse","tag-vempraacervapaulista","tag-vempraacervasp","pmpro-has-access"],"aioseo_notices":[],"aioseo_head":"\n\t\t<!-- All in One SEO 4.9.10 - aioseo.com -->\n\t<meta name=\"description\" content=\"\ud83c\udfc6 Est\u00e3o abertas as inscri\u00e7\u00f5es para o XVII Concurso Nacional das ACervAs - um dos maiores concursos do pa\u00eds para cervejeiros caseiros!!! \ud83c\udf7b N\u00e3o perca a oportunidade de preparar sua melhor receita para concorrer a pr\u00eamios e ainda ter um feedback dos maiores especialistas do pa\u00eds no assunto CERVEJA!! ***O concurso \u00e9 exclusivo para afiliados\" \/>\n\t<meta name=\"robots\" content=\"max-image-preview:large\" \/>\n\t<meta name=\"author\" content=\"Carlos Santana\"\/>\n\t<link rel=\"canonical\" href=\"https:\/\/acervapaulista.com.br\/wordpress\/nacional-das-acervas-recife-2024\/\" \/>\n\t<meta name=\"generator\" content=\"All in One SEO (AIOSEO) 4.9.10\" \/>\n\t\t<meta property=\"og:locale\" content=\"pt_BR\" \/>\n\t\t<meta property=\"og:site_name\" content=\"ACervA Paulista - Associa\u00e7\u00e3o dos Cervejeiros Artesanais Paulistas\" \/>\n\t\t<meta property=\"og:type\" content=\"article\" \/>\n\t\t<meta property=\"og:title\" content=\"Nacional das ACervAs \u2013 Recife 2024 - ACervA Paulista\" \/>\n\t\t<meta property=\"og:description\" content=\"\ud83c\udfc6 Est\u00e3o abertas as inscri\u00e7\u00f5es para o XVII Concurso Nacional das ACervAs - um dos maiores concursos do pa\u00eds para cervejeiros caseiros!!! \ud83c\udf7b N\u00e3o perca a oportunidade de preparar sua melhor receita para concorrer a pr\u00eamios e ainda ter um feedback dos maiores especialistas do pa\u00eds no assunto CERVEJA!! ***O concurso \u00e9 exclusivo para afiliados\" \/>\n\t\t<meta property=\"og:url\" content=\"https:\/\/acervapaulista.com.br\/wordpress\/nacional-das-acervas-recife-2024\/\" \/>\n\t\t<meta property=\"article:published_time\" content=\"2024-04-04T02:01:18+00:00\" \/>\n\t\t<meta property=\"article:modified_time\" content=\"2024-04-04T02:14:49+00:00\" \/>\n\t\t<meta name=\"twitter:card\" content=\"summary_large_image\" \/>\n\t\t<meta name=\"twitter:title\" content=\"Nacional das ACervAs \u2013 Recife 2024 - ACervA Paulista\" \/>\n\t\t<meta name=\"twitter:description\" content=\"\ud83c\udfc6 Est\u00e3o abertas as inscri\u00e7\u00f5es para o XVII Concurso Nacional das ACervAs - um dos maiores concursos do pa\u00eds para cervejeiros caseiros!!! \ud83c\udf7b N\u00e3o perca a oportunidade de preparar sua melhor receita para concorrer a pr\u00eamios e ainda ter um feedback dos maiores especialistas do pa\u00eds no assunto CERVEJA!! ***O concurso \u00e9 exclusivo para afiliados\" \/>\n\t\t<script type=\"application\/ld+json\" class=\"aioseo-schema\">\n\t\t\t{\"@context\":\"https:\\\/\\\/schema.org\",\"@graph\":[{\"@type\":\"BlogPosting\",\"@id\":\"https:\\\/\\\/acervapaulista.com.br\\\/wordpress\\\/nacional-das-acervas-recife-2024\\\/#blogposting\",\"name\":\"Nacional das ACervAs \\u2013 Recife 2024 - ACervA Paulista\",\"headline\":\"Nacional das ACervAs &#8211; Recife 2024\",\"author\":{\"@id\":\"https:\\\/\\\/acervapaulista.com.br\\\/wordpress\\\/author\\\/educhp\\\/#author\"},\"publisher\":{\"@id\":\"https:\\\/\\\/acervapaulista.com.br\\\/wordpress\\\/#organization\"},\"image\":{\"@type\":\"ImageObject\",\"url\":\"https:\\\/\\\/acervapaulista.com.br\\\/wordpress\\\/wp-content\\\/uploads\\\/2024\\\/04\\\/WhatsApp-Image-2024-03-04-at-6.40.17-PM.jpeg\",\"width\":1092,\"height\":1280},\"datePublished\":\"2024-04-03T23:01:18-03:00\",\"dateModified\":\"2024-04-03T23:14:49-03:00\",\"inLanguage\":\"pt-BR\",\"mainEntityOfPage\":{\"@id\":\"https:\\\/\\\/acervapaulista.com.br\\\/wordpress\\\/nacional-das-acervas-recife-2024\\\/#webpage\"},\"isPartOf\":{\"@id\":\"https:\\\/\\\/acervapaulista.com.br\\\/wordpress\\\/nacional-das-acervas-recife-2024\\\/#webpage\"},\"articleSection\":\"Evento, Evento aberto, Evento fechado, Evento parceiros, Not\\u00edcia, Parcerias, acerva, bebacommodera\\u00e7\\u00e3o, beerlover, brewday, brewpub, cerveja, cervejaartesanal, cervejacaseira, cervejeiro, cheers, concursocervejacaseira, concursocervejeiro, concursodecervejacaseira, concursos, craftbeer, eufacoaminhacerveja, evento, festival, festivaldecerveja, homebrew, homebrewer, homebrewing, prost, sa\\u00fade, taphouse, vempraacervapaulista, vempraacervasp\"},{\"@type\":\"BreadcrumbList\",\"@id\":\"https:\\\/\\\/acervapaulista.com.br\\\/wordpress\\\/nacional-das-acervas-recife-2024\\\/#breadcrumblist\",\"itemListElement\":[{\"@type\":\"ListItem\",\"@id\":\"https:\\\/\\\/acervapaulista.com.br\\\/wordpress#listItem\",\"position\":1,\"name\":\"Home\",\"item\":\"https:\\\/\\\/acervapaulista.com.br\\\/wordpress\",\"nextItem\":{\"@type\":\"ListItem\",\"@id\":\"https:\\\/\\\/acervapaulista.com.br\\\/wordpress\\\/category\\\/evento\\\/#listItem\",\"name\":\"Evento\"}},{\"@type\":\"ListItem\",\"@id\":\"https:\\\/\\\/acervapaulista.com.br\\\/wordpress\\\/category\\\/evento\\\/#listItem\",\"position\":2,\"name\":\"Evento\",\"item\":\"https:\\\/\\\/acervapaulista.com.br\\\/wordpress\\\/category\\\/evento\\\/\",\"nextItem\":{\"@type\":\"ListItem\",\"@id\":\"https:\\\/\\\/acervapaulista.com.br\\\/wordpress\\\/nacional-das-acervas-recife-2024\\\/#listItem\",\"name\":\"Nacional das ACervAs &#8211; Recife 2024\"},\"previousItem\":{\"@type\":\"ListItem\",\"@id\":\"https:\\\/\\\/acervapaulista.com.br\\\/wordpress#listItem\",\"name\":\"Home\"}},{\"@type\":\"ListItem\",\"@id\":\"https:\\\/\\\/acervapaulista.com.br\\\/wordpress\\\/nacional-das-acervas-recife-2024\\\/#listItem\",\"position\":3,\"name\":\"Nacional das ACervAs &#8211; Recife 2024\",\"previousItem\":{\"@type\":\"ListItem\",\"@id\":\"https:\\\/\\\/acervapaulista.com.br\\\/wordpress\\\/category\\\/evento\\\/#listItem\",\"name\":\"Evento\"}}]},{\"@type\":\"Organization\",\"@id\":\"https:\\\/\\\/acervapaulista.com.br\\\/wordpress\\\/#organization\",\"name\":\"ACervA Paulista\",\"description\":\"Associa\\u00e7\\u00e3o dos Cervejeiros Artesanais Paulistas\",\"url\":\"https:\\\/\\\/acervapaulista.com.br\\\/wordpress\\\/\"},{\"@type\":\"Person\",\"@id\":\"https:\\\/\\\/acervapaulista.com.br\\\/wordpress\\\/author\\\/educhp\\\/#author\",\"url\":\"https:\\\/\\\/acervapaulista.com.br\\\/wordpress\\\/author\\\/educhp\\\/\",\"name\":\"Carlos Santana\",\"image\":{\"@type\":\"ImageObject\",\"@id\":\"https:\\\/\\\/acervapaulista.com.br\\\/wordpress\\\/nacional-das-acervas-recife-2024\\\/#authorImage\",\"url\":\"https:\\\/\\\/secure.gravatar.com\\\/avatar\\\/9bb9fc5ee33332780165f5a66181a659bda39f9fb30b1defd1d1cb01335ebd65?s=96&d=mm&r=g\",\"width\":96,\"height\":96,\"caption\":\"Carlos Santana\"}},{\"@type\":\"WebPage\",\"@id\":\"https:\\\/\\\/acervapaulista.com.br\\\/wordpress\\\/nacional-das-acervas-recife-2024\\\/#webpage\",\"url\":\"https:\\\/\\\/acervapaulista.com.br\\\/wordpress\\\/nacional-das-acervas-recife-2024\\\/\",\"name\":\"Nacional das ACervAs \\u2013 Recife 2024 - ACervA Paulista\",\"description\":\"\\ud83c\\udfc6 Est\\u00e3o abertas as inscri\\u00e7\\u00f5es para o XVII Concurso Nacional das ACervAs - um dos maiores concursos do pa\\u00eds para cervejeiros caseiros!!! \\ud83c\\udf7b N\\u00e3o perca a oportunidade de preparar sua melhor receita para concorrer a pr\\u00eamios e ainda ter um feedback dos maiores especialistas do pa\\u00eds no assunto CERVEJA!! ***O concurso \\u00e9 exclusivo para afiliados\",\"inLanguage\":\"pt-BR\",\"isPartOf\":{\"@id\":\"https:\\\/\\\/acervapaulista.com.br\\\/wordpress\\\/#website\"},\"breadcrumb\":{\"@id\":\"https:\\\/\\\/acervapaulista.com.br\\\/wordpress\\\/nacional-das-acervas-recife-2024\\\/#breadcrumblist\"},\"author\":{\"@id\":\"https:\\\/\\\/acervapaulista.com.br\\\/wordpress\\\/author\\\/educhp\\\/#author\"},\"creator\":{\"@id\":\"https:\\\/\\\/acervapaulista.com.br\\\/wordpress\\\/author\\\/educhp\\\/#author\"},\"image\":{\"@type\":\"ImageObject\",\"url\":\"https:\\\/\\\/acervapaulista.com.br\\\/wordpress\\\/wp-content\\\/uploads\\\/2024\\\/04\\\/WhatsApp-Image-2024-03-04-at-6.40.17-PM.jpeg\",\"@id\":\"https:\\\/\\\/acervapaulista.com.br\\\/wordpress\\\/nacional-das-acervas-recife-2024\\\/#mainImage\",\"width\":1092,\"height\":1280},\"primaryImageOfPage\":{\"@id\":\"https:\\\/\\\/acervapaulista.com.br\\\/wordpress\\\/nacional-das-acervas-recife-2024\\\/#mainImage\"},\"datePublished\":\"2024-04-03T23:01:18-03:00\",\"dateModified\":\"2024-04-03T23:14:49-03:00\"},{\"@type\":\"WebSite\",\"@id\":\"https:\\\/\\\/acervapaulista.com.br\\\/wordpress\\\/#website\",\"url\":\"https:\\\/\\\/acervapaulista.com.br\\\/wordpress\\\/\",\"name\":\"ACervA Paulista\",\"description\":\"Associa\\u00e7\\u00e3o dos Cervejeiros Artesanais Paulistas\",\"inLanguage\":\"pt-BR\",\"publisher\":{\"@id\":\"https:\\\/\\\/acervapaulista.com.br\\\/wordpress\\\/#organization\"}}]}\n\t\t<\/script>\n\t\t<!-- All in One SEO -->\n\n","aioseo_head_json":{"title":"Nacional das ACervAs \u2013 Recife 2024 - ACervA Paulista","description":"\ud83c\udfc6 Est\u00e3o abertas as inscri\u00e7\u00f5es para o XVII Concurso Nacional das ACervAs - um dos maiores concursos do pa\u00eds para cervejeiros caseiros!!! \ud83c\udf7b N\u00e3o perca a oportunidade de preparar sua melhor receita para concorrer a pr\u00eamios e ainda ter um feedback dos maiores especialistas do pa\u00eds no assunto CERVEJA!! ***O concurso \u00e9 exclusivo para afiliados","canonical_url":"https:\/\/acervapaulista.com.br\/wordpress\/nacional-das-acervas-recife-2024\/","robots":"max-image-preview:large","keywords":"","webmasterTools":{"miscellaneous":""},"schema":{"@context":"https:\/\/schema.org","@graph":[{"@type":"BlogPosting","@id":"https:\/\/acervapaulista.com.br\/wordpress\/nacional-das-acervas-recife-2024\/#blogposting","name":"Nacional das ACervAs \u2013 Recife 2024 - ACervA Paulista","headline":"Nacional das ACervAs &#8211; Recife 2024","author":{"@id":"https:\/\/acervapaulista.com.br\/wordpress\/author\/educhp\/#author"},"publisher":{"@id":"https:\/\/acervapaulista.com.br\/wordpress\/#organization"},"image":{"@type":"ImageObject","url":"https:\/\/acervapaulista.com.br\/wordpress\/wp-content\/uploads\/2024\/04\/WhatsApp-Image-2024-03-04-at-6.40.17-PM.jpeg","width":1092,"height":1280},"datePublished":"2024-04-03T23:01:18-03:00","dateModified":"2024-04-03T23:14:49-03:00","inLanguage":"pt-BR","mainEntityOfPage":{"@id":"https:\/\/acervapaulista.com.br\/wordpress\/nacional-das-acervas-recife-2024\/#webpage"},"isPartOf":{"@id":"https:\/\/acervapaulista.com.br\/wordpress\/nacional-das-acervas-recife-2024\/#webpage"},"articleSection":"Evento, Evento aberto, Evento fechado, Evento parceiros, Not\u00edcia, Parcerias, acerva, bebacommodera\u00e7\u00e3o, beerlover, brewday, brewpub, cerveja, cervejaartesanal, cervejacaseira, cervejeiro, cheers, concursocervejacaseira, concursocervejeiro, concursodecervejacaseira, concursos, craftbeer, eufacoaminhacerveja, evento, festival, festivaldecerveja, homebrew, homebrewer, homebrewing, prost, sa\u00fade, taphouse, vempraacervapaulista, vempraacervasp"},{"@type":"BreadcrumbList","@id":"https:\/\/acervapaulista.com.br\/wordpress\/nacional-das-acervas-recife-2024\/#breadcrumblist","itemListElement":[{"@type":"ListItem","@id":"https:\/\/acervapaulista.com.br\/wordpress#listItem","position":1,"name":"Home","item":"https:\/\/acervapaulista.com.br\/wordpress","nextItem":{"@type":"ListItem","@id":"https:\/\/acervapaulista.com.br\/wordpress\/category\/evento\/#listItem","name":"Evento"}},{"@type":"ListItem","@id":"https:\/\/acervapaulista.com.br\/wordpress\/category\/evento\/#listItem","position":2,"name":"Evento","item":"https:\/\/acervapaulista.com.br\/wordpress\/category\/evento\/","nextItem":{"@type":"ListItem","@id":"https:\/\/acervapaulista.com.br\/wordpress\/nacional-das-acervas-recife-2024\/#listItem","name":"Nacional das ACervAs &#8211; Recife 2024"},"previousItem":{"@type":"ListItem","@id":"https:\/\/acervapaulista.com.br\/wordpress#listItem","name":"Home"}},{"@type":"ListItem","@id":"https:\/\/acervapaulista.com.br\/wordpress\/nacional-das-acervas-recife-2024\/#listItem","position":3,"name":"Nacional das ACervAs &#8211; Recife 2024","previousItem":{"@type":"ListItem","@id":"https:\/\/acervapaulista.com.br\/wordpress\/category\/evento\/#listItem","name":"Evento"}}]},{"@type":"Organization","@id":"https:\/\/acervapaulista.com.br\/wordpress\/#organization","name":"ACervA Paulista","description":"Associa\u00e7\u00e3o dos Cervejeiros Artesanais Paulistas","url":"https:\/\/acervapaulista.com.br\/wordpress\/"},{"@type":"Person","@id":"https:\/\/acervapaulista.com.br\/wordpress\/author\/educhp\/#author","url":"https:\/\/acervapaulista.com.br\/wordpress\/author\/educhp\/","name":"Carlos Santana","image":{"@type":"ImageObject","@id":"https:\/\/acervapaulista.com.br\/wordpress\/nacional-das-acervas-recife-2024\/#authorImage","url":"https:\/\/secure.gravatar.com\/avatar\/9bb9fc5ee33332780165f5a66181a659bda39f9fb30b1defd1d1cb01335ebd65?s=96&d=mm&r=g","width":96,"height":96,"caption":"Carlos Santana"}},{"@type":"WebPage","@id":"https:\/\/acervapaulista.com.br\/wordpress\/nacional-das-acervas-recife-2024\/#webpage","url":"https:\/\/acervapaulista.com.br\/wordpress\/nacional-das-acervas-recife-2024\/","name":"Nacional das ACervAs \u2013 Recife 2024 - ACervA Paulista","description":"\ud83c\udfc6 Est\u00e3o abertas as inscri\u00e7\u00f5es para o XVII Concurso Nacional das ACervAs - um dos maiores concursos do pa\u00eds para cervejeiros caseiros!!! \ud83c\udf7b N\u00e3o perca a oportunidade de preparar sua melhor receita para concorrer a pr\u00eamios e ainda ter um feedback dos maiores especialistas do pa\u00eds no assunto CERVEJA!! ***O concurso \u00e9 exclusivo para afiliados","inLanguage":"pt-BR","isPartOf":{"@id":"https:\/\/acervapaulista.com.br\/wordpress\/#website"},"breadcrumb":{"@id":"https:\/\/acervapaulista.com.br\/wordpress\/nacional-das-acervas-recife-2024\/#breadcrumblist"},"author":{"@id":"https:\/\/acervapaulista.com.br\/wordpress\/author\/educhp\/#author"},"creator":{"@id":"https:\/\/acervapaulista.com.br\/wordpress\/author\/educhp\/#author"},"image":{"@type":"ImageObject","url":"https:\/\/acervapaulista.com.br\/wordpress\/wp-content\/uploads\/2024\/04\/WhatsApp-Image-2024-03-04-at-6.40.17-PM.jpeg","@id":"https:\/\/acervapaulista.com.br\/wordpress\/nacional-das-acervas-recife-2024\/#mainImage","width":1092,"height":1280},"primaryImageOfPage":{"@id":"https:\/\/acervapaulista.com.br\/wordpress\/nacional-das-acervas-recife-2024\/#mainImage"},"datePublished":"2024-04-03T23:01:18-03:00","dateModified":"2024-04-03T23:14:49-03:00"},{"@type":"WebSite","@id":"https:\/\/acervapaulista.com.br\/wordpress\/#website","url":"https:\/\/acervapaulista.com.br\/wordpress\/","name":"ACervA Paulista","description":"Associa\u00e7\u00e3o dos Cervejeiros Artesanais Paulistas","inLanguage":"pt-BR","publisher":{"@id":"https:\/\/acervapaulista.com.br\/wordpress\/#organization"}}]},"og:locale":"pt_BR","og:site_name":"ACervA Paulista - Associa\u00e7\u00e3o dos Cervejeiros Artesanais Paulistas","og:type":"article","og:title":"Nacional das ACervAs \u2013 Recife 2024 - ACervA Paulista","og:description":"\ud83c\udfc6 Est\u00e3o abertas as inscri\u00e7\u00f5es para o XVII Concurso Nacional das ACervAs - um dos maiores concursos do pa\u00eds para cervejeiros caseiros!!! \ud83c\udf7b N\u00e3o perca a oportunidade de preparar sua melhor receita para concorrer a pr\u00eamios e ainda ter um feedback dos maiores especialistas do pa\u00eds no assunto CERVEJA!! ***O concurso \u00e9 exclusivo para afiliados","og:url":"https:\/\/acervapaulista.com.br\/wordpress\/nacional-das-acervas-recife-2024\/","article:published_time":"2024-04-04T02:01:18+00:00","article:modified_time":"2024-04-04T02:14:49+00:00","twitter:card":"summary_large_image","twitter:title":"Nacional das ACervAs \u2013 Recife 2024 - ACervA Paulista","twitter:description":"\ud83c\udfc6 Est\u00e3o abertas as inscri\u00e7\u00f5es para o XVII Concurso Nacional das ACervAs - um dos maiores concursos do pa\u00eds para cervejeiros caseiros!!! \ud83c\udf7b N\u00e3o perca a oportunidade de preparar sua melhor receita para concorrer a pr\u00eamios e ainda ter um feedback dos maiores especialistas do pa\u00eds no assunto CERVEJA!! ***O concurso \u00e9 exclusivo para afiliados"},"aioseo_meta_data":{"post_id":"7628","title":null,"description":null,"keywords":[],"keyphrases":{"focus":{"keyphrase":"","score":0,"analysis":{"keyphraseInTitle":{"score":0,"maxScore":9,"error":1}}},"additional":[]},"primary_term":null,"canonical_url":null,"og_title":null,"og_description":null,"og_object_type":"default","og_image_type":"default","og_image_url":null,"og_image_width":null,"og_image_height":null,"og_image_custom_url":null,"og_image_custom_fields":null,"og_video":"","og_custom_url":null,"og_article_section":null,"og_article_tags":[],"twitter_use_og":false,"twitter_card":"default","twitter_image_type":"default","twitter_image_url":null,"twitter_image_custom_url":null,"twitter_image_custom_fields":null,"twitter_title":null,"twitter_description":null,"schema":{"blockGraphs":[],"customGraphs":[],"default":{"data":{"Article":[],"Course":[],"Dataset":[],"FAQPage":[],"Movie":[],"Person":[],"Product":[],"ProductReview":[],"Car":[],"Recipe":[],"Service":[],"SoftwareApplication":[],"WebPage":[]},"graphName":"BlogPosting","isEnabled":true},"graphs":[]},"schema_type":"default","schema_type_options":null,"pillar_content":false,"robots_default":true,"robots_noindex":false,"robots_noarchive":false,"robots_nosnippet":false,"robots_nofollow":false,"robots_noimageindex":false,"robots_noodp":false,"robots_notranslate":false,"robots_max_snippet":"-1","robots_max_videopreview":"-1","robots_max_imagepreview":"large","priority":null,"frequency":"default","local_seo":null,"breadcrumb_settings":null,"limit_modified_date":false,"ai":null,"created":"2024-04-04 01:55:22","updated":"2025-09-06 13:07:53","seo_analyzer_scan_date":null},"aioseo_breadcrumb":"<div class=\"aioseo-breadcrumbs\"><span class=\"aioseo-breadcrumb\">\n\t\t\t<a href=\"https:\/\/acervapaulista.com.br\/wordpress\" title=\"Home\">Home<\/a>\n\t\t<\/span><span class=\"aioseo-breadcrumb-separator\">&raquo;<\/span><span class=\"aioseo-breadcrumb\">\n\t\t\t<a href=\"https:\/\/acervapaulista.com.br\/wordpress\/category\/evento\/\" title=\"Evento\">Evento<\/a>\n\t\t<\/span><span class=\"aioseo-breadcrumb-separator\">&raquo;<\/span><span class=\"aioseo-breadcrumb\">\n\t\t\tNacional das ACervAs \u2013 Recife 2024\n\t\t<\/span><\/div>","aioseo_breadcrumb_json":[{"label":"Home","link":"https:\/\/acervapaulista.com.br\/wordpress"},{"label":"Evento","link":"https:\/\/acervapaulista.com.br\/wordpress\/category\/evento\/"},{"label":"Nacional das ACervAs &#8211; Recife 2024","link":"https:\/\/acervapaulista.com.br\/wordpress\/nacional-das-acervas-recife-2024\/"}],"_links":{"self":[{"href":"https:\/\/acervapaulista.com.br\/wordpress\/wp-json\/wp\/v2\/posts\/7628","targetHints":{"allow":["GET"]}}],"collection":[{"href":"https:\/\/acervapaulista.com.br\/wordpress\/wp-json\/wp\/v2\/posts"}],"about":[{"href":"https:\/\/acervapaulista.com.br\/wordpress\/wp-json\/wp\/v2\/types\/post"}],"author":[{"embeddable":true,"href":"https:\/\/acervapaulista.com.br\/wordpress\/wp-json\/wp\/v2\/users\/84"}],"replies":[{"embeddable":true,"href":"https:\/\/acervapaulista.com.br\/wordpress\/wp-json\/wp\/v2\/comments?post=7628"}],"version-history":[{"count":3,"href":"https:\/\/acervapaulista.com.br\/wordpress\/wp-json\/wp\/v2\/posts\/7628\/revisions"}],"predecessor-version":[{"id":7632,"href":"https:\/\/acervapaulista.com.br\/wordpress\/wp-json\/wp\/v2\/posts\/7628\/revisions\/7632"}],"wp:featuredmedia":[{"embeddable":true,"href":"https:\/\/acervapaulista.com.br\/wordpress\/wp-json\/wp\/v2\/media\/7630"}],"wp:attachment":[{"href":"https:\/\/acervapaulista.com.br\/wordpress\/wp-json\/wp\/v2\/media?parent=7628"}],"wp:term":[{"taxonomy":"category","embeddable":true,"href":"https:\/\/acervapaulista.com.br\/wordpress\/wp-json\/wp\/v2\/categories?post=7628"},{"taxonomy":"post_tag","embeddable":true,"href":"https:\/\/acervapaulista.com.br\/wordpress\/wp-json\/wp\/v2\/tags?post=7628"}],"curies":[{"name":"wp","href":"https:\/\/api.w.org\/{rel}","templated":true}]}}