{"id":7382,"date":"2023-11-13T22:26:06","date_gmt":"2023-11-14T01:26:06","guid":{"rendered":"https:\/\/acervapaulista.com.br\/wordpress\/?p=7382"},"modified":"2023-11-13T22:26:07","modified_gmt":"2023-11-14T01:26:07","slug":"13-anos-de-muita-historia","status":"publish","type":"post","link":"https:\/\/acervapaulista.com.br\/wordpress\/13-anos-de-muita-historia\/","title":{"rendered":"13 anos de muita hist\u00f3ria!"},"content":{"rendered":"\n<p class=\"wp-block-paragraph\">13 anos de muita hist\u00f3ria!<\/p>\n\n\n\n<p class=\"wp-block-paragraph\">ACervA Paulista: celebrando a cultura cervejeira<\/p>\n\n\n\n<p class=\"wp-block-paragraph\">Hoje, 13 de novembro de 2023, a ACervA Paulista completa 13 anos de exist\u00eancia. \u00c9 um momento de celebra\u00e7\u00e3o para todos n\u00f3s que fazemos parte dessa hist\u00f3ria.<\/p>\n\n\n\n<p class=\"wp-block-paragraph\">A ACervA Paulista foi fundada em 2010 por um grupo de cervejeiros artesanais apaixonados pela cultura cervejeira. Desde ent\u00e3o, a associa\u00e7\u00e3o tem trabalhado incansavelmente para promover o desenvolvimento da produ\u00e7\u00e3o artesanal de cerveja e a educa\u00e7\u00e3o cervejeira.<\/p>\n\n\n\n<p class=\"wp-block-paragraph\">Ao longo desses 13 anos, a ACervA Paulista realizou in\u00fameras a\u00e7\u00f5es que contribu\u00edram para o crescimento do setor cervejeiro artesanal no estado de S\u00e3o Paulo.<\/p>\n\n\n\n<p class=\"wp-block-paragraph\">Neste dia especial, queremos agradecer a todos os associados, volunt\u00e1rios e parceiros que contribu\u00edram para a constru\u00e7\u00e3o dessa hist\u00f3ria. Juntos, estamos construindo um futuro promissor para a cultura cervejeira no estado de S\u00e3o Paulo.<\/p>\n\n\n\n<p class=\"wp-block-paragraph\">Um brinde aos 13 anos da ACervA Paulista!<\/p>\n\n\n\n<p class=\"wp-block-paragraph\">Acesse aqui para saber mais sobre as nossas atividades e como se tornar associado, <a href=\"https:\/\/acervapaulista.com.br\/categoria-produto\/associacao\/\" title=\"\">clique aqui \u2705<\/a><\/p>\n\n\n\n<p class=\"wp-block-paragraph\">Vem Pra ACervA Paulista!<\/p>\n\n\n\n<p class=\"wp-block-paragraph\"><\/p>\n\n\n\n<p class=\"wp-block-paragraph\">#eufa\u00e7oaminhacerveja #cervejaartesanal #cervejafeitaemcasa #cervejeirocaseiro #cervejeiroscaseiros #homebrew #homebrewer #homebrewing #homebrewlife #craftbeer #beerlovers #beergeek #beertasting #brewday #craftbeercommunity #homebrewclub #euapoioocomerciolocal #parcerias #euapoiooprodutobrasileiro #valorizeoprodutonacional #feitonobrasil #cervejaartesanalsp #cervejapaulista #cervejeirosdesp #cervejasp #cervejeirospaulistas #acervapaulista #VemPraAcervaPaulista<\/p>\n\n\n\n<p class=\"wp-block-paragraph\">Diretoria Gest\u00e3o 2023\/2024<\/p>\n\n\n\n<p class=\"wp-block-paragraph\"><\/p>\n\n\n\n<p class=\"wp-block-paragraph\"><\/p>\n\n\n\n<p class=\"has-black-color has-text-color wp-block-paragraph\"><\/p>\n\n\n\n<p class=\"wp-block-paragraph\"><\/p>\n\n\n\n<p class=\"wp-block-paragraph\"><\/p>\n\n\n\n<p class=\"wp-block-paragraph\"><\/p>\n","protected":false},"excerpt":{"rendered":"<p>13 anos de muita hist\u00f3ria! ACervA Paulista: celebrando a cultura cervejeira Hoje, 13 de novembro de 2023, a ACervA Paulista completa 13 anos de exist\u00eancia. \u00c9 um momento de celebra\u00e7\u00e3o para todos n\u00f3s que fazemos parte dessa hist\u00f3ria. A ACervA Paulista foi fundada em 2010 por um grupo de cervejeiros artesanais apaixonados pela cultura cervejeira. Desde ent\u00e3o, a associa\u00e7\u00e3o tem trabalhado incansavelmente para promover o desenvolvimento da produ\u00e7\u00e3o artesanal de cerveja e a educa\u00e7\u00e3o cervejeira. Ao longo desses 13 anos, a ACervA Paulista realizou in\u00fameras a\u00e7\u00f5es que contribu\u00edram para o crescimento do setor cervejeiro artesanal no estado de S\u00e3o Paulo. Neste dia especial, queremos agradecer a todos os associados, volunt\u00e1rios e parceiros que contribu\u00edram para a constru\u00e7\u00e3o dessa hist\u00f3ria. Juntos, estamos construindo um futuro promissor para a cultura cervejeira no estado de S\u00e3o Paulo. Um brinde aos 13 anos da ACervA Paulista! Acesse aqui para saber mais sobre as nossas atividades e como se tornar associado, clique aqui \u2705 Vem Pra ACervA Paulista! #eufa\u00e7oaminhacerveja #cervejaartesanal #cervejafeitaemcasa #cervejeirocaseiro #cervejeiroscaseiros #homebrew #homebrewer #homebrewing #homebrewlife #craftbeer #beerlovers #beergeek #beertasting #brewday #craftbeercommunity #homebrewclub #euapoioocomerciolocal #parcerias #euapoiooprodutobrasileiro #valorizeoprodutonacional #feitonobrasil #cervejaartesanalsp #cervejapaulista #cervejeirosdesp #cervejasp #cervejeirospaulistas #acervapaulista #VemPraAcervaPaulista Diretoria Gest\u00e3o 2023\/2024<\/p>\n","protected":false},"author":84,"featured_media":7385,"comment_status":"closed","ping_status":"open","sticky":false,"template":"","format":"standard","meta":{"pmpro_default_level":"","_price":"","_stock":"","_tribe_ticket_header":"","_tribe_default_ticket_provider":"","_tribe_ticket_capacity":"0","_ticket_start_date":"","_ticket_end_date":"","_tribe_ticket_show_description":"","_tribe_ticket_show_not_going":false,"_tribe_ticket_use_global_stock":"","_tribe_ticket_global_stock_level":"","_global_stock_mode":"","_global_stock_cap":"","_tribe_rsvp_for_event":"","_tribe_ticket_going_count":"","_tribe_ticket_not_going_count":"","_tribe_tickets_list":"[]","_tribe_ticket_has_attendee_info_fields":false,"footnotes":""},"categories":[9,149,150,148],"tags":[184,267,266,268,269,204,276,261,277,279,251,262,278,280,265,270,272,273,212,275,252,271,253,263,264,171,274,218],"class_list":["post-7382","post","type-post","status-publish","format-standard","has-post-thumbnail","hentry","category-evento","category-evento-aberto","category-evento-fechado","category-noticia","tag-acervapaulista","tag-beergeek","tag-beerlovers","tag-beertasting","tag-brewday","tag-cervejaartesanal","tag-cervejaartesanalsp","tag-cervejafeitaemcasa","tag-cervejapaulista","tag-cervejasp","tag-cervejeirocaseiro","tag-cervejeiroscaseiros","tag-cervejeirosdesp","tag-cervejeirospaulistas","tag-craftbeer","tag-craftbeercommunity","tag-euapoioocomerciolocal","tag-euapoiooprodutobrasileiro","tag-eufacoaminhacerveja","tag-feitonobrasil","tag-homebrew","tag-homebrewclub","tag-homebrewer","tag-homebrewing","tag-homebrewlife","tag-parcerias","tag-valorizeoprodutonacional","tag-vempraacervapaulista","pmpro-has-access"],"aioseo_notices":[],"aioseo_head":"\n\t\t<!-- All in One SEO 4.9.10 - aioseo.com -->\n\t<meta name=\"description\" content=\"13 anos de muita hist\u00f3ria! ACervA Paulista: celebrando a cultura cervejeira Hoje, 13 de novembro de 2023, a ACervA Paulista completa 13 anos de exist\u00eancia. \u00c9 um momento de celebra\u00e7\u00e3o para todos n\u00f3s que fazemos parte dessa hist\u00f3ria. A ACervA Paulista foi fundada em 2010 por um grupo de cervejeiros artesanais apaixonados pela cultura cervejeira.\" \/>\n\t<meta name=\"robots\" content=\"max-image-preview:large\" \/>\n\t<meta name=\"author\" content=\"Carlos Santana\"\/>\n\t<link rel=\"canonical\" href=\"https:\/\/acervapaulista.com.br\/wordpress\/13-anos-de-muita-historia\/\" \/>\n\t<meta name=\"generator\" content=\"All in One SEO (AIOSEO) 4.9.10\" \/>\n\t\t<meta property=\"og:locale\" content=\"pt_BR\" \/>\n\t\t<meta property=\"og:site_name\" content=\"ACervA Paulista - Associa\u00e7\u00e3o dos Cervejeiros Artesanais Paulistas\" \/>\n\t\t<meta property=\"og:type\" content=\"article\" \/>\n\t\t<meta property=\"og:title\" content=\"13 anos de muita hist\u00f3ria! - ACervA Paulista\" \/>\n\t\t<meta property=\"og:description\" content=\"13 anos de muita hist\u00f3ria! ACervA Paulista: celebrando a cultura cervejeira Hoje, 13 de novembro de 2023, a ACervA Paulista completa 13 anos de exist\u00eancia. \u00c9 um momento de celebra\u00e7\u00e3o para todos n\u00f3s que fazemos parte dessa hist\u00f3ria. A ACervA Paulista foi fundada em 2010 por um grupo de cervejeiros artesanais apaixonados pela cultura cervejeira.\" \/>\n\t\t<meta property=\"og:url\" content=\"https:\/\/acervapaulista.com.br\/wordpress\/13-anos-de-muita-historia\/\" \/>\n\t\t<meta property=\"article:published_time\" content=\"2023-11-14T01:26:06+00:00\" \/>\n\t\t<meta property=\"article:modified_time\" content=\"2023-11-14T01:26:07+00:00\" \/>\n\t\t<meta name=\"twitter:card\" content=\"summary_large_image\" \/>\n\t\t<meta name=\"twitter:title\" content=\"13 anos de muita hist\u00f3ria! - ACervA Paulista\" \/>\n\t\t<meta name=\"twitter:description\" content=\"13 anos de muita hist\u00f3ria! ACervA Paulista: celebrando a cultura cervejeira Hoje, 13 de novembro de 2023, a ACervA Paulista completa 13 anos de exist\u00eancia. \u00c9 um momento de celebra\u00e7\u00e3o para todos n\u00f3s que fazemos parte dessa hist\u00f3ria. A ACervA Paulista foi fundada em 2010 por um grupo de cervejeiros artesanais apaixonados pela cultura cervejeira.\" \/>\n\t\t<script type=\"application\/ld+json\" class=\"aioseo-schema\">\n\t\t\t{\"@context\":\"https:\\\/\\\/schema.org\",\"@graph\":[{\"@type\":\"BlogPosting\",\"@id\":\"https:\\\/\\\/acervapaulista.com.br\\\/wordpress\\\/13-anos-de-muita-historia\\\/#blogposting\",\"name\":\"13 anos de muita hist\\u00f3ria! - ACervA Paulista\",\"headline\":\"13 anos de muita hist\\u00f3ria!\",\"author\":{\"@id\":\"https:\\\/\\\/acervapaulista.com.br\\\/wordpress\\\/author\\\/educhp\\\/#author\"},\"publisher\":{\"@id\":\"https:\\\/\\\/acervapaulista.com.br\\\/wordpress\\\/#organization\"},\"image\":{\"@type\":\"ImageObject\",\"url\":\"https:\\\/\\\/acervapaulista.com.br\\\/wordpress\\\/wp-content\\\/uploads\\\/2023\\\/11\\\/13-ANOS-4.png\",\"width\":3520,\"height\":3520},\"datePublished\":\"2023-11-13T22:26:06-03:00\",\"dateModified\":\"2023-11-13T22:26:07-03:00\",\"inLanguage\":\"pt-BR\",\"mainEntityOfPage\":{\"@id\":\"https:\\\/\\\/acervapaulista.com.br\\\/wordpress\\\/13-anos-de-muita-historia\\\/#webpage\"},\"isPartOf\":{\"@id\":\"https:\\\/\\\/acervapaulista.com.br\\\/wordpress\\\/13-anos-de-muita-historia\\\/#webpage\"},\"articleSection\":\"Evento, Evento aberto, Evento fechado, Not\\u00edcia, acervapaulista, beergeek, beerlovers, beertasting, brewday, cervejaartesanal, cervejaartesanalsp, cervejafeitaemcasa, cervejapaulista, cervejasp, cervejeirocaseiro, cervejeiroscaseiros, cervejeirosdesp, cervejeirospaulistas, craftbeer, craftbeercommunity, euapoioocomerciolocal, euapoiooprodutobrasileiro, eufa\\u00e7oaminhacerveja, feitonobrasil, homebrew, homebrewclub, homebrewer, homebrewing, homebrewlife, Parcerias, valorizeoprodutonacional, vempraacervapaulista\"},{\"@type\":\"BreadcrumbList\",\"@id\":\"https:\\\/\\\/acervapaulista.com.br\\\/wordpress\\\/13-anos-de-muita-historia\\\/#breadcrumblist\",\"itemListElement\":[{\"@type\":\"ListItem\",\"@id\":\"https:\\\/\\\/acervapaulista.com.br\\\/wordpress#listItem\",\"position\":1,\"name\":\"Home\",\"item\":\"https:\\\/\\\/acervapaulista.com.br\\\/wordpress\",\"nextItem\":{\"@type\":\"ListItem\",\"@id\":\"https:\\\/\\\/acervapaulista.com.br\\\/wordpress\\\/category\\\/evento\\\/#listItem\",\"name\":\"Evento\"}},{\"@type\":\"ListItem\",\"@id\":\"https:\\\/\\\/acervapaulista.com.br\\\/wordpress\\\/category\\\/evento\\\/#listItem\",\"position\":2,\"name\":\"Evento\",\"item\":\"https:\\\/\\\/acervapaulista.com.br\\\/wordpress\\\/category\\\/evento\\\/\",\"nextItem\":{\"@type\":\"ListItem\",\"@id\":\"https:\\\/\\\/acervapaulista.com.br\\\/wordpress\\\/13-anos-de-muita-historia\\\/#listItem\",\"name\":\"13 anos de muita hist\\u00f3ria!\"},\"previousItem\":{\"@type\":\"ListItem\",\"@id\":\"https:\\\/\\\/acervapaulista.com.br\\\/wordpress#listItem\",\"name\":\"Home\"}},{\"@type\":\"ListItem\",\"@id\":\"https:\\\/\\\/acervapaulista.com.br\\\/wordpress\\\/13-anos-de-muita-historia\\\/#listItem\",\"position\":3,\"name\":\"13 anos de muita hist\\u00f3ria!\",\"previousItem\":{\"@type\":\"ListItem\",\"@id\":\"https:\\\/\\\/acervapaulista.com.br\\\/wordpress\\\/category\\\/evento\\\/#listItem\",\"name\":\"Evento\"}}]},{\"@type\":\"Organization\",\"@id\":\"https:\\\/\\\/acervapaulista.com.br\\\/wordpress\\\/#organization\",\"name\":\"ACervA Paulista\",\"description\":\"Associa\\u00e7\\u00e3o dos Cervejeiros Artesanais Paulistas\",\"url\":\"https:\\\/\\\/acervapaulista.com.br\\\/wordpress\\\/\"},{\"@type\":\"Person\",\"@id\":\"https:\\\/\\\/acervapaulista.com.br\\\/wordpress\\\/author\\\/educhp\\\/#author\",\"url\":\"https:\\\/\\\/acervapaulista.com.br\\\/wordpress\\\/author\\\/educhp\\\/\",\"name\":\"Carlos Santana\",\"image\":{\"@type\":\"ImageObject\",\"@id\":\"https:\\\/\\\/acervapaulista.com.br\\\/wordpress\\\/13-anos-de-muita-historia\\\/#authorImage\",\"url\":\"https:\\\/\\\/secure.gravatar.com\\\/avatar\\\/9bb9fc5ee33332780165f5a66181a659bda39f9fb30b1defd1d1cb01335ebd65?s=96&d=mm&r=g\",\"width\":96,\"height\":96,\"caption\":\"Carlos Santana\"}},{\"@type\":\"WebPage\",\"@id\":\"https:\\\/\\\/acervapaulista.com.br\\\/wordpress\\\/13-anos-de-muita-historia\\\/#webpage\",\"url\":\"https:\\\/\\\/acervapaulista.com.br\\\/wordpress\\\/13-anos-de-muita-historia\\\/\",\"name\":\"13 anos de muita hist\\u00f3ria! - ACervA Paulista\",\"description\":\"13 anos de muita hist\\u00f3ria! ACervA Paulista: celebrando a cultura cervejeira Hoje, 13 de novembro de 2023, a ACervA Paulista completa 13 anos de exist\\u00eancia. \\u00c9 um momento de celebra\\u00e7\\u00e3o para todos n\\u00f3s que fazemos parte dessa hist\\u00f3ria. A ACervA Paulista foi fundada em 2010 por um grupo de cervejeiros artesanais apaixonados pela cultura cervejeira.\",\"inLanguage\":\"pt-BR\",\"isPartOf\":{\"@id\":\"https:\\\/\\\/acervapaulista.com.br\\\/wordpress\\\/#website\"},\"breadcrumb\":{\"@id\":\"https:\\\/\\\/acervapaulista.com.br\\\/wordpress\\\/13-anos-de-muita-historia\\\/#breadcrumblist\"},\"author\":{\"@id\":\"https:\\\/\\\/acervapaulista.com.br\\\/wordpress\\\/author\\\/educhp\\\/#author\"},\"creator\":{\"@id\":\"https:\\\/\\\/acervapaulista.com.br\\\/wordpress\\\/author\\\/educhp\\\/#author\"},\"image\":{\"@type\":\"ImageObject\",\"url\":\"https:\\\/\\\/acervapaulista.com.br\\\/wordpress\\\/wp-content\\\/uploads\\\/2023\\\/11\\\/13-ANOS-4.png\",\"@id\":\"https:\\\/\\\/acervapaulista.com.br\\\/wordpress\\\/13-anos-de-muita-historia\\\/#mainImage\",\"width\":3520,\"height\":3520},\"primaryImageOfPage\":{\"@id\":\"https:\\\/\\\/acervapaulista.com.br\\\/wordpress\\\/13-anos-de-muita-historia\\\/#mainImage\"},\"datePublished\":\"2023-11-13T22:26:06-03:00\",\"dateModified\":\"2023-11-13T22:26:07-03:00\"},{\"@type\":\"WebSite\",\"@id\":\"https:\\\/\\\/acervapaulista.com.br\\\/wordpress\\\/#website\",\"url\":\"https:\\\/\\\/acervapaulista.com.br\\\/wordpress\\\/\",\"name\":\"ACervA Paulista\",\"description\":\"Associa\\u00e7\\u00e3o dos Cervejeiros Artesanais Paulistas\",\"inLanguage\":\"pt-BR\",\"publisher\":{\"@id\":\"https:\\\/\\\/acervapaulista.com.br\\\/wordpress\\\/#organization\"}}]}\n\t\t<\/script>\n\t\t<!-- All in One SEO -->\n\n","aioseo_head_json":{"title":"13 anos de muita hist\u00f3ria! - ACervA Paulista","description":"13 anos de muita hist\u00f3ria! ACervA Paulista: celebrando a cultura cervejeira Hoje, 13 de novembro de 2023, a ACervA Paulista completa 13 anos de exist\u00eancia. \u00c9 um momento de celebra\u00e7\u00e3o para todos n\u00f3s que fazemos parte dessa hist\u00f3ria. A ACervA Paulista foi fundada em 2010 por um grupo de cervejeiros artesanais apaixonados pela cultura cervejeira.","canonical_url":"https:\/\/acervapaulista.com.br\/wordpress\/13-anos-de-muita-historia\/","robots":"max-image-preview:large","keywords":"","webmasterTools":{"miscellaneous":""},"schema":{"@context":"https:\/\/schema.org","@graph":[{"@type":"BlogPosting","@id":"https:\/\/acervapaulista.com.br\/wordpress\/13-anos-de-muita-historia\/#blogposting","name":"13 anos de muita hist\u00f3ria! - ACervA Paulista","headline":"13 anos de muita hist\u00f3ria!","author":{"@id":"https:\/\/acervapaulista.com.br\/wordpress\/author\/educhp\/#author"},"publisher":{"@id":"https:\/\/acervapaulista.com.br\/wordpress\/#organization"},"image":{"@type":"ImageObject","url":"https:\/\/acervapaulista.com.br\/wordpress\/wp-content\/uploads\/2023\/11\/13-ANOS-4.png","width":3520,"height":3520},"datePublished":"2023-11-13T22:26:06-03:00","dateModified":"2023-11-13T22:26:07-03:00","inLanguage":"pt-BR","mainEntityOfPage":{"@id":"https:\/\/acervapaulista.com.br\/wordpress\/13-anos-de-muita-historia\/#webpage"},"isPartOf":{"@id":"https:\/\/acervapaulista.com.br\/wordpress\/13-anos-de-muita-historia\/#webpage"},"articleSection":"Evento, Evento aberto, Evento fechado, Not\u00edcia, acervapaulista, beergeek, beerlovers, beertasting, brewday, cervejaartesanal, cervejaartesanalsp, cervejafeitaemcasa, cervejapaulista, cervejasp, cervejeirocaseiro, cervejeiroscaseiros, cervejeirosdesp, cervejeirospaulistas, craftbeer, craftbeercommunity, euapoioocomerciolocal, euapoiooprodutobrasileiro, eufa\u00e7oaminhacerveja, feitonobrasil, homebrew, homebrewclub, homebrewer, homebrewing, homebrewlife, Parcerias, valorizeoprodutonacional, vempraacervapaulista"},{"@type":"BreadcrumbList","@id":"https:\/\/acervapaulista.com.br\/wordpress\/13-anos-de-muita-historia\/#breadcrumblist","itemListElement":[{"@type":"ListItem","@id":"https:\/\/acervapaulista.com.br\/wordpress#listItem","position":1,"name":"Home","item":"https:\/\/acervapaulista.com.br\/wordpress","nextItem":{"@type":"ListItem","@id":"https:\/\/acervapaulista.com.br\/wordpress\/category\/evento\/#listItem","name":"Evento"}},{"@type":"ListItem","@id":"https:\/\/acervapaulista.com.br\/wordpress\/category\/evento\/#listItem","position":2,"name":"Evento","item":"https:\/\/acervapaulista.com.br\/wordpress\/category\/evento\/","nextItem":{"@type":"ListItem","@id":"https:\/\/acervapaulista.com.br\/wordpress\/13-anos-de-muita-historia\/#listItem","name":"13 anos de muita hist\u00f3ria!"},"previousItem":{"@type":"ListItem","@id":"https:\/\/acervapaulista.com.br\/wordpress#listItem","name":"Home"}},{"@type":"ListItem","@id":"https:\/\/acervapaulista.com.br\/wordpress\/13-anos-de-muita-historia\/#listItem","position":3,"name":"13 anos de muita hist\u00f3ria!","previousItem":{"@type":"ListItem","@id":"https:\/\/acervapaulista.com.br\/wordpress\/category\/evento\/#listItem","name":"Evento"}}]},{"@type":"Organization","@id":"https:\/\/acervapaulista.com.br\/wordpress\/#organization","name":"ACervA Paulista","description":"Associa\u00e7\u00e3o dos Cervejeiros Artesanais Paulistas","url":"https:\/\/acervapaulista.com.br\/wordpress\/"},{"@type":"Person","@id":"https:\/\/acervapaulista.com.br\/wordpress\/author\/educhp\/#author","url":"https:\/\/acervapaulista.com.br\/wordpress\/author\/educhp\/","name":"Carlos Santana","image":{"@type":"ImageObject","@id":"https:\/\/acervapaulista.com.br\/wordpress\/13-anos-de-muita-historia\/#authorImage","url":"https:\/\/secure.gravatar.com\/avatar\/9bb9fc5ee33332780165f5a66181a659bda39f9fb30b1defd1d1cb01335ebd65?s=96&d=mm&r=g","width":96,"height":96,"caption":"Carlos Santana"}},{"@type":"WebPage","@id":"https:\/\/acervapaulista.com.br\/wordpress\/13-anos-de-muita-historia\/#webpage","url":"https:\/\/acervapaulista.com.br\/wordpress\/13-anos-de-muita-historia\/","name":"13 anos de muita hist\u00f3ria! - ACervA Paulista","description":"13 anos de muita hist\u00f3ria! ACervA Paulista: celebrando a cultura cervejeira Hoje, 13 de novembro de 2023, a ACervA Paulista completa 13 anos de exist\u00eancia. \u00c9 um momento de celebra\u00e7\u00e3o para todos n\u00f3s que fazemos parte dessa hist\u00f3ria. A ACervA Paulista foi fundada em 2010 por um grupo de cervejeiros artesanais apaixonados pela cultura cervejeira.","inLanguage":"pt-BR","isPartOf":{"@id":"https:\/\/acervapaulista.com.br\/wordpress\/#website"},"breadcrumb":{"@id":"https:\/\/acervapaulista.com.br\/wordpress\/13-anos-de-muita-historia\/#breadcrumblist"},"author":{"@id":"https:\/\/acervapaulista.com.br\/wordpress\/author\/educhp\/#author"},"creator":{"@id":"https:\/\/acervapaulista.com.br\/wordpress\/author\/educhp\/#author"},"image":{"@type":"ImageObject","url":"https:\/\/acervapaulista.com.br\/wordpress\/wp-content\/uploads\/2023\/11\/13-ANOS-4.png","@id":"https:\/\/acervapaulista.com.br\/wordpress\/13-anos-de-muita-historia\/#mainImage","width":3520,"height":3520},"primaryImageOfPage":{"@id":"https:\/\/acervapaulista.com.br\/wordpress\/13-anos-de-muita-historia\/#mainImage"},"datePublished":"2023-11-13T22:26:06-03:00","dateModified":"2023-11-13T22:26:07-03:00"},{"@type":"WebSite","@id":"https:\/\/acervapaulista.com.br\/wordpress\/#website","url":"https:\/\/acervapaulista.com.br\/wordpress\/","name":"ACervA Paulista","description":"Associa\u00e7\u00e3o dos Cervejeiros Artesanais Paulistas","inLanguage":"pt-BR","publisher":{"@id":"https:\/\/acervapaulista.com.br\/wordpress\/#organization"}}]},"og:locale":"pt_BR","og:site_name":"ACervA Paulista - Associa\u00e7\u00e3o dos Cervejeiros Artesanais Paulistas","og:type":"article","og:title":"13 anos de muita hist\u00f3ria! - ACervA Paulista","og:description":"13 anos de muita hist\u00f3ria! ACervA Paulista: celebrando a cultura cervejeira Hoje, 13 de novembro de 2023, a ACervA Paulista completa 13 anos de exist\u00eancia. \u00c9 um momento de celebra\u00e7\u00e3o para todos n\u00f3s que fazemos parte dessa hist\u00f3ria. A ACervA Paulista foi fundada em 2010 por um grupo de cervejeiros artesanais apaixonados pela cultura cervejeira.","og:url":"https:\/\/acervapaulista.com.br\/wordpress\/13-anos-de-muita-historia\/","article:published_time":"2023-11-14T01:26:06+00:00","article:modified_time":"2023-11-14T01:26:07+00:00","twitter:card":"summary_large_image","twitter:title":"13 anos de muita hist\u00f3ria! - ACervA Paulista","twitter:description":"13 anos de muita hist\u00f3ria! ACervA Paulista: celebrando a cultura cervejeira Hoje, 13 de novembro de 2023, a ACervA Paulista completa 13 anos de exist\u00eancia. \u00c9 um momento de celebra\u00e7\u00e3o para todos n\u00f3s que fazemos parte dessa hist\u00f3ria. A ACervA Paulista foi fundada em 2010 por um grupo de cervejeiros artesanais apaixonados pela cultura cervejeira."},"aioseo_meta_data":{"post_id":"7382","title":null,"description":null,"keywords":[],"keyphrases":{"focus":{"keyphrase":"","score":0,"analysis":{"keyphraseInTitle":{"score":0,"maxScore":9,"error":1}}},"additional":[]},"primary_term":null,"canonical_url":null,"og_title":null,"og_description":null,"og_object_type":"default","og_image_type":"default","og_image_url":null,"og_image_width":null,"og_image_height":null,"og_image_custom_url":null,"og_image_custom_fields":null,"og_video":"","og_custom_url":null,"og_article_section":null,"og_article_tags":[],"twitter_use_og":false,"twitter_card":"default","twitter_image_type":"default","twitter_image_url":null,"twitter_image_custom_url":null,"twitter_image_custom_fields":null,"twitter_title":null,"twitter_description":null,"schema":{"blockGraphs":[],"customGraphs":[],"default":{"data":{"Article":[],"Course":[],"Dataset":[],"FAQPage":[],"Movie":[],"Person":[],"Product":[],"ProductReview":[],"Car":[],"Recipe":[],"Service":[],"SoftwareApplication":[],"WebPage":[]},"graphName":"BlogPosting","isEnabled":true},"graphs":[]},"schema_type":"default","schema_type_options":null,"pillar_content":false,"robots_default":true,"robots_noindex":false,"robots_noarchive":false,"robots_nosnippet":false,"robots_nofollow":false,"robots_noimageindex":false,"robots_noodp":false,"robots_notranslate":false,"robots_max_snippet":"-1","robots_max_videopreview":"-1","robots_max_imagepreview":"large","priority":null,"frequency":"default","local_seo":null,"breadcrumb_settings":null,"limit_modified_date":false,"ai":null,"created":"2023-11-14 01:20:25","updated":"2025-09-06 13:04:15","seo_analyzer_scan_date":null},"aioseo_breadcrumb":"<div class=\"aioseo-breadcrumbs\"><span class=\"aioseo-breadcrumb\">\n\t\t\t<a href=\"https:\/\/acervapaulista.com.br\/wordpress\" title=\"Home\">Home<\/a>\n\t\t<\/span><span class=\"aioseo-breadcrumb-separator\">&raquo;<\/span><span class=\"aioseo-breadcrumb\">\n\t\t\t<a href=\"https:\/\/acervapaulista.com.br\/wordpress\/category\/evento\/\" title=\"Evento\">Evento<\/a>\n\t\t<\/span><span class=\"aioseo-breadcrumb-separator\">&raquo;<\/span><span class=\"aioseo-breadcrumb\">\n\t\t\t13 anos de muita hist\u00f3ria!\n\t\t<\/span><\/div>","aioseo_breadcrumb_json":[{"label":"Home","link":"https:\/\/acervapaulista.com.br\/wordpress"},{"label":"Evento","link":"https:\/\/acervapaulista.com.br\/wordpress\/category\/evento\/"},{"label":"13 anos de muita hist\u00f3ria!","link":"https:\/\/acervapaulista.com.br\/wordpress\/13-anos-de-muita-historia\/"}],"_links":{"self":[{"href":"https:\/\/acervapaulista.com.br\/wordpress\/wp-json\/wp\/v2\/posts\/7382","targetHints":{"allow":["GET"]}}],"collection":[{"href":"https:\/\/acervapaulista.com.br\/wordpress\/wp-json\/wp\/v2\/posts"}],"about":[{"href":"https:\/\/acervapaulista.com.br\/wordpress\/wp-json\/wp\/v2\/types\/post"}],"author":[{"embeddable":true,"href":"https:\/\/acervapaulista.com.br\/wordpress\/wp-json\/wp\/v2\/users\/84"}],"replies":[{"embeddable":true,"href":"https:\/\/acervapaulista.com.br\/wordpress\/wp-json\/wp\/v2\/comments?post=7382"}],"version-history":[{"count":2,"href":"https:\/\/acervapaulista.com.br\/wordpress\/wp-json\/wp\/v2\/posts\/7382\/revisions"}],"predecessor-version":[{"id":7384,"href":"https:\/\/acervapaulista.com.br\/wordpress\/wp-json\/wp\/v2\/posts\/7382\/revisions\/7384"}],"wp:featuredmedia":[{"embeddable":true,"href":"https:\/\/acervapaulista.com.br\/wordpress\/wp-json\/wp\/v2\/media\/7385"}],"wp:attachment":[{"href":"https:\/\/acervapaulista.com.br\/wordpress\/wp-json\/wp\/v2\/media?parent=7382"}],"wp:term":[{"taxonomy":"category","embeddable":true,"href":"https:\/\/acervapaulista.com.br\/wordpress\/wp-json\/wp\/v2\/categories?post=7382"},{"taxonomy":"post_tag","embeddable":true,"href":"https:\/\/acervapaulista.com.br\/wordpress\/wp-json\/wp\/v2\/tags?post=7382"}],"curies":[{"name":"wp","href":"https:\/\/api.w.org\/{rel}","templated":true}]}}