{"id":7302,"date":"2023-10-31T12:17:23","date_gmt":"2023-10-31T15:17:23","guid":{"rendered":"https:\/\/acervapaulista.com.br\/wordpress\/?p=7302"},"modified":"2023-11-27T16:29:13","modified_gmt":"2023-11-27T19:29:13","slug":"festa-de-fim-de-ano-acerva-paulista-2023","status":"publish","type":"post","link":"https:\/\/acervapaulista.com.br\/wordpress\/festa-de-fim-de-ano-acerva-paulista-2023\/","title":{"rendered":"FESTA DE FIM DE ANO ACERVA PAULISTA 2023"},"content":{"rendered":"<p>A tradicional festa de fim de ano da ACervA Paulista j\u00e1 tem local e data marcada, n\u00e3o fique de fora&hellip;<\/p>\n<p><span class=\"wppb-frontend-restriction-message wppb-content-restriction-message\"><\/p>\n<p>A tradicional festa de fim de ano da ACervA Paulista j\u00e1 tem local e data marcada, n\u00e3o fique de fora e venha celebrar conosco!<\/p>\n<p>O evento ser\u00e1 open food + open beer\u00a0 em uma \u00e1rea exclusiva na Vila Paulist\u00e2nia, conta tamb\u00e9m com m\u00fasica ao vivo e voc\u00ea tamb\u00e9m pode aproveitar toda a estrutura da casa!<\/p>\n<p>O passaporte d\u00e1 direito a um copo exclusivo da ACervA Paulista, para voc\u00ea desfrutar das cervejas dispon\u00edveis em nosso evento exclusivo.<\/p>\n<p>Data: 09\/12\/2023<br \/>Abertura do evento: 13h<br \/>In\u00edcio Buffet: 14h<br \/>T\u00e9rmino Buffet: 18h<br \/>T\u00e9rmino do evento: 21h<\/p>\n<p>Local: Vila Paulist\u00e2nia<br \/>Av. Eng. Eus\u00e9bio Stevaux, 1407 \u2013 Jurubatuba, S\u00e3o Paulo \u2013 SP, 04696-000<\/p>\n<p>Site:\u00a0<a href=\"https:\/\/vilapaulistania.com.br\/\">https:\/\/vilapaulistania.com.br\/<\/a><br \/>Insta:\u00a0<a href=\"https:\/\/www.instagram.com\/vilapaulistania\/\">@vilapaulistania<\/a><\/p>\n<p><strong>Mais Informa\u00e7\u00f5es:<\/strong><\/p>\n<p>4\u00aa a S\u00e1bado 12h \u00e0 0h<br \/>Domingo 12h \u00e0s 22h<br \/>Espa\u00e7o Kids<br \/>Pet Friendly<br \/>M\u00fasica Ao vivo<br \/>Gastronomia Variada<br \/>Chopes Artesanais<br \/>Tel\u00e3o com Jogos Ao Vivo<\/p>\n<p><strong>Cancelamento de pedidos pagos<\/strong><\/p>\n<p>Cancelamentos de pedidos ser\u00e3o aceitos at\u00e9 7 dias ap\u00f3s a compra, desde que a solicita\u00e7\u00e3o seja enviada at\u00e9 48 horas antes do in\u00edcio do evento, atrav\u00e9s do email\u00a0<a href=\"mailto:acervapaulista@gmail.com\">acervapaulista@gmail.com<\/a><\/p>\n<p><strong>Orienta\u00e7\u00f5es Gerais<\/strong><\/p>\n<p>\u2013 Acesse nossa loja para maiores detalhes!<\/p>\n<h4>\u00a0<\/h4>\n<p><strong>Voc\u00ea sabia? Associado ACervA Paulista tem desconto exclusivo na compra do passaporte para a Party Day e nas inscri\u00e7\u00f5es para o XIII Concurso Estadual, aproveite todos os benef\u00edcios exclusivos, vem pra ACervA Paulista!<a href=\"https:\/\/acervapaulista.com.br\/wordpress\/loja\/associacao-anual\/\">\u00a0Clique aqui \u2705<\/a>\u00a0<\/strong><\/p>\n<p>&nbsp;<\/p>\n<p>Diretoria 2023\/2024 \u2013\u00a0 ACervA Paulista<\/p>\n<p><\/span><\/p>\n","protected":false},"excerpt":{"rendered":"<p>A tradicional festa de fim de ano da ACervA Paulista j\u00e1 tem local e data marcada, n\u00e3o fique de fora&hellip; A tradicional festa de fim de ano da ACervA Paulista j\u00e1 tem local e data marcada, n\u00e3o fique de fora e venha celebrar conosco! O evento ser\u00e1 open food + open beer\u00a0 em uma \u00e1rea exclusiva na Vila Paulist\u00e2nia, conta tamb\u00e9m com m\u00fasica ao vivo e voc\u00ea tamb\u00e9m pode aproveitar toda a estrutura da casa! O passaporte d\u00e1 direito a um copo exclusivo da ACervA Paulista, para voc\u00ea desfrutar das cervejas dispon\u00edveis em nosso evento exclusivo. Data: 09\/12\/2023Abertura do evento: 13hIn\u00edcio Buffet: 14hT\u00e9rmino Buffet: 18hT\u00e9rmino do evento: 21h Local: Vila Paulist\u00e2niaAv. Eng. Eus\u00e9bio Stevaux, 1407 \u2013 Jurubatuba, S\u00e3o Paulo \u2013 SP, 04696-000 Site:\u00a0https:\/\/vilapaulistania.com.br\/Insta:\u00a0@vilapaulistania Mais Informa\u00e7\u00f5es: 4\u00aa a S\u00e1bado 12h \u00e0 0hDomingo 12h \u00e0s 22hEspa\u00e7o KidsPet FriendlyM\u00fasica Ao vivoGastronomia VariadaChopes ArtesanaisTel\u00e3o com Jogos Ao Vivo Cancelamento de pedidos pagos Cancelamentos de pedidos ser\u00e3o aceitos at\u00e9 7 dias ap\u00f3s a compra, desde que a solicita\u00e7\u00e3o seja enviada at\u00e9 48 horas antes do in\u00edcio do evento, atrav\u00e9s do email\u00a0acervapaulista@gmail.com Orienta\u00e7\u00f5es Gerais \u2013 Acesse nossa loja para maiores detalhes! \u00a0 Voc\u00ea sabia? Associado ACervA Paulista tem desconto exclusivo na compra do passaporte para a &#8230; <a href=\"https:\/\/acervapaulista.com.br\/wordpress\/festa-de-fim-de-ano-acerva-paulista-2023\/\" class=\"more-link\">Read More<\/a><\/p>\n","protected":false},"author":121,"featured_media":7416,"comment_status":"closed","ping_status":"open","sticky":false,"template":"","format":"standard","meta":{"pmpro_default_level":"","_price":"","_stock":"","_tribe_ticket_header":"","_tribe_default_ticket_provider":"","_tribe_ticket_capacity":"0","_ticket_start_date":"","_ticket_end_date":"","_tribe_ticket_show_description":"","_tribe_ticket_show_not_going":false,"_tribe_ticket_use_global_stock":"","_tribe_ticket_global_stock_level":"","_global_stock_mode":"","_global_stock_cap":"","_tribe_rsvp_for_event":"","_tribe_ticket_going_count":"","_tribe_ticket_not_going_count":"","_tribe_tickets_list":"[]","_tribe_ticket_has_attendee_info_fields":false,"footnotes":""},"categories":[9,149,10,1],"tags":[184,267,266,268,204,276,261,277,279,251,262,278,280,265,270,272,273,212,275,252,271,253,263,264,171,274],"class_list":["post-7302","post","type-post","status-publish","format-standard","has-post-thumbnail","hentry","category-evento","category-evento-aberto","category-evento-parceiros","category-sem-categoria","tag-acervapaulista","tag-beergeek","tag-beerlovers","tag-beertasting","tag-cervejaartesanal","tag-cervejaartesanalsp","tag-cervejafeitaemcasa","tag-cervejapaulista","tag-cervejasp","tag-cervejeirocaseiro","tag-cervejeiroscaseiros","tag-cervejeirosdesp","tag-cervejeirospaulistas","tag-craftbeer","tag-craftbeercommunity","tag-euapoioocomerciolocal","tag-euapoiooprodutobrasileiro","tag-eufacoaminhacerveja","tag-feitonobrasil","tag-homebrew","tag-homebrewclub","tag-homebrewer","tag-homebrewing","tag-homebrewlife","tag-parcerias","tag-valorizeoprodutonacional","pmpro-has-access"],"aioseo_notices":[],"aioseo_head":"\n\t\t<!-- All in One SEO 4.9.10 - aioseo.com -->\n\t<meta name=\"description\" content=\"A tradicional festa de fim de ano da ACervA Paulista j\u00e1 tem local e data marcada, n\u00e3o fique de fora e venha celebrar conosco! O evento ser\u00e1 open food + open beer em uma \u00e1rea exclusiva na Vila Paulist\u00e2nia, conta tamb\u00e9m com m\u00fasica ao vivo e voc\u00ea tamb\u00e9m pode aproveitar toda a estrutura da casa!\" \/>\n\t<meta name=\"robots\" content=\"max-image-preview:large\" \/>\n\t<meta name=\"author\" content=\"Cleberton Pereira\"\/>\n\t<link rel=\"canonical\" href=\"https:\/\/acervapaulista.com.br\/wordpress\/festa-de-fim-de-ano-acerva-paulista-2023\/\" \/>\n\t<meta name=\"generator\" content=\"All in One SEO (AIOSEO) 4.9.10\" \/>\n\t\t<meta property=\"og:locale\" content=\"pt_BR\" \/>\n\t\t<meta property=\"og:site_name\" content=\"ACervA Paulista - Associa\u00e7\u00e3o dos Cervejeiros Artesanais Paulistas\" \/>\n\t\t<meta property=\"og:type\" content=\"article\" \/>\n\t\t<meta property=\"og:title\" content=\"FESTA DE FIM DE ANO ACERVA PAULISTA 2023 - ACervA Paulista\" \/>\n\t\t<meta property=\"og:description\" content=\"A tradicional festa de fim de ano da ACervA Paulista j\u00e1 tem local e data marcada, n\u00e3o fique de fora e venha celebrar conosco! O evento ser\u00e1 open food + open beer em uma \u00e1rea exclusiva na Vila Paulist\u00e2nia, conta tamb\u00e9m com m\u00fasica ao vivo e voc\u00ea tamb\u00e9m pode aproveitar toda a estrutura da casa!\" \/>\n\t\t<meta property=\"og:url\" content=\"https:\/\/acervapaulista.com.br\/wordpress\/festa-de-fim-de-ano-acerva-paulista-2023\/\" \/>\n\t\t<meta property=\"article:published_time\" content=\"2023-10-31T15:17:23+00:00\" \/>\n\t\t<meta property=\"article:modified_time\" content=\"2023-11-27T19:29:13+00:00\" \/>\n\t\t<meta name=\"twitter:card\" content=\"summary_large_image\" \/>\n\t\t<meta name=\"twitter:title\" content=\"FESTA DE FIM DE ANO ACERVA PAULISTA 2023 - ACervA Paulista\" \/>\n\t\t<meta name=\"twitter:description\" content=\"A tradicional festa de fim de ano da ACervA Paulista j\u00e1 tem local e data marcada, n\u00e3o fique de fora e venha celebrar conosco! O evento ser\u00e1 open food + open beer em uma \u00e1rea exclusiva na Vila Paulist\u00e2nia, conta tamb\u00e9m com m\u00fasica ao vivo e voc\u00ea tamb\u00e9m pode aproveitar toda a estrutura da casa!\" \/>\n\t\t<script type=\"application\/ld+json\" class=\"aioseo-schema\">\n\t\t\t{\"@context\":\"https:\\\/\\\/schema.org\",\"@graph\":[{\"@type\":\"BlogPosting\",\"@id\":\"https:\\\/\\\/acervapaulista.com.br\\\/wordpress\\\/festa-de-fim-de-ano-acerva-paulista-2023\\\/#blogposting\",\"name\":\"FESTA DE FIM DE ANO ACERVA PAULISTA 2023 - ACervA Paulista\",\"headline\":\"FESTA DE FIM DE ANO ACERVA PAULISTA 2023\",\"author\":{\"@id\":\"https:\\\/\\\/acervapaulista.com.br\\\/wordpress\\\/author\\\/tondipereira\\\/#author\"},\"publisher\":{\"@id\":\"https:\\\/\\\/acervapaulista.com.br\\\/wordpress\\\/#organization\"},\"image\":{\"@type\":\"ImageObject\",\"url\":\"https:\\\/\\\/acervapaulista.com.br\\\/wordpress\\\/wp-content\\\/uploads\\\/2023\\\/10\\\/site2-2.png\",\"width\":3200,\"height\":2240},\"datePublished\":\"2023-10-31T12:17:23-03:00\",\"dateModified\":\"2023-11-27T16:29:13-03:00\",\"inLanguage\":\"pt-BR\",\"mainEntityOfPage\":{\"@id\":\"https:\\\/\\\/acervapaulista.com.br\\\/wordpress\\\/festa-de-fim-de-ano-acerva-paulista-2023\\\/#webpage\"},\"isPartOf\":{\"@id\":\"https:\\\/\\\/acervapaulista.com.br\\\/wordpress\\\/festa-de-fim-de-ano-acerva-paulista-2023\\\/#webpage\"},\"articleSection\":\"Evento, Evento aberto, Evento parceiros, Sem categoria, acervapaulista, beergeek, beerlovers, beertasting, cervejaartesanal, cervejaartesanalsp, cervejafeitaemcasa, cervejapaulista, cervejasp, cervejeirocaseiro, cervejeiroscaseiros, cervejeirosdesp, cervejeirospaulistas, craftbeer, craftbeercommunity, euapoioocomerciolocal, euapoiooprodutobrasileiro, eufa\\u00e7oaminhacerveja, feitonobrasil, homebrew, homebrewclub, homebrewer, homebrewing, homebrewlife, Parcerias, valorizeoprodutonacional\"},{\"@type\":\"BreadcrumbList\",\"@id\":\"https:\\\/\\\/acervapaulista.com.br\\\/wordpress\\\/festa-de-fim-de-ano-acerva-paulista-2023\\\/#breadcrumblist\",\"itemListElement\":[{\"@type\":\"ListItem\",\"@id\":\"https:\\\/\\\/acervapaulista.com.br\\\/wordpress#listItem\",\"position\":1,\"name\":\"Home\",\"item\":\"https:\\\/\\\/acervapaulista.com.br\\\/wordpress\",\"nextItem\":{\"@type\":\"ListItem\",\"@id\":\"https:\\\/\\\/acervapaulista.com.br\\\/wordpress\\\/category\\\/sem-categoria\\\/#listItem\",\"name\":\"Sem categoria\"}},{\"@type\":\"ListItem\",\"@id\":\"https:\\\/\\\/acervapaulista.com.br\\\/wordpress\\\/category\\\/sem-categoria\\\/#listItem\",\"position\":2,\"name\":\"Sem categoria\",\"item\":\"https:\\\/\\\/acervapaulista.com.br\\\/wordpress\\\/category\\\/sem-categoria\\\/\",\"nextItem\":{\"@type\":\"ListItem\",\"@id\":\"https:\\\/\\\/acervapaulista.com.br\\\/wordpress\\\/festa-de-fim-de-ano-acerva-paulista-2023\\\/#listItem\",\"name\":\"FESTA DE FIM DE ANO ACERVA PAULISTA 2023\"},\"previousItem\":{\"@type\":\"ListItem\",\"@id\":\"https:\\\/\\\/acervapaulista.com.br\\\/wordpress#listItem\",\"name\":\"Home\"}},{\"@type\":\"ListItem\",\"@id\":\"https:\\\/\\\/acervapaulista.com.br\\\/wordpress\\\/festa-de-fim-de-ano-acerva-paulista-2023\\\/#listItem\",\"position\":3,\"name\":\"FESTA DE FIM DE ANO ACERVA PAULISTA 2023\",\"previousItem\":{\"@type\":\"ListItem\",\"@id\":\"https:\\\/\\\/acervapaulista.com.br\\\/wordpress\\\/category\\\/sem-categoria\\\/#listItem\",\"name\":\"Sem categoria\"}}]},{\"@type\":\"Organization\",\"@id\":\"https:\\\/\\\/acervapaulista.com.br\\\/wordpress\\\/#organization\",\"name\":\"ACervA Paulista\",\"description\":\"Associa\\u00e7\\u00e3o dos Cervejeiros Artesanais Paulistas\",\"url\":\"https:\\\/\\\/acervapaulista.com.br\\\/wordpress\\\/\"},{\"@type\":\"Person\",\"@id\":\"https:\\\/\\\/acervapaulista.com.br\\\/wordpress\\\/author\\\/tondipereira\\\/#author\",\"url\":\"https:\\\/\\\/acervapaulista.com.br\\\/wordpress\\\/author\\\/tondipereira\\\/\",\"name\":\"Cleberton Pereira\",\"image\":{\"@type\":\"ImageObject\",\"@id\":\"https:\\\/\\\/acervapaulista.com.br\\\/wordpress\\\/festa-de-fim-de-ano-acerva-paulista-2023\\\/#authorImage\",\"url\":\"https:\\\/\\\/secure.gravatar.com\\\/avatar\\\/4f05a1db828954b66cd53f6de1e19b87fd18b8b8c8dad2e9176473c2fbcfb6f5?s=96&d=mm&r=g\",\"width\":96,\"height\":96,\"caption\":\"Cleberton Pereira\"}},{\"@type\":\"WebPage\",\"@id\":\"https:\\\/\\\/acervapaulista.com.br\\\/wordpress\\\/festa-de-fim-de-ano-acerva-paulista-2023\\\/#webpage\",\"url\":\"https:\\\/\\\/acervapaulista.com.br\\\/wordpress\\\/festa-de-fim-de-ano-acerva-paulista-2023\\\/\",\"name\":\"FESTA DE FIM DE ANO ACERVA PAULISTA 2023 - ACervA Paulista\",\"description\":\"A tradicional festa de fim de ano da ACervA Paulista j\\u00e1 tem local e data marcada, n\\u00e3o fique de fora e venha celebrar conosco! O evento ser\\u00e1 open food + open beer em uma \\u00e1rea exclusiva na Vila Paulist\\u00e2nia, conta tamb\\u00e9m com m\\u00fasica ao vivo e voc\\u00ea tamb\\u00e9m pode aproveitar toda a estrutura da casa!\",\"inLanguage\":\"pt-BR\",\"isPartOf\":{\"@id\":\"https:\\\/\\\/acervapaulista.com.br\\\/wordpress\\\/#website\"},\"breadcrumb\":{\"@id\":\"https:\\\/\\\/acervapaulista.com.br\\\/wordpress\\\/festa-de-fim-de-ano-acerva-paulista-2023\\\/#breadcrumblist\"},\"author\":{\"@id\":\"https:\\\/\\\/acervapaulista.com.br\\\/wordpress\\\/author\\\/tondipereira\\\/#author\"},\"creator\":{\"@id\":\"https:\\\/\\\/acervapaulista.com.br\\\/wordpress\\\/author\\\/tondipereira\\\/#author\"},\"image\":{\"@type\":\"ImageObject\",\"url\":\"https:\\\/\\\/acervapaulista.com.br\\\/wordpress\\\/wp-content\\\/uploads\\\/2023\\\/10\\\/site2-2.png\",\"@id\":\"https:\\\/\\\/acervapaulista.com.br\\\/wordpress\\\/festa-de-fim-de-ano-acerva-paulista-2023\\\/#mainImage\",\"width\":3200,\"height\":2240},\"primaryImageOfPage\":{\"@id\":\"https:\\\/\\\/acervapaulista.com.br\\\/wordpress\\\/festa-de-fim-de-ano-acerva-paulista-2023\\\/#mainImage\"},\"datePublished\":\"2023-10-31T12:17:23-03:00\",\"dateModified\":\"2023-11-27T16:29:13-03:00\"},{\"@type\":\"WebSite\",\"@id\":\"https:\\\/\\\/acervapaulista.com.br\\\/wordpress\\\/#website\",\"url\":\"https:\\\/\\\/acervapaulista.com.br\\\/wordpress\\\/\",\"name\":\"ACervA Paulista\",\"description\":\"Associa\\u00e7\\u00e3o dos Cervejeiros Artesanais Paulistas\",\"inLanguage\":\"pt-BR\",\"publisher\":{\"@id\":\"https:\\\/\\\/acervapaulista.com.br\\\/wordpress\\\/#organization\"}}]}\n\t\t<\/script>\n\t\t<!-- All in One SEO -->\n\n","aioseo_head_json":{"title":"FESTA DE FIM DE ANO ACERVA PAULISTA 2023 - ACervA Paulista","description":"A tradicional festa de fim de ano da ACervA Paulista j\u00e1 tem local e data marcada, n\u00e3o fique de fora e venha celebrar conosco! O evento ser\u00e1 open food + open beer em uma \u00e1rea exclusiva na Vila Paulist\u00e2nia, conta tamb\u00e9m com m\u00fasica ao vivo e voc\u00ea tamb\u00e9m pode aproveitar toda a estrutura da casa!","canonical_url":"https:\/\/acervapaulista.com.br\/wordpress\/festa-de-fim-de-ano-acerva-paulista-2023\/","robots":"max-image-preview:large","keywords":"","webmasterTools":{"miscellaneous":""},"schema":{"@context":"https:\/\/schema.org","@graph":[{"@type":"BlogPosting","@id":"https:\/\/acervapaulista.com.br\/wordpress\/festa-de-fim-de-ano-acerva-paulista-2023\/#blogposting","name":"FESTA DE FIM DE ANO ACERVA PAULISTA 2023 - ACervA Paulista","headline":"FESTA DE FIM DE ANO ACERVA PAULISTA 2023","author":{"@id":"https:\/\/acervapaulista.com.br\/wordpress\/author\/tondipereira\/#author"},"publisher":{"@id":"https:\/\/acervapaulista.com.br\/wordpress\/#organization"},"image":{"@type":"ImageObject","url":"https:\/\/acervapaulista.com.br\/wordpress\/wp-content\/uploads\/2023\/10\/site2-2.png","width":3200,"height":2240},"datePublished":"2023-10-31T12:17:23-03:00","dateModified":"2023-11-27T16:29:13-03:00","inLanguage":"pt-BR","mainEntityOfPage":{"@id":"https:\/\/acervapaulista.com.br\/wordpress\/festa-de-fim-de-ano-acerva-paulista-2023\/#webpage"},"isPartOf":{"@id":"https:\/\/acervapaulista.com.br\/wordpress\/festa-de-fim-de-ano-acerva-paulista-2023\/#webpage"},"articleSection":"Evento, Evento aberto, Evento parceiros, Sem categoria, acervapaulista, beergeek, beerlovers, beertasting, cervejaartesanal, cervejaartesanalsp, cervejafeitaemcasa, cervejapaulista, cervejasp, cervejeirocaseiro, cervejeiroscaseiros, cervejeirosdesp, cervejeirospaulistas, craftbeer, craftbeercommunity, euapoioocomerciolocal, euapoiooprodutobrasileiro, eufa\u00e7oaminhacerveja, feitonobrasil, homebrew, homebrewclub, homebrewer, homebrewing, homebrewlife, Parcerias, valorizeoprodutonacional"},{"@type":"BreadcrumbList","@id":"https:\/\/acervapaulista.com.br\/wordpress\/festa-de-fim-de-ano-acerva-paulista-2023\/#breadcrumblist","itemListElement":[{"@type":"ListItem","@id":"https:\/\/acervapaulista.com.br\/wordpress#listItem","position":1,"name":"Home","item":"https:\/\/acervapaulista.com.br\/wordpress","nextItem":{"@type":"ListItem","@id":"https:\/\/acervapaulista.com.br\/wordpress\/category\/sem-categoria\/#listItem","name":"Sem categoria"}},{"@type":"ListItem","@id":"https:\/\/acervapaulista.com.br\/wordpress\/category\/sem-categoria\/#listItem","position":2,"name":"Sem categoria","item":"https:\/\/acervapaulista.com.br\/wordpress\/category\/sem-categoria\/","nextItem":{"@type":"ListItem","@id":"https:\/\/acervapaulista.com.br\/wordpress\/festa-de-fim-de-ano-acerva-paulista-2023\/#listItem","name":"FESTA DE FIM DE ANO ACERVA PAULISTA 2023"},"previousItem":{"@type":"ListItem","@id":"https:\/\/acervapaulista.com.br\/wordpress#listItem","name":"Home"}},{"@type":"ListItem","@id":"https:\/\/acervapaulista.com.br\/wordpress\/festa-de-fim-de-ano-acerva-paulista-2023\/#listItem","position":3,"name":"FESTA DE FIM DE ANO ACERVA PAULISTA 2023","previousItem":{"@type":"ListItem","@id":"https:\/\/acervapaulista.com.br\/wordpress\/category\/sem-categoria\/#listItem","name":"Sem categoria"}}]},{"@type":"Organization","@id":"https:\/\/acervapaulista.com.br\/wordpress\/#organization","name":"ACervA Paulista","description":"Associa\u00e7\u00e3o dos Cervejeiros Artesanais Paulistas","url":"https:\/\/acervapaulista.com.br\/wordpress\/"},{"@type":"Person","@id":"https:\/\/acervapaulista.com.br\/wordpress\/author\/tondipereira\/#author","url":"https:\/\/acervapaulista.com.br\/wordpress\/author\/tondipereira\/","name":"Cleberton Pereira","image":{"@type":"ImageObject","@id":"https:\/\/acervapaulista.com.br\/wordpress\/festa-de-fim-de-ano-acerva-paulista-2023\/#authorImage","url":"https:\/\/secure.gravatar.com\/avatar\/4f05a1db828954b66cd53f6de1e19b87fd18b8b8c8dad2e9176473c2fbcfb6f5?s=96&d=mm&r=g","width":96,"height":96,"caption":"Cleberton Pereira"}},{"@type":"WebPage","@id":"https:\/\/acervapaulista.com.br\/wordpress\/festa-de-fim-de-ano-acerva-paulista-2023\/#webpage","url":"https:\/\/acervapaulista.com.br\/wordpress\/festa-de-fim-de-ano-acerva-paulista-2023\/","name":"FESTA DE FIM DE ANO ACERVA PAULISTA 2023 - ACervA Paulista","description":"A tradicional festa de fim de ano da ACervA Paulista j\u00e1 tem local e data marcada, n\u00e3o fique de fora e venha celebrar conosco! O evento ser\u00e1 open food + open beer em uma \u00e1rea exclusiva na Vila Paulist\u00e2nia, conta tamb\u00e9m com m\u00fasica ao vivo e voc\u00ea tamb\u00e9m pode aproveitar toda a estrutura da casa!","inLanguage":"pt-BR","isPartOf":{"@id":"https:\/\/acervapaulista.com.br\/wordpress\/#website"},"breadcrumb":{"@id":"https:\/\/acervapaulista.com.br\/wordpress\/festa-de-fim-de-ano-acerva-paulista-2023\/#breadcrumblist"},"author":{"@id":"https:\/\/acervapaulista.com.br\/wordpress\/author\/tondipereira\/#author"},"creator":{"@id":"https:\/\/acervapaulista.com.br\/wordpress\/author\/tondipereira\/#author"},"image":{"@type":"ImageObject","url":"https:\/\/acervapaulista.com.br\/wordpress\/wp-content\/uploads\/2023\/10\/site2-2.png","@id":"https:\/\/acervapaulista.com.br\/wordpress\/festa-de-fim-de-ano-acerva-paulista-2023\/#mainImage","width":3200,"height":2240},"primaryImageOfPage":{"@id":"https:\/\/acervapaulista.com.br\/wordpress\/festa-de-fim-de-ano-acerva-paulista-2023\/#mainImage"},"datePublished":"2023-10-31T12:17:23-03:00","dateModified":"2023-11-27T16:29:13-03:00"},{"@type":"WebSite","@id":"https:\/\/acervapaulista.com.br\/wordpress\/#website","url":"https:\/\/acervapaulista.com.br\/wordpress\/","name":"ACervA Paulista","description":"Associa\u00e7\u00e3o dos Cervejeiros Artesanais Paulistas","inLanguage":"pt-BR","publisher":{"@id":"https:\/\/acervapaulista.com.br\/wordpress\/#organization"}}]},"og:locale":"pt_BR","og:site_name":"ACervA Paulista - Associa\u00e7\u00e3o dos Cervejeiros Artesanais Paulistas","og:type":"article","og:title":"FESTA DE FIM DE ANO ACERVA PAULISTA 2023 - ACervA Paulista","og:description":"A tradicional festa de fim de ano da ACervA Paulista j\u00e1 tem local e data marcada, n\u00e3o fique de fora e venha celebrar conosco! O evento ser\u00e1 open food + open beer em uma \u00e1rea exclusiva na Vila Paulist\u00e2nia, conta tamb\u00e9m com m\u00fasica ao vivo e voc\u00ea tamb\u00e9m pode aproveitar toda a estrutura da casa!","og:url":"https:\/\/acervapaulista.com.br\/wordpress\/festa-de-fim-de-ano-acerva-paulista-2023\/","article:published_time":"2023-10-31T15:17:23+00:00","article:modified_time":"2023-11-27T19:29:13+00:00","twitter:card":"summary_large_image","twitter:title":"FESTA DE FIM DE ANO ACERVA PAULISTA 2023 - ACervA Paulista","twitter:description":"A tradicional festa de fim de ano da ACervA Paulista j\u00e1 tem local e data marcada, n\u00e3o fique de fora e venha celebrar conosco! O evento ser\u00e1 open food + open beer em uma \u00e1rea exclusiva na Vila Paulist\u00e2nia, conta tamb\u00e9m com m\u00fasica ao vivo e voc\u00ea tamb\u00e9m pode aproveitar toda a estrutura da casa!"},"aioseo_meta_data":{"post_id":"7302","title":null,"description":null,"keywords":[],"keyphrases":{"focus":{"keyphrase":"","score":0,"analysis":{"keyphraseInTitle":{"score":0,"maxScore":9,"error":1}}},"additional":[]},"primary_term":null,"canonical_url":null,"og_title":null,"og_description":null,"og_object_type":"default","og_image_type":"default","og_image_url":null,"og_image_width":null,"og_image_height":null,"og_image_custom_url":null,"og_image_custom_fields":null,"og_video":"","og_custom_url":null,"og_article_section":null,"og_article_tags":[],"twitter_use_og":false,"twitter_card":"default","twitter_image_type":"default","twitter_image_url":null,"twitter_image_custom_url":null,"twitter_image_custom_fields":null,"twitter_title":null,"twitter_description":null,"schema":{"blockGraphs":[],"customGraphs":[],"default":{"data":{"Article":[],"Course":[],"Dataset":[],"FAQPage":[],"Movie":[],"Person":[],"Product":[],"ProductReview":[],"Car":[],"Recipe":[],"Service":[],"SoftwareApplication":[],"WebPage":[]},"graphName":"BlogPosting","isEnabled":true},"graphs":[]},"schema_type":"default","schema_type_options":null,"pillar_content":false,"robots_default":true,"robots_noindex":false,"robots_noarchive":false,"robots_nosnippet":false,"robots_nofollow":false,"robots_noimageindex":false,"robots_noodp":false,"robots_notranslate":false,"robots_max_snippet":"-1","robots_max_videopreview":"-1","robots_max_imagepreview":"large","priority":null,"frequency":"default","local_seo":null,"breadcrumb_settings":null,"limit_modified_date":false,"ai":null,"created":"2023-10-31 15:17:24","updated":"2025-09-06 13:04:15","seo_analyzer_scan_date":null},"aioseo_breadcrumb":"<div class=\"aioseo-breadcrumbs\"><span class=\"aioseo-breadcrumb\">\n\t\t\t<a href=\"https:\/\/acervapaulista.com.br\/wordpress\" title=\"Home\">Home<\/a>\n\t\t<\/span><span class=\"aioseo-breadcrumb-separator\">&raquo;<\/span><span class=\"aioseo-breadcrumb\">\n\t\t\t<a href=\"https:\/\/acervapaulista.com.br\/wordpress\/category\/sem-categoria\/\" title=\"Sem categoria\">Sem categoria<\/a>\n\t\t<\/span><span class=\"aioseo-breadcrumb-separator\">&raquo;<\/span><span class=\"aioseo-breadcrumb\">\n\t\t\tFESTA DE FIM DE ANO ACERVA PAULISTA 2023\n\t\t<\/span><\/div>","aioseo_breadcrumb_json":[{"label":"Home","link":"https:\/\/acervapaulista.com.br\/wordpress"},{"label":"Sem categoria","link":"https:\/\/acervapaulista.com.br\/wordpress\/category\/sem-categoria\/"},{"label":"FESTA DE FIM DE ANO ACERVA PAULISTA 2023","link":"https:\/\/acervapaulista.com.br\/wordpress\/festa-de-fim-de-ano-acerva-paulista-2023\/"}],"_links":{"self":[{"href":"https:\/\/acervapaulista.com.br\/wordpress\/wp-json\/wp\/v2\/posts\/7302","targetHints":{"allow":["GET"]}}],"collection":[{"href":"https:\/\/acervapaulista.com.br\/wordpress\/wp-json\/wp\/v2\/posts"}],"about":[{"href":"https:\/\/acervapaulista.com.br\/wordpress\/wp-json\/wp\/v2\/types\/post"}],"author":[{"embeddable":true,"href":"https:\/\/acervapaulista.com.br\/wordpress\/wp-json\/wp\/v2\/users\/121"}],"replies":[{"embeddable":true,"href":"https:\/\/acervapaulista.com.br\/wordpress\/wp-json\/wp\/v2\/comments?post=7302"}],"version-history":[{"count":5,"href":"https:\/\/acervapaulista.com.br\/wordpress\/wp-json\/wp\/v2\/posts\/7302\/revisions"}],"predecessor-version":[{"id":7415,"href":"https:\/\/acervapaulista.com.br\/wordpress\/wp-json\/wp\/v2\/posts\/7302\/revisions\/7415"}],"wp:featuredmedia":[{"embeddable":true,"href":"https:\/\/acervapaulista.com.br\/wordpress\/wp-json\/wp\/v2\/media\/7416"}],"wp:attachment":[{"href":"https:\/\/acervapaulista.com.br\/wordpress\/wp-json\/wp\/v2\/media?parent=7302"}],"wp:term":[{"taxonomy":"category","embeddable":true,"href":"https:\/\/acervapaulista.com.br\/wordpress\/wp-json\/wp\/v2\/categories?post=7302"},{"taxonomy":"post_tag","embeddable":true,"href":"https:\/\/acervapaulista.com.br\/wordpress\/wp-json\/wp\/v2\/tags?post=7302"}],"curies":[{"name":"wp","href":"https:\/\/api.w.org\/{rel}","templated":true}]}}