{"id":7203,"date":"2023-09-21T10:02:56","date_gmt":"2023-09-21T13:02:56","guid":{"rendered":"https:\/\/acervapaulista.com.br\/wordpress\/?p=7203"},"modified":"2023-09-25T17:25:32","modified_gmt":"2023-09-25T20:25:32","slug":"xiii-concurso-estadual-acerva-paulista","status":"publish","type":"post","link":"https:\/\/acervapaulista.com.br\/wordpress\/xiii-concurso-estadual-acerva-paulista\/","title":{"rendered":"XIII CONCURSO ESTADUAL ACERVA PAULISTA"},"content":{"rendered":"<p>FOI DADA A LARGADA!!! E o retorno de nosso Concurso Estadual com sua XIII edi\u00e7\u00e3o!! Estamos muito felizes por trazer&hellip;<\/p>\n<p><span class=\"wppb-frontend-restriction-message wppb-content-restriction-message\"><\/p>\n<p><strong>FOI DADA A LARGADA!!!<\/strong> E o retorno de nosso <strong>Concurso Estadual<\/strong> com sua <strong>XIII<\/strong> edi\u00e7\u00e3o!! Estamos muito felizes por trazer de volta o nosso Concurso Estadual! Com cara nova e novos desafios, este concurso est\u00e1 pronto para trazer \u00e0 tona o melhor de seus projetos e talentos cervejeiros. A mesma determina\u00e7\u00e3o e esp\u00edrito competitivo que sempre marcaram a hist\u00f3ria deste concurso est\u00e3o presentes. <strong>Este ano temos novidades que est\u00e3o descritas no edital, e leia-o com aten\u00e7\u00e3o!! Ok?<\/strong> Mas j\u00e1 adianto que teremos pr\u00eamio para melhor cervejeiro do ano e um Master Class Acerva Paulista para os primeiros 50 inscritos!! Link para o concurso: \u2705 https:\/\/beerawardsplatform.com\/xiii-concurso-estadual-acerva-paulista N\u00e3o perca essa chance de vencer grandes pr\u00eamios e ser eleito o melhor cervejeiro do ano! Corra e fa\u00e7a sua inscri\u00e7\u00e3o o mais r\u00e1pido poss\u00edvel! E claro... <a href=\"https:\/\/acervapaulista.com.br\/wordpress\/wp-content\/uploads\/2023\/09\/POST-LANCAMENTO.png\"><img class=\"alignnone size-medium wp-image-7205\" src=\"https:\/\/acervapaulista.com.br\/wordpress\/wp-content\/uploads\/2023\/09\/POST-LANCAMENTO-169x300.png\" alt=\"\" width=\"169\" height=\"300\" \/><\/a><\/p>\n<p><\/span><\/p>\n","protected":false},"excerpt":{"rendered":"<p>FOI DADA A LARGADA!!! E o retorno de nosso Concurso Estadual com sua XIII edi\u00e7\u00e3o!! Estamos muito felizes por trazer&hellip; FOI DADA A LARGADA!!! E o retorno de nosso Concurso Estadual com sua XIII edi\u00e7\u00e3o!! Estamos muito felizes por trazer de volta o nosso Concurso Estadual! Com cara nova e novos desafios, este concurso est\u00e1 pronto para trazer \u00e0 tona o melhor de seus projetos e talentos cervejeiros. A mesma determina\u00e7\u00e3o e esp\u00edrito competitivo que sempre marcaram a hist\u00f3ria deste concurso est\u00e3o presentes. Este ano temos novidades que est\u00e3o descritas no edital, e leia-o com aten\u00e7\u00e3o!! Ok? Mas j\u00e1 adianto que teremos pr\u00eamio para melhor cervejeiro do ano e um Master Class Acerva Paulista para os primeiros 50 inscritos!! Link para o concurso: \u2705 https:\/\/beerawardsplatform.com\/xiii-concurso-estadual-acerva-paulista N\u00e3o perca essa chance de vencer grandes pr\u00eamios e ser eleito o melhor cervejeiro do ano! Corra e fa\u00e7a sua inscri\u00e7\u00e3o o mais r\u00e1pido poss\u00edvel! E claro&#8230;<\/p>\n","protected":false},"author":121,"featured_media":7215,"comment_status":"closed","ping_status":"open","sticky":false,"template":"","format":"standard","meta":{"pmpro_default_level":"","_price":"","_stock":"","_tribe_ticket_header":"","_tribe_default_ticket_provider":"","_tribe_ticket_capacity":"0","_ticket_start_date":"","_ticket_end_date":"","_tribe_ticket_show_description":"","_tribe_ticket_show_not_going":false,"_tribe_ticket_use_global_stock":"","_tribe_ticket_global_stock_level":"","_global_stock_mode":"","_global_stock_cap":"","_tribe_rsvp_for_event":"","_tribe_ticket_going_count":"","_tribe_ticket_not_going_count":"","_tribe_tickets_list":"[]","_tribe_ticket_has_attendee_info_fields":false,"footnotes":""},"categories":[157,9,149,10,1],"tags":[184,267,266,268,204,276,261,277,279,251,262,278,280,265,270,272,273,212,275,252,271,253,263,264,171,274],"class_list":["post-7203","post","type-post","status-publish","format-standard","has-post-thumbnail","hentry","category-concurso","category-evento","category-evento-aberto","category-evento-parceiros","category-sem-categoria","tag-acervapaulista","tag-beergeek","tag-beerlovers","tag-beertasting","tag-cervejaartesanal","tag-cervejaartesanalsp","tag-cervejafeitaemcasa","tag-cervejapaulista","tag-cervejasp","tag-cervejeirocaseiro","tag-cervejeiroscaseiros","tag-cervejeirosdesp","tag-cervejeirospaulistas","tag-craftbeer","tag-craftbeercommunity","tag-euapoioocomerciolocal","tag-euapoiooprodutobrasileiro","tag-eufacoaminhacerveja","tag-feitonobrasil","tag-homebrew","tag-homebrewclub","tag-homebrewer","tag-homebrewing","tag-homebrewlife","tag-parcerias","tag-valorizeoprodutonacional","pmpro-has-access"],"aioseo_notices":[],"aioseo_head":"\n\t\t<!-- All in One SEO 4.9.10 - aioseo.com -->\n\t<meta name=\"description\" content=\"FOI DADA A LARGADA!!! E o retorno de nosso Concurso Estadual com sua XIII edi\u00e7\u00e3o!! Estamos muito felizes por trazer de volta o nosso Concurso Estadual! Com cara nova e novos desafios, este concurso est\u00e1 pronto para trazer \u00e0 tona o melhor de seus projetos e talentos cervejeiros. A mesma determina\u00e7\u00e3o e esp\u00edrito competitivo que\" \/>\n\t<meta name=\"robots\" content=\"max-image-preview:large\" \/>\n\t<meta name=\"author\" content=\"Cleberton Pereira\"\/>\n\t<link rel=\"canonical\" href=\"https:\/\/acervapaulista.com.br\/wordpress\/xiii-concurso-estadual-acerva-paulista\/\" \/>\n\t<meta name=\"generator\" content=\"All in One SEO (AIOSEO) 4.9.10\" \/>\n\t\t<meta property=\"og:locale\" content=\"pt_BR\" \/>\n\t\t<meta property=\"og:site_name\" content=\"ACervA Paulista - Associa\u00e7\u00e3o dos Cervejeiros Artesanais Paulistas\" \/>\n\t\t<meta property=\"og:type\" content=\"article\" \/>\n\t\t<meta property=\"og:title\" content=\"XIII CONCURSO ESTADUAL ACERVA PAULISTA - ACervA Paulista\" \/>\n\t\t<meta property=\"og:description\" content=\"FOI DADA A LARGADA!!! E o retorno de nosso Concurso Estadual com sua XIII edi\u00e7\u00e3o!! Estamos muito felizes por trazer de volta o nosso Concurso Estadual! Com cara nova e novos desafios, este concurso est\u00e1 pronto para trazer \u00e0 tona o melhor de seus projetos e talentos cervejeiros. A mesma determina\u00e7\u00e3o e esp\u00edrito competitivo que\" \/>\n\t\t<meta property=\"og:url\" content=\"https:\/\/acervapaulista.com.br\/wordpress\/xiii-concurso-estadual-acerva-paulista\/\" \/>\n\t\t<meta property=\"article:published_time\" content=\"2023-09-21T13:02:56+00:00\" \/>\n\t\t<meta property=\"article:modified_time\" content=\"2023-09-25T20:25:32+00:00\" \/>\n\t\t<meta name=\"twitter:card\" content=\"summary_large_image\" \/>\n\t\t<meta name=\"twitter:title\" content=\"XIII CONCURSO ESTADUAL ACERVA PAULISTA - ACervA Paulista\" \/>\n\t\t<meta name=\"twitter:description\" content=\"FOI DADA A LARGADA!!! E o retorno de nosso Concurso Estadual com sua XIII edi\u00e7\u00e3o!! Estamos muito felizes por trazer de volta o nosso Concurso Estadual! Com cara nova e novos desafios, este concurso est\u00e1 pronto para trazer \u00e0 tona o melhor de seus projetos e talentos cervejeiros. A mesma determina\u00e7\u00e3o e esp\u00edrito competitivo que\" \/>\n\t\t<script type=\"application\/ld+json\" class=\"aioseo-schema\">\n\t\t\t{\"@context\":\"https:\\\/\\\/schema.org\",\"@graph\":[{\"@type\":\"BlogPosting\",\"@id\":\"https:\\\/\\\/acervapaulista.com.br\\\/wordpress\\\/xiii-concurso-estadual-acerva-paulista\\\/#blogposting\",\"name\":\"XIII CONCURSO ESTADUAL ACERVA PAULISTA - ACervA Paulista\",\"headline\":\"XIII CONCURSO ESTADUAL ACERVA PAULISTA\",\"author\":{\"@id\":\"https:\\\/\\\/acervapaulista.com.br\\\/wordpress\\\/author\\\/tondipereira\\\/#author\"},\"publisher\":{\"@id\":\"https:\\\/\\\/acervapaulista.com.br\\\/wordpress\\\/#organization\"},\"image\":{\"@type\":\"ImageObject\",\"url\":\"https:\\\/\\\/acervapaulista.com.br\\\/wordpress\\\/wp-content\\\/uploads\\\/2023\\\/09\\\/SITE-2.png\",\"width\":3456,\"height\":1920},\"datePublished\":\"2023-09-21T10:02:56-03:00\",\"dateModified\":\"2023-09-25T17:25:32-03:00\",\"inLanguage\":\"pt-BR\",\"mainEntityOfPage\":{\"@id\":\"https:\\\/\\\/acervapaulista.com.br\\\/wordpress\\\/xiii-concurso-estadual-acerva-paulista\\\/#webpage\"},\"isPartOf\":{\"@id\":\"https:\\\/\\\/acervapaulista.com.br\\\/wordpress\\\/xiii-concurso-estadual-acerva-paulista\\\/#webpage\"},\"articleSection\":\"Concurso, Evento, Evento aberto, Evento parceiros, Sem categoria, acervapaulista, beergeek, beerlovers, beertasting, cervejaartesanal, cervejaartesanalsp, cervejafeitaemcasa, cervejapaulista, cervejasp, cervejeirocaseiro, cervejeiroscaseiros, cervejeirosdesp, cervejeirospaulistas, craftbeer, craftbeercommunity, euapoioocomerciolocal, euapoiooprodutobrasileiro, eufa\\u00e7oaminhacerveja, feitonobrasil, homebrew, homebrewclub, homebrewer, homebrewing, homebrewlife, Parcerias, valorizeoprodutonacional\"},{\"@type\":\"BreadcrumbList\",\"@id\":\"https:\\\/\\\/acervapaulista.com.br\\\/wordpress\\\/xiii-concurso-estadual-acerva-paulista\\\/#breadcrumblist\",\"itemListElement\":[{\"@type\":\"ListItem\",\"@id\":\"https:\\\/\\\/acervapaulista.com.br\\\/wordpress#listItem\",\"position\":1,\"name\":\"Home\",\"item\":\"https:\\\/\\\/acervapaulista.com.br\\\/wordpress\",\"nextItem\":{\"@type\":\"ListItem\",\"@id\":\"https:\\\/\\\/acervapaulista.com.br\\\/wordpress\\\/category\\\/evento-fechado\\\/#listItem\",\"name\":\"Evento fechado\"}},{\"@type\":\"ListItem\",\"@id\":\"https:\\\/\\\/acervapaulista.com.br\\\/wordpress\\\/category\\\/evento-fechado\\\/#listItem\",\"position\":2,\"name\":\"Evento fechado\",\"item\":\"https:\\\/\\\/acervapaulista.com.br\\\/wordpress\\\/category\\\/evento-fechado\\\/\",\"nextItem\":{\"@type\":\"ListItem\",\"@id\":\"https:\\\/\\\/acervapaulista.com.br\\\/wordpress\\\/category\\\/evento-fechado\\\/concurso\\\/#listItem\",\"name\":\"Concurso\"},\"previousItem\":{\"@type\":\"ListItem\",\"@id\":\"https:\\\/\\\/acervapaulista.com.br\\\/wordpress#listItem\",\"name\":\"Home\"}},{\"@type\":\"ListItem\",\"@id\":\"https:\\\/\\\/acervapaulista.com.br\\\/wordpress\\\/category\\\/evento-fechado\\\/concurso\\\/#listItem\",\"position\":3,\"name\":\"Concurso\",\"item\":\"https:\\\/\\\/acervapaulista.com.br\\\/wordpress\\\/category\\\/evento-fechado\\\/concurso\\\/\",\"nextItem\":{\"@type\":\"ListItem\",\"@id\":\"https:\\\/\\\/acervapaulista.com.br\\\/wordpress\\\/xiii-concurso-estadual-acerva-paulista\\\/#listItem\",\"name\":\"XIII CONCURSO ESTADUAL ACERVA PAULISTA\"},\"previousItem\":{\"@type\":\"ListItem\",\"@id\":\"https:\\\/\\\/acervapaulista.com.br\\\/wordpress\\\/category\\\/evento-fechado\\\/#listItem\",\"name\":\"Evento fechado\"}},{\"@type\":\"ListItem\",\"@id\":\"https:\\\/\\\/acervapaulista.com.br\\\/wordpress\\\/xiii-concurso-estadual-acerva-paulista\\\/#listItem\",\"position\":4,\"name\":\"XIII CONCURSO ESTADUAL ACERVA PAULISTA\",\"previousItem\":{\"@type\":\"ListItem\",\"@id\":\"https:\\\/\\\/acervapaulista.com.br\\\/wordpress\\\/category\\\/evento-fechado\\\/concurso\\\/#listItem\",\"name\":\"Concurso\"}}]},{\"@type\":\"Organization\",\"@id\":\"https:\\\/\\\/acervapaulista.com.br\\\/wordpress\\\/#organization\",\"name\":\"ACervA Paulista\",\"description\":\"Associa\\u00e7\\u00e3o dos Cervejeiros Artesanais Paulistas\",\"url\":\"https:\\\/\\\/acervapaulista.com.br\\\/wordpress\\\/\"},{\"@type\":\"Person\",\"@id\":\"https:\\\/\\\/acervapaulista.com.br\\\/wordpress\\\/author\\\/tondipereira\\\/#author\",\"url\":\"https:\\\/\\\/acervapaulista.com.br\\\/wordpress\\\/author\\\/tondipereira\\\/\",\"name\":\"Cleberton Pereira\",\"image\":{\"@type\":\"ImageObject\",\"@id\":\"https:\\\/\\\/acervapaulista.com.br\\\/wordpress\\\/xiii-concurso-estadual-acerva-paulista\\\/#authorImage\",\"url\":\"https:\\\/\\\/secure.gravatar.com\\\/avatar\\\/4f05a1db828954b66cd53f6de1e19b87fd18b8b8c8dad2e9176473c2fbcfb6f5?s=96&d=mm&r=g\",\"width\":96,\"height\":96,\"caption\":\"Cleberton Pereira\"}},{\"@type\":\"WebPage\",\"@id\":\"https:\\\/\\\/acervapaulista.com.br\\\/wordpress\\\/xiii-concurso-estadual-acerva-paulista\\\/#webpage\",\"url\":\"https:\\\/\\\/acervapaulista.com.br\\\/wordpress\\\/xiii-concurso-estadual-acerva-paulista\\\/\",\"name\":\"XIII CONCURSO ESTADUAL ACERVA PAULISTA - ACervA Paulista\",\"description\":\"FOI DADA A LARGADA!!! E o retorno de nosso Concurso Estadual com sua XIII edi\\u00e7\\u00e3o!! Estamos muito felizes por trazer de volta o nosso Concurso Estadual! Com cara nova e novos desafios, este concurso est\\u00e1 pronto para trazer \\u00e0 tona o melhor de seus projetos e talentos cervejeiros. A mesma determina\\u00e7\\u00e3o e esp\\u00edrito competitivo que\",\"inLanguage\":\"pt-BR\",\"isPartOf\":{\"@id\":\"https:\\\/\\\/acervapaulista.com.br\\\/wordpress\\\/#website\"},\"breadcrumb\":{\"@id\":\"https:\\\/\\\/acervapaulista.com.br\\\/wordpress\\\/xiii-concurso-estadual-acerva-paulista\\\/#breadcrumblist\"},\"author\":{\"@id\":\"https:\\\/\\\/acervapaulista.com.br\\\/wordpress\\\/author\\\/tondipereira\\\/#author\"},\"creator\":{\"@id\":\"https:\\\/\\\/acervapaulista.com.br\\\/wordpress\\\/author\\\/tondipereira\\\/#author\"},\"image\":{\"@type\":\"ImageObject\",\"url\":\"https:\\\/\\\/acervapaulista.com.br\\\/wordpress\\\/wp-content\\\/uploads\\\/2023\\\/09\\\/SITE-2.png\",\"@id\":\"https:\\\/\\\/acervapaulista.com.br\\\/wordpress\\\/xiii-concurso-estadual-acerva-paulista\\\/#mainImage\",\"width\":3456,\"height\":1920},\"primaryImageOfPage\":{\"@id\":\"https:\\\/\\\/acervapaulista.com.br\\\/wordpress\\\/xiii-concurso-estadual-acerva-paulista\\\/#mainImage\"},\"datePublished\":\"2023-09-21T10:02:56-03:00\",\"dateModified\":\"2023-09-25T17:25:32-03:00\"},{\"@type\":\"WebSite\",\"@id\":\"https:\\\/\\\/acervapaulista.com.br\\\/wordpress\\\/#website\",\"url\":\"https:\\\/\\\/acervapaulista.com.br\\\/wordpress\\\/\",\"name\":\"ACervA Paulista\",\"description\":\"Associa\\u00e7\\u00e3o dos Cervejeiros Artesanais Paulistas\",\"inLanguage\":\"pt-BR\",\"publisher\":{\"@id\":\"https:\\\/\\\/acervapaulista.com.br\\\/wordpress\\\/#organization\"}}]}\n\t\t<\/script>\n\t\t<!-- All in One SEO -->\n\n","aioseo_head_json":{"title":"XIII CONCURSO ESTADUAL ACERVA PAULISTA - ACervA Paulista","description":"FOI DADA A LARGADA!!! E o retorno de nosso Concurso Estadual com sua XIII edi\u00e7\u00e3o!! Estamos muito felizes por trazer de volta o nosso Concurso Estadual! Com cara nova e novos desafios, este concurso est\u00e1 pronto para trazer \u00e0 tona o melhor de seus projetos e talentos cervejeiros. A mesma determina\u00e7\u00e3o e esp\u00edrito competitivo que","canonical_url":"https:\/\/acervapaulista.com.br\/wordpress\/xiii-concurso-estadual-acerva-paulista\/","robots":"max-image-preview:large","keywords":"","webmasterTools":{"miscellaneous":""},"schema":{"@context":"https:\/\/schema.org","@graph":[{"@type":"BlogPosting","@id":"https:\/\/acervapaulista.com.br\/wordpress\/xiii-concurso-estadual-acerva-paulista\/#blogposting","name":"XIII CONCURSO ESTADUAL ACERVA PAULISTA - ACervA Paulista","headline":"XIII CONCURSO ESTADUAL ACERVA PAULISTA","author":{"@id":"https:\/\/acervapaulista.com.br\/wordpress\/author\/tondipereira\/#author"},"publisher":{"@id":"https:\/\/acervapaulista.com.br\/wordpress\/#organization"},"image":{"@type":"ImageObject","url":"https:\/\/acervapaulista.com.br\/wordpress\/wp-content\/uploads\/2023\/09\/SITE-2.png","width":3456,"height":1920},"datePublished":"2023-09-21T10:02:56-03:00","dateModified":"2023-09-25T17:25:32-03:00","inLanguage":"pt-BR","mainEntityOfPage":{"@id":"https:\/\/acervapaulista.com.br\/wordpress\/xiii-concurso-estadual-acerva-paulista\/#webpage"},"isPartOf":{"@id":"https:\/\/acervapaulista.com.br\/wordpress\/xiii-concurso-estadual-acerva-paulista\/#webpage"},"articleSection":"Concurso, Evento, Evento aberto, Evento parceiros, Sem categoria, acervapaulista, beergeek, beerlovers, beertasting, cervejaartesanal, cervejaartesanalsp, cervejafeitaemcasa, cervejapaulista, cervejasp, cervejeirocaseiro, cervejeiroscaseiros, cervejeirosdesp, cervejeirospaulistas, craftbeer, craftbeercommunity, euapoioocomerciolocal, euapoiooprodutobrasileiro, eufa\u00e7oaminhacerveja, feitonobrasil, homebrew, homebrewclub, homebrewer, homebrewing, homebrewlife, Parcerias, valorizeoprodutonacional"},{"@type":"BreadcrumbList","@id":"https:\/\/acervapaulista.com.br\/wordpress\/xiii-concurso-estadual-acerva-paulista\/#breadcrumblist","itemListElement":[{"@type":"ListItem","@id":"https:\/\/acervapaulista.com.br\/wordpress#listItem","position":1,"name":"Home","item":"https:\/\/acervapaulista.com.br\/wordpress","nextItem":{"@type":"ListItem","@id":"https:\/\/acervapaulista.com.br\/wordpress\/category\/evento-fechado\/#listItem","name":"Evento fechado"}},{"@type":"ListItem","@id":"https:\/\/acervapaulista.com.br\/wordpress\/category\/evento-fechado\/#listItem","position":2,"name":"Evento fechado","item":"https:\/\/acervapaulista.com.br\/wordpress\/category\/evento-fechado\/","nextItem":{"@type":"ListItem","@id":"https:\/\/acervapaulista.com.br\/wordpress\/category\/evento-fechado\/concurso\/#listItem","name":"Concurso"},"previousItem":{"@type":"ListItem","@id":"https:\/\/acervapaulista.com.br\/wordpress#listItem","name":"Home"}},{"@type":"ListItem","@id":"https:\/\/acervapaulista.com.br\/wordpress\/category\/evento-fechado\/concurso\/#listItem","position":3,"name":"Concurso","item":"https:\/\/acervapaulista.com.br\/wordpress\/category\/evento-fechado\/concurso\/","nextItem":{"@type":"ListItem","@id":"https:\/\/acervapaulista.com.br\/wordpress\/xiii-concurso-estadual-acerva-paulista\/#listItem","name":"XIII CONCURSO ESTADUAL ACERVA PAULISTA"},"previousItem":{"@type":"ListItem","@id":"https:\/\/acervapaulista.com.br\/wordpress\/category\/evento-fechado\/#listItem","name":"Evento fechado"}},{"@type":"ListItem","@id":"https:\/\/acervapaulista.com.br\/wordpress\/xiii-concurso-estadual-acerva-paulista\/#listItem","position":4,"name":"XIII CONCURSO ESTADUAL ACERVA PAULISTA","previousItem":{"@type":"ListItem","@id":"https:\/\/acervapaulista.com.br\/wordpress\/category\/evento-fechado\/concurso\/#listItem","name":"Concurso"}}]},{"@type":"Organization","@id":"https:\/\/acervapaulista.com.br\/wordpress\/#organization","name":"ACervA Paulista","description":"Associa\u00e7\u00e3o dos Cervejeiros Artesanais Paulistas","url":"https:\/\/acervapaulista.com.br\/wordpress\/"},{"@type":"Person","@id":"https:\/\/acervapaulista.com.br\/wordpress\/author\/tondipereira\/#author","url":"https:\/\/acervapaulista.com.br\/wordpress\/author\/tondipereira\/","name":"Cleberton Pereira","image":{"@type":"ImageObject","@id":"https:\/\/acervapaulista.com.br\/wordpress\/xiii-concurso-estadual-acerva-paulista\/#authorImage","url":"https:\/\/secure.gravatar.com\/avatar\/4f05a1db828954b66cd53f6de1e19b87fd18b8b8c8dad2e9176473c2fbcfb6f5?s=96&d=mm&r=g","width":96,"height":96,"caption":"Cleberton Pereira"}},{"@type":"WebPage","@id":"https:\/\/acervapaulista.com.br\/wordpress\/xiii-concurso-estadual-acerva-paulista\/#webpage","url":"https:\/\/acervapaulista.com.br\/wordpress\/xiii-concurso-estadual-acerva-paulista\/","name":"XIII CONCURSO ESTADUAL ACERVA PAULISTA - ACervA Paulista","description":"FOI DADA A LARGADA!!! E o retorno de nosso Concurso Estadual com sua XIII edi\u00e7\u00e3o!! Estamos muito felizes por trazer de volta o nosso Concurso Estadual! Com cara nova e novos desafios, este concurso est\u00e1 pronto para trazer \u00e0 tona o melhor de seus projetos e talentos cervejeiros. A mesma determina\u00e7\u00e3o e esp\u00edrito competitivo que","inLanguage":"pt-BR","isPartOf":{"@id":"https:\/\/acervapaulista.com.br\/wordpress\/#website"},"breadcrumb":{"@id":"https:\/\/acervapaulista.com.br\/wordpress\/xiii-concurso-estadual-acerva-paulista\/#breadcrumblist"},"author":{"@id":"https:\/\/acervapaulista.com.br\/wordpress\/author\/tondipereira\/#author"},"creator":{"@id":"https:\/\/acervapaulista.com.br\/wordpress\/author\/tondipereira\/#author"},"image":{"@type":"ImageObject","url":"https:\/\/acervapaulista.com.br\/wordpress\/wp-content\/uploads\/2023\/09\/SITE-2.png","@id":"https:\/\/acervapaulista.com.br\/wordpress\/xiii-concurso-estadual-acerva-paulista\/#mainImage","width":3456,"height":1920},"primaryImageOfPage":{"@id":"https:\/\/acervapaulista.com.br\/wordpress\/xiii-concurso-estadual-acerva-paulista\/#mainImage"},"datePublished":"2023-09-21T10:02:56-03:00","dateModified":"2023-09-25T17:25:32-03:00"},{"@type":"WebSite","@id":"https:\/\/acervapaulista.com.br\/wordpress\/#website","url":"https:\/\/acervapaulista.com.br\/wordpress\/","name":"ACervA Paulista","description":"Associa\u00e7\u00e3o dos Cervejeiros Artesanais Paulistas","inLanguage":"pt-BR","publisher":{"@id":"https:\/\/acervapaulista.com.br\/wordpress\/#organization"}}]},"og:locale":"pt_BR","og:site_name":"ACervA Paulista - Associa\u00e7\u00e3o dos Cervejeiros Artesanais Paulistas","og:type":"article","og:title":"XIII CONCURSO ESTADUAL ACERVA PAULISTA - ACervA Paulista","og:description":"FOI DADA A LARGADA!!! E o retorno de nosso Concurso Estadual com sua XIII edi\u00e7\u00e3o!! Estamos muito felizes por trazer de volta o nosso Concurso Estadual! Com cara nova e novos desafios, este concurso est\u00e1 pronto para trazer \u00e0 tona o melhor de seus projetos e talentos cervejeiros. A mesma determina\u00e7\u00e3o e esp\u00edrito competitivo que","og:url":"https:\/\/acervapaulista.com.br\/wordpress\/xiii-concurso-estadual-acerva-paulista\/","article:published_time":"2023-09-21T13:02:56+00:00","article:modified_time":"2023-09-25T20:25:32+00:00","twitter:card":"summary_large_image","twitter:title":"XIII CONCURSO ESTADUAL ACERVA PAULISTA - ACervA Paulista","twitter:description":"FOI DADA A LARGADA!!! E o retorno de nosso Concurso Estadual com sua XIII edi\u00e7\u00e3o!! Estamos muito felizes por trazer de volta o nosso Concurso Estadual! Com cara nova e novos desafios, este concurso est\u00e1 pronto para trazer \u00e0 tona o melhor de seus projetos e talentos cervejeiros. A mesma determina\u00e7\u00e3o e esp\u00edrito competitivo que"},"aioseo_meta_data":{"post_id":"7203","title":null,"description":null,"keywords":null,"keyphrases":null,"primary_term":null,"canonical_url":null,"og_title":null,"og_description":null,"og_object_type":"default","og_image_type":"default","og_image_url":null,"og_image_width":null,"og_image_height":null,"og_image_custom_url":null,"og_image_custom_fields":null,"og_video":null,"og_custom_url":null,"og_article_section":null,"og_article_tags":null,"twitter_use_og":false,"twitter_card":"default","twitter_image_type":"default","twitter_image_url":null,"twitter_image_custom_url":null,"twitter_image_custom_fields":null,"twitter_title":null,"twitter_description":null,"schema":{"blockGraphs":[],"customGraphs":[],"default":{"data":{"Article":[],"Course":[],"Dataset":[],"FAQPage":[],"Movie":[],"Person":[],"Product":[],"ProductReview":[],"Car":[],"Recipe":[],"Service":[],"SoftwareApplication":[],"WebPage":[]},"graphName":"","isEnabled":true},"graphs":[]},"schema_type":"default","schema_type_options":null,"pillar_content":false,"robots_default":true,"robots_noindex":false,"robots_noarchive":false,"robots_nosnippet":false,"robots_nofollow":false,"robots_noimageindex":false,"robots_noodp":false,"robots_notranslate":false,"robots_max_snippet":null,"robots_max_videopreview":null,"robots_max_imagepreview":"large","priority":null,"frequency":null,"local_seo":null,"breadcrumb_settings":null,"limit_modified_date":false,"ai":null,"created":"2023-10-20 05:14:03","updated":"2025-09-06 13:04:15","seo_analyzer_scan_date":null},"aioseo_breadcrumb":"<div class=\"aioseo-breadcrumbs\"><span class=\"aioseo-breadcrumb\">\n\t\t\t<a href=\"https:\/\/acervapaulista.com.br\/wordpress\" title=\"Home\">Home<\/a>\n\t\t<\/span><span class=\"aioseo-breadcrumb-separator\">&raquo;<\/span><span class=\"aioseo-breadcrumb\">\n\t\t\t<a href=\"https:\/\/acervapaulista.com.br\/wordpress\/category\/evento-fechado\/\" title=\"Evento fechado\">Evento fechado<\/a>\n\t\t<\/span><span class=\"aioseo-breadcrumb-separator\">&raquo;<\/span><span class=\"aioseo-breadcrumb\">\n\t\t\t<a href=\"https:\/\/acervapaulista.com.br\/wordpress\/category\/evento-fechado\/concurso\/\" title=\"Concurso\">Concurso<\/a>\n\t\t<\/span><span class=\"aioseo-breadcrumb-separator\">&raquo;<\/span><span class=\"aioseo-breadcrumb\">\n\t\t\tXIII CONCURSO ESTADUAL ACERVA PAULISTA\n\t\t<\/span><\/div>","aioseo_breadcrumb_json":[{"label":"Home","link":"https:\/\/acervapaulista.com.br\/wordpress"},{"label":"Evento fechado","link":"https:\/\/acervapaulista.com.br\/wordpress\/category\/evento-fechado\/"},{"label":"Concurso","link":"https:\/\/acervapaulista.com.br\/wordpress\/category\/evento-fechado\/concurso\/"},{"label":"XIII CONCURSO ESTADUAL ACERVA PAULISTA","link":"https:\/\/acervapaulista.com.br\/wordpress\/xiii-concurso-estadual-acerva-paulista\/"}],"_links":{"self":[{"href":"https:\/\/acervapaulista.com.br\/wordpress\/wp-json\/wp\/v2\/posts\/7203","targetHints":{"allow":["GET"]}}],"collection":[{"href":"https:\/\/acervapaulista.com.br\/wordpress\/wp-json\/wp\/v2\/posts"}],"about":[{"href":"https:\/\/acervapaulista.com.br\/wordpress\/wp-json\/wp\/v2\/types\/post"}],"author":[{"embeddable":true,"href":"https:\/\/acervapaulista.com.br\/wordpress\/wp-json\/wp\/v2\/users\/121"}],"replies":[{"embeddable":true,"href":"https:\/\/acervapaulista.com.br\/wordpress\/wp-json\/wp\/v2\/comments?post=7203"}],"version-history":[{"count":3,"href":"https:\/\/acervapaulista.com.br\/wordpress\/wp-json\/wp\/v2\/posts\/7203\/revisions"}],"predecessor-version":[{"id":7226,"href":"https:\/\/acervapaulista.com.br\/wordpress\/wp-json\/wp\/v2\/posts\/7203\/revisions\/7226"}],"wp:featuredmedia":[{"embeddable":true,"href":"https:\/\/acervapaulista.com.br\/wordpress\/wp-json\/wp\/v2\/media\/7215"}],"wp:attachment":[{"href":"https:\/\/acervapaulista.com.br\/wordpress\/wp-json\/wp\/v2\/media?parent=7203"}],"wp:term":[{"taxonomy":"category","embeddable":true,"href":"https:\/\/acervapaulista.com.br\/wordpress\/wp-json\/wp\/v2\/categories?post=7203"},{"taxonomy":"post_tag","embeddable":true,"href":"https:\/\/acervapaulista.com.br\/wordpress\/wp-json\/wp\/v2\/tags?post=7203"}],"curies":[{"name":"wp","href":"https:\/\/api.w.org\/{rel}","templated":true}]}}