{"id":7187,"date":"2023-08-31T11:50:50","date_gmt":"2023-08-31T14:50:50","guid":{"rendered":"https:\/\/acervapaulista.com.br\/wordpress\/?p=7187"},"modified":"2023-09-14T12:47:24","modified_gmt":"2023-09-14T15:47:24","slug":"brassagem-aberta-no-the-beer-market-em-jundiai","status":"publish","type":"post","link":"https:\/\/acervapaulista.com.br\/wordpress\/brassagem-aberta-no-the-beer-market-em-jundiai\/","title":{"rendered":"Brassagem Aberta no The Beer Market em Jundia\u00ed"},"content":{"rendered":"\n<p class=\"wp-block-paragraph\">Ol\u00e1 associados e associadas da Acerva Paulista!<\/p>\n\n\n\n<p class=\"wp-block-paragraph\">Vem a\u00ed a terceira edi\u00e7\u00e3o do ACervA na estrada! E desta vez o evento desembarca no The Beer Market em Jundia\u00ed!<\/p>\n\n\n\n<p class=\"wp-block-paragraph\">Faremos uma brassagem aberta e um bate papo sobre o estilo a ser produzido.<\/p>\n\n\n\n<p class=\"wp-block-paragraph\">A casa conta com 23 taps e + 150 r\u00f3tulos.<\/p>\n\n\n\n<p class=\"wp-block-paragraph\">Ent\u00e3o j\u00e1 salva a\u00ed a data do evento em sua agenda, dia 30\/09 e fiquem ligados que em breve teremos mais informa\u00e7\u00f5es.<\/p>\n\n\n\n<p class=\"wp-block-paragraph\">Data: 30\/09\/2023<br>Hor\u00e1rio: 12h<br>Local: Av. Dr. Pedro Soares de Camargo, 35 &#8211; Anhangaba\u00fa, Jundia\u00ed &#8211; SP, 13208-080<br>Instagram: <a href=\"https:\/\/www.instagram.com\/thebeermarket\/\">@thebeermarket<\/a><\/p>\n\n\n\n<p class=\"wp-block-paragraph\">Confirme sua Presen\u00e7a Aqui \u2705<\/p>\n\n\n\n<figure class=\"wp-block-embed is-type-wp-embed is-provider-acerva-paulista wp-block-embed-acerva-paulista\"><div class=\"wp-block-embed__wrapper\">\n<div class=\"x-embed x-is-rich x-is-acerva-paulista\"><blockquote class=\"wp-embedded-content\" data-secret=\"oouiP9PdIk\"><a href=\"https:\/\/acervapaulista.com.br\/wordpress\/evento\/brassagem-aberta-no-the-beer-market-em-jundiai\/\">Brassagem Aberta no The Beer Market em Jundia\u00ed<\/a><\/blockquote><iframe loading=\"lazy\" class=\"wp-embedded-content\" sandbox=\"allow-scripts\" security=\"restricted\" style=\"position: absolute; clip: rect(1px, 1px, 1px, 1px);\" title=\"&#8220;Brassagem Aberta no The Beer Market em Jundia\u00ed&#8221; &#8212; ACervA Paulista\" src=\"https:\/\/acervapaulista.com.br\/wordpress\/evento\/brassagem-aberta-no-the-beer-market-em-jundiai\/embed\/#?secret=i7uuLbzEPe#?secret=oouiP9PdIk\" data-secret=\"oouiP9PdIk\" width=\"600\" height=\"338\" frameborder=\"0\" marginwidth=\"0\" marginheight=\"0\" scrolling=\"no\"><\/iframe><\/div>\n<\/div><\/figure>\n\n\n\n<p class=\"wp-block-paragraph\">Vem Pra ACervA Paulista!<\/p>\n\n\n\n<p class=\"wp-block-paragraph\">Associe j\u00e1! <a href=\"https:\/\/acervapaulista.com.br\/categoria-produto\/associacao\/\">https:\/\/acervapaulista.com.br<\/a><\/p>\n\n\n\n<p class=\"wp-block-paragraph\">Instagram:&nbsp;<a href=\"https:\/\/www.instagram.com\/acervapaulista\/\" target=\"_blank\" rel=\"noreferrer noopener\">ACervA Paulista<\/a><\/p>\n\n\n\n<p class=\"wp-block-paragraph\">E n\u00e3o se esque\u00e7a, registre sua visita \ud83d\udcf8 e marque o nosso Instagram <a href=\"https:\/\/www.instagram.com\/acervapaulista\/\" target=\"_blank\" rel=\"noreferrer noopener\">@acervapaulista.<\/a><\/p>\n\n\n\n<p class=\"wp-block-paragraph\"><\/p>\n\n\n\n<p class=\"wp-block-paragraph\">#eufa\u00e7oaminhacerveja #cervejaartesanal #cervejafeitaemcasa #cervejeirocaseiro #cervejeiroscaseiros #homebrew #homebrewer #homebrewing #homebrewlife #craftbeer #beerlovers #beergeek #beertasting #brewday #craftbeercommunity #homebrewclub #euapoioocomerciolocal #parcerias #euapoiooprodutobrasileiro #valorizeoprodutonacional #feitonobrasil #cervejaartesanalsp #cervejapaulista #cervejeirosdesp #cervejasp #cervejeirospaulistas #acervapaulista #VemPraAcervaPaulista<\/p>\n\n\n\n<p class=\"wp-block-paragraph\">Diretoria Gest\u00e3o 2023\/2024<\/p>\n\n\n\n<p class=\"wp-block-paragraph\"><\/p>\n\n\n\n<p class=\"wp-block-paragraph\"><\/p>\n\n\n\n<p class=\"has-black-color has-text-color wp-block-paragraph\"><\/p>\n\n\n\n<p class=\"wp-block-paragraph\"><\/p>\n\n\n\n<p class=\"wp-block-paragraph\"><\/p>\n\n\n\n<p class=\"wp-block-paragraph\"><\/p>\n","protected":false},"excerpt":{"rendered":"<p>Ol\u00e1 associados e associadas da Acerva Paulista! Vem a\u00ed a terceira edi\u00e7\u00e3o do ACervA na estrada! E desta vez o evento desembarca no The Beer Market em Jundia\u00ed! Faremos uma brassagem aberta e um bate papo sobre o estilo a ser produzido. A casa conta com 23 taps e + 150 r\u00f3tulos. Ent\u00e3o j\u00e1 salva a\u00ed a data do evento em sua agenda, dia 30\/09 e fiquem ligados que em breve teremos mais informa\u00e7\u00f5es. Data: 30\/09\/2023Hor\u00e1rio: 12hLocal: Av. Dr. Pedro Soares de Camargo, 35 &#8211; Anhangaba\u00fa, Jundia\u00ed &#8211; SP, 13208-080Instagram: @thebeermarket Confirme sua Presen\u00e7a Aqui \u2705 Vem Pra ACervA Paulista! Associe j\u00e1! https:\/\/acervapaulista.com.br Instagram:&nbsp;ACervA Paulista E n\u00e3o se esque\u00e7a, registre sua visita \ud83d\udcf8 e marque o nosso Instagram @acervapaulista. #eufa\u00e7oaminhacerveja #cervejaartesanal #cervejafeitaemcasa #cervejeirocaseiro #cervejeiroscaseiros #homebrew #homebrewer #homebrewing #homebrewlife #craftbeer #beerlovers #beergeek #beertasting #brewday #craftbeercommunity #homebrewclub #euapoioocomerciolocal #parcerias #euapoiooprodutobrasileiro #valorizeoprodutonacional #feitonobrasil #cervejaartesanalsp #cervejapaulista #cervejeirosdesp #cervejasp #cervejeirospaulistas #acervapaulista #VemPraAcervaPaulista Diretoria Gest\u00e3o 2023\/2024<\/p>\n","protected":false},"author":84,"featured_media":7194,"comment_status":"closed","ping_status":"open","sticky":false,"template":"","format":"standard","meta":{"pmpro_default_level":"","_price":"","_stock":"","_tribe_ticket_header":"","_tribe_default_ticket_provider":"","_tribe_ticket_capacity":"0","_ticket_start_date":"","_ticket_end_date":"","_tribe_ticket_show_description":"","_tribe_ticket_show_not_going":false,"_tribe_ticket_use_global_stock":"","_tribe_ticket_global_stock_level":"","_global_stock_mode":"","_global_stock_cap":"","_tribe_rsvp_for_event":"","_tribe_ticket_going_count":"","_tribe_ticket_not_going_count":"","_tribe_tickets_list":"[]","_tribe_ticket_has_attendee_info_fields":false,"footnotes":""},"categories":[9,149,10,148,201],"tags":[184,267,266,268,204,276,261,277,279,251,262,278,280,265,270,272,273,212,275,252,271,253,263,264,171,274,218],"class_list":["post-7187","post","type-post","status-publish","format-standard","has-post-thumbnail","hentry","category-evento","category-evento-aberto","category-evento-parceiros","category-noticia","category-parceiros-acerva-sp","tag-acervapaulista","tag-beergeek","tag-beerlovers","tag-beertasting","tag-cervejaartesanal","tag-cervejaartesanalsp","tag-cervejafeitaemcasa","tag-cervejapaulista","tag-cervejasp","tag-cervejeirocaseiro","tag-cervejeiroscaseiros","tag-cervejeirosdesp","tag-cervejeirospaulistas","tag-craftbeer","tag-craftbeercommunity","tag-euapoioocomerciolocal","tag-euapoiooprodutobrasileiro","tag-eufacoaminhacerveja","tag-feitonobrasil","tag-homebrew","tag-homebrewclub","tag-homebrewer","tag-homebrewing","tag-homebrewlife","tag-parcerias","tag-valorizeoprodutonacional","tag-vempraacervapaulista","pmpro-has-access"],"aioseo_notices":[],"aioseo_head":"\n\t\t<!-- All in One SEO 4.9.10 - aioseo.com -->\n\t<meta name=\"description\" content=\"Ol\u00e1 associados e associadas da Acerva Paulista! Vem a\u00ed a terceira edi\u00e7\u00e3o do ACervA na estrada! E desta vez o evento desembarca no The Beer Market em Jundia\u00ed! Faremos uma brassagem aberta e um bate papo sobre o estilo a ser produzido. A casa conta com 23 taps e + 150 r\u00f3tulos. Ent\u00e3o j\u00e1 salva\" \/>\n\t<meta name=\"robots\" content=\"max-image-preview:large\" \/>\n\t<meta name=\"author\" content=\"Carlos Santana\"\/>\n\t<link rel=\"canonical\" href=\"https:\/\/acervapaulista.com.br\/wordpress\/brassagem-aberta-no-the-beer-market-em-jundiai\/\" \/>\n\t<meta name=\"generator\" content=\"All in One SEO (AIOSEO) 4.9.10\" \/>\n\t\t<meta property=\"og:locale\" content=\"pt_BR\" \/>\n\t\t<meta property=\"og:site_name\" content=\"ACervA Paulista - Associa\u00e7\u00e3o dos Cervejeiros Artesanais Paulistas\" \/>\n\t\t<meta property=\"og:type\" content=\"article\" \/>\n\t\t<meta property=\"og:title\" content=\"Brassagem Aberta no The Beer Market em Jundia\u00ed - ACervA Paulista\" \/>\n\t\t<meta property=\"og:description\" content=\"Ol\u00e1 associados e associadas da Acerva Paulista! Vem a\u00ed a terceira edi\u00e7\u00e3o do ACervA na estrada! E desta vez o evento desembarca no The Beer Market em Jundia\u00ed! Faremos uma brassagem aberta e um bate papo sobre o estilo a ser produzido. A casa conta com 23 taps e + 150 r\u00f3tulos. Ent\u00e3o j\u00e1 salva\" \/>\n\t\t<meta property=\"og:url\" content=\"https:\/\/acervapaulista.com.br\/wordpress\/brassagem-aberta-no-the-beer-market-em-jundiai\/\" \/>\n\t\t<meta property=\"article:published_time\" content=\"2023-08-31T14:50:50+00:00\" \/>\n\t\t<meta property=\"article:modified_time\" content=\"2023-09-14T15:47:24+00:00\" \/>\n\t\t<meta name=\"twitter:card\" content=\"summary_large_image\" \/>\n\t\t<meta name=\"twitter:title\" content=\"Brassagem Aberta no The Beer Market em Jundia\u00ed - ACervA Paulista\" \/>\n\t\t<meta name=\"twitter:description\" content=\"Ol\u00e1 associados e associadas da Acerva Paulista! Vem a\u00ed a terceira edi\u00e7\u00e3o do ACervA na estrada! E desta vez o evento desembarca no The Beer Market em Jundia\u00ed! Faremos uma brassagem aberta e um bate papo sobre o estilo a ser produzido. A casa conta com 23 taps e + 150 r\u00f3tulos. Ent\u00e3o j\u00e1 salva\" \/>\n\t\t<script type=\"application\/ld+json\" class=\"aioseo-schema\">\n\t\t\t{\"@context\":\"https:\\\/\\\/schema.org\",\"@graph\":[{\"@type\":\"BlogPosting\",\"@id\":\"https:\\\/\\\/acervapaulista.com.br\\\/wordpress\\\/brassagem-aberta-no-the-beer-market-em-jundiai\\\/#blogposting\",\"name\":\"Brassagem Aberta no The Beer Market em Jundia\\u00ed - ACervA Paulista\",\"headline\":\"Brassagem Aberta no The Beer Market em Jundia\\u00ed\",\"author\":{\"@id\":\"https:\\\/\\\/acervapaulista.com.br\\\/wordpress\\\/author\\\/educhp\\\/#author\"},\"publisher\":{\"@id\":\"https:\\\/\\\/acervapaulista.com.br\\\/wordpress\\\/#organization\"},\"image\":{\"@type\":\"ImageObject\",\"url\":\"https:\\\/\\\/acervapaulista.com.br\\\/wordpress\\\/wp-content\\\/uploads\\\/2023\\\/08\\\/WhatsApp-Image-2023-09-13-at-19.08.00-1.jpeg\",\"width\":1080,\"height\":1350},\"datePublished\":\"2023-08-31T11:50:50-03:00\",\"dateModified\":\"2023-09-14T12:47:24-03:00\",\"inLanguage\":\"pt-BR\",\"mainEntityOfPage\":{\"@id\":\"https:\\\/\\\/acervapaulista.com.br\\\/wordpress\\\/brassagem-aberta-no-the-beer-market-em-jundiai\\\/#webpage\"},\"isPartOf\":{\"@id\":\"https:\\\/\\\/acervapaulista.com.br\\\/wordpress\\\/brassagem-aberta-no-the-beer-market-em-jundiai\\\/#webpage\"},\"articleSection\":\"Evento, Evento aberto, Evento parceiros, Not\\u00edcia, Parcerias, acervapaulista, beergeek, beerlovers, beertasting, cervejaartesanal, cervejaartesanalsp, cervejafeitaemcasa, cervejapaulista, cervejasp, cervejeirocaseiro, cervejeiroscaseiros, cervejeirosdesp, cervejeirospaulistas, craftbeer, craftbeercommunity, euapoioocomerciolocal, euapoiooprodutobrasileiro, eufa\\u00e7oaminhacerveja, feitonobrasil, homebrew, homebrewclub, homebrewer, homebrewing, homebrewlife, Parcerias, valorizeoprodutonacional, vempraacervapaulista\"},{\"@type\":\"BreadcrumbList\",\"@id\":\"https:\\\/\\\/acervapaulista.com.br\\\/wordpress\\\/brassagem-aberta-no-the-beer-market-em-jundiai\\\/#breadcrumblist\",\"itemListElement\":[{\"@type\":\"ListItem\",\"@id\":\"https:\\\/\\\/acervapaulista.com.br\\\/wordpress#listItem\",\"position\":1,\"name\":\"Home\",\"item\":\"https:\\\/\\\/acervapaulista.com.br\\\/wordpress\",\"nextItem\":{\"@type\":\"ListItem\",\"@id\":\"https:\\\/\\\/acervapaulista.com.br\\\/wordpress\\\/category\\\/evento\\\/#listItem\",\"name\":\"Evento\"}},{\"@type\":\"ListItem\",\"@id\":\"https:\\\/\\\/acervapaulista.com.br\\\/wordpress\\\/category\\\/evento\\\/#listItem\",\"position\":2,\"name\":\"Evento\",\"item\":\"https:\\\/\\\/acervapaulista.com.br\\\/wordpress\\\/category\\\/evento\\\/\",\"nextItem\":{\"@type\":\"ListItem\",\"@id\":\"https:\\\/\\\/acervapaulista.com.br\\\/wordpress\\\/brassagem-aberta-no-the-beer-market-em-jundiai\\\/#listItem\",\"name\":\"Brassagem Aberta no The Beer Market em Jundia\\u00ed\"},\"previousItem\":{\"@type\":\"ListItem\",\"@id\":\"https:\\\/\\\/acervapaulista.com.br\\\/wordpress#listItem\",\"name\":\"Home\"}},{\"@type\":\"ListItem\",\"@id\":\"https:\\\/\\\/acervapaulista.com.br\\\/wordpress\\\/brassagem-aberta-no-the-beer-market-em-jundiai\\\/#listItem\",\"position\":3,\"name\":\"Brassagem Aberta no The Beer Market em Jundia\\u00ed\",\"previousItem\":{\"@type\":\"ListItem\",\"@id\":\"https:\\\/\\\/acervapaulista.com.br\\\/wordpress\\\/category\\\/evento\\\/#listItem\",\"name\":\"Evento\"}}]},{\"@type\":\"Organization\",\"@id\":\"https:\\\/\\\/acervapaulista.com.br\\\/wordpress\\\/#organization\",\"name\":\"ACervA Paulista\",\"description\":\"Associa\\u00e7\\u00e3o dos Cervejeiros Artesanais Paulistas\",\"url\":\"https:\\\/\\\/acervapaulista.com.br\\\/wordpress\\\/\"},{\"@type\":\"Person\",\"@id\":\"https:\\\/\\\/acervapaulista.com.br\\\/wordpress\\\/author\\\/educhp\\\/#author\",\"url\":\"https:\\\/\\\/acervapaulista.com.br\\\/wordpress\\\/author\\\/educhp\\\/\",\"name\":\"Carlos Santana\",\"image\":{\"@type\":\"ImageObject\",\"@id\":\"https:\\\/\\\/acervapaulista.com.br\\\/wordpress\\\/brassagem-aberta-no-the-beer-market-em-jundiai\\\/#authorImage\",\"url\":\"https:\\\/\\\/secure.gravatar.com\\\/avatar\\\/9bb9fc5ee33332780165f5a66181a659bda39f9fb30b1defd1d1cb01335ebd65?s=96&d=mm&r=g\",\"width\":96,\"height\":96,\"caption\":\"Carlos Santana\"}},{\"@type\":\"WebPage\",\"@id\":\"https:\\\/\\\/acervapaulista.com.br\\\/wordpress\\\/brassagem-aberta-no-the-beer-market-em-jundiai\\\/#webpage\",\"url\":\"https:\\\/\\\/acervapaulista.com.br\\\/wordpress\\\/brassagem-aberta-no-the-beer-market-em-jundiai\\\/\",\"name\":\"Brassagem Aberta no The Beer Market em Jundia\\u00ed - ACervA Paulista\",\"description\":\"Ol\\u00e1 associados e associadas da Acerva Paulista! Vem a\\u00ed a terceira edi\\u00e7\\u00e3o do ACervA na estrada! E desta vez o evento desembarca no The Beer Market em Jundia\\u00ed! Faremos uma brassagem aberta e um bate papo sobre o estilo a ser produzido. A casa conta com 23 taps e + 150 r\\u00f3tulos. Ent\\u00e3o j\\u00e1 salva\",\"inLanguage\":\"pt-BR\",\"isPartOf\":{\"@id\":\"https:\\\/\\\/acervapaulista.com.br\\\/wordpress\\\/#website\"},\"breadcrumb\":{\"@id\":\"https:\\\/\\\/acervapaulista.com.br\\\/wordpress\\\/brassagem-aberta-no-the-beer-market-em-jundiai\\\/#breadcrumblist\"},\"author\":{\"@id\":\"https:\\\/\\\/acervapaulista.com.br\\\/wordpress\\\/author\\\/educhp\\\/#author\"},\"creator\":{\"@id\":\"https:\\\/\\\/acervapaulista.com.br\\\/wordpress\\\/author\\\/educhp\\\/#author\"},\"image\":{\"@type\":\"ImageObject\",\"url\":\"https:\\\/\\\/acervapaulista.com.br\\\/wordpress\\\/wp-content\\\/uploads\\\/2023\\\/08\\\/WhatsApp-Image-2023-09-13-at-19.08.00-1.jpeg\",\"@id\":\"https:\\\/\\\/acervapaulista.com.br\\\/wordpress\\\/brassagem-aberta-no-the-beer-market-em-jundiai\\\/#mainImage\",\"width\":1080,\"height\":1350},\"primaryImageOfPage\":{\"@id\":\"https:\\\/\\\/acervapaulista.com.br\\\/wordpress\\\/brassagem-aberta-no-the-beer-market-em-jundiai\\\/#mainImage\"},\"datePublished\":\"2023-08-31T11:50:50-03:00\",\"dateModified\":\"2023-09-14T12:47:24-03:00\"},{\"@type\":\"WebSite\",\"@id\":\"https:\\\/\\\/acervapaulista.com.br\\\/wordpress\\\/#website\",\"url\":\"https:\\\/\\\/acervapaulista.com.br\\\/wordpress\\\/\",\"name\":\"ACervA Paulista\",\"description\":\"Associa\\u00e7\\u00e3o dos Cervejeiros Artesanais Paulistas\",\"inLanguage\":\"pt-BR\",\"publisher\":{\"@id\":\"https:\\\/\\\/acervapaulista.com.br\\\/wordpress\\\/#organization\"}}]}\n\t\t<\/script>\n\t\t<!-- All in One SEO -->\n\n","aioseo_head_json":{"title":"Brassagem Aberta no The Beer Market em Jundia\u00ed - ACervA Paulista","description":"Ol\u00e1 associados e associadas da Acerva Paulista! Vem a\u00ed a terceira edi\u00e7\u00e3o do ACervA na estrada! E desta vez o evento desembarca no The Beer Market em Jundia\u00ed! Faremos uma brassagem aberta e um bate papo sobre o estilo a ser produzido. A casa conta com 23 taps e + 150 r\u00f3tulos. Ent\u00e3o j\u00e1 salva","canonical_url":"https:\/\/acervapaulista.com.br\/wordpress\/brassagem-aberta-no-the-beer-market-em-jundiai\/","robots":"max-image-preview:large","keywords":"","webmasterTools":{"miscellaneous":""},"schema":{"@context":"https:\/\/schema.org","@graph":[{"@type":"BlogPosting","@id":"https:\/\/acervapaulista.com.br\/wordpress\/brassagem-aberta-no-the-beer-market-em-jundiai\/#blogposting","name":"Brassagem Aberta no The Beer Market em Jundia\u00ed - ACervA Paulista","headline":"Brassagem Aberta no The Beer Market em Jundia\u00ed","author":{"@id":"https:\/\/acervapaulista.com.br\/wordpress\/author\/educhp\/#author"},"publisher":{"@id":"https:\/\/acervapaulista.com.br\/wordpress\/#organization"},"image":{"@type":"ImageObject","url":"https:\/\/acervapaulista.com.br\/wordpress\/wp-content\/uploads\/2023\/08\/WhatsApp-Image-2023-09-13-at-19.08.00-1.jpeg","width":1080,"height":1350},"datePublished":"2023-08-31T11:50:50-03:00","dateModified":"2023-09-14T12:47:24-03:00","inLanguage":"pt-BR","mainEntityOfPage":{"@id":"https:\/\/acervapaulista.com.br\/wordpress\/brassagem-aberta-no-the-beer-market-em-jundiai\/#webpage"},"isPartOf":{"@id":"https:\/\/acervapaulista.com.br\/wordpress\/brassagem-aberta-no-the-beer-market-em-jundiai\/#webpage"},"articleSection":"Evento, Evento aberto, Evento parceiros, Not\u00edcia, Parcerias, acervapaulista, beergeek, beerlovers, beertasting, cervejaartesanal, cervejaartesanalsp, cervejafeitaemcasa, cervejapaulista, cervejasp, cervejeirocaseiro, cervejeiroscaseiros, cervejeirosdesp, cervejeirospaulistas, craftbeer, craftbeercommunity, euapoioocomerciolocal, euapoiooprodutobrasileiro, eufa\u00e7oaminhacerveja, feitonobrasil, homebrew, homebrewclub, homebrewer, homebrewing, homebrewlife, Parcerias, valorizeoprodutonacional, vempraacervapaulista"},{"@type":"BreadcrumbList","@id":"https:\/\/acervapaulista.com.br\/wordpress\/brassagem-aberta-no-the-beer-market-em-jundiai\/#breadcrumblist","itemListElement":[{"@type":"ListItem","@id":"https:\/\/acervapaulista.com.br\/wordpress#listItem","position":1,"name":"Home","item":"https:\/\/acervapaulista.com.br\/wordpress","nextItem":{"@type":"ListItem","@id":"https:\/\/acervapaulista.com.br\/wordpress\/category\/evento\/#listItem","name":"Evento"}},{"@type":"ListItem","@id":"https:\/\/acervapaulista.com.br\/wordpress\/category\/evento\/#listItem","position":2,"name":"Evento","item":"https:\/\/acervapaulista.com.br\/wordpress\/category\/evento\/","nextItem":{"@type":"ListItem","@id":"https:\/\/acervapaulista.com.br\/wordpress\/brassagem-aberta-no-the-beer-market-em-jundiai\/#listItem","name":"Brassagem Aberta no The Beer Market em Jundia\u00ed"},"previousItem":{"@type":"ListItem","@id":"https:\/\/acervapaulista.com.br\/wordpress#listItem","name":"Home"}},{"@type":"ListItem","@id":"https:\/\/acervapaulista.com.br\/wordpress\/brassagem-aberta-no-the-beer-market-em-jundiai\/#listItem","position":3,"name":"Brassagem Aberta no The Beer Market em Jundia\u00ed","previousItem":{"@type":"ListItem","@id":"https:\/\/acervapaulista.com.br\/wordpress\/category\/evento\/#listItem","name":"Evento"}}]},{"@type":"Organization","@id":"https:\/\/acervapaulista.com.br\/wordpress\/#organization","name":"ACervA Paulista","description":"Associa\u00e7\u00e3o dos Cervejeiros Artesanais Paulistas","url":"https:\/\/acervapaulista.com.br\/wordpress\/"},{"@type":"Person","@id":"https:\/\/acervapaulista.com.br\/wordpress\/author\/educhp\/#author","url":"https:\/\/acervapaulista.com.br\/wordpress\/author\/educhp\/","name":"Carlos Santana","image":{"@type":"ImageObject","@id":"https:\/\/acervapaulista.com.br\/wordpress\/brassagem-aberta-no-the-beer-market-em-jundiai\/#authorImage","url":"https:\/\/secure.gravatar.com\/avatar\/9bb9fc5ee33332780165f5a66181a659bda39f9fb30b1defd1d1cb01335ebd65?s=96&d=mm&r=g","width":96,"height":96,"caption":"Carlos Santana"}},{"@type":"WebPage","@id":"https:\/\/acervapaulista.com.br\/wordpress\/brassagem-aberta-no-the-beer-market-em-jundiai\/#webpage","url":"https:\/\/acervapaulista.com.br\/wordpress\/brassagem-aberta-no-the-beer-market-em-jundiai\/","name":"Brassagem Aberta no The Beer Market em Jundia\u00ed - ACervA Paulista","description":"Ol\u00e1 associados e associadas da Acerva Paulista! Vem a\u00ed a terceira edi\u00e7\u00e3o do ACervA na estrada! E desta vez o evento desembarca no The Beer Market em Jundia\u00ed! Faremos uma brassagem aberta e um bate papo sobre o estilo a ser produzido. A casa conta com 23 taps e + 150 r\u00f3tulos. Ent\u00e3o j\u00e1 salva","inLanguage":"pt-BR","isPartOf":{"@id":"https:\/\/acervapaulista.com.br\/wordpress\/#website"},"breadcrumb":{"@id":"https:\/\/acervapaulista.com.br\/wordpress\/brassagem-aberta-no-the-beer-market-em-jundiai\/#breadcrumblist"},"author":{"@id":"https:\/\/acervapaulista.com.br\/wordpress\/author\/educhp\/#author"},"creator":{"@id":"https:\/\/acervapaulista.com.br\/wordpress\/author\/educhp\/#author"},"image":{"@type":"ImageObject","url":"https:\/\/acervapaulista.com.br\/wordpress\/wp-content\/uploads\/2023\/08\/WhatsApp-Image-2023-09-13-at-19.08.00-1.jpeg","@id":"https:\/\/acervapaulista.com.br\/wordpress\/brassagem-aberta-no-the-beer-market-em-jundiai\/#mainImage","width":1080,"height":1350},"primaryImageOfPage":{"@id":"https:\/\/acervapaulista.com.br\/wordpress\/brassagem-aberta-no-the-beer-market-em-jundiai\/#mainImage"},"datePublished":"2023-08-31T11:50:50-03:00","dateModified":"2023-09-14T12:47:24-03:00"},{"@type":"WebSite","@id":"https:\/\/acervapaulista.com.br\/wordpress\/#website","url":"https:\/\/acervapaulista.com.br\/wordpress\/","name":"ACervA Paulista","description":"Associa\u00e7\u00e3o dos Cervejeiros Artesanais Paulistas","inLanguage":"pt-BR","publisher":{"@id":"https:\/\/acervapaulista.com.br\/wordpress\/#organization"}}]},"og:locale":"pt_BR","og:site_name":"ACervA Paulista - Associa\u00e7\u00e3o dos Cervejeiros Artesanais Paulistas","og:type":"article","og:title":"Brassagem Aberta no The Beer Market em Jundia\u00ed - ACervA Paulista","og:description":"Ol\u00e1 associados e associadas da Acerva Paulista! Vem a\u00ed a terceira edi\u00e7\u00e3o do ACervA na estrada! E desta vez o evento desembarca no The Beer Market em Jundia\u00ed! Faremos uma brassagem aberta e um bate papo sobre o estilo a ser produzido. A casa conta com 23 taps e + 150 r\u00f3tulos. Ent\u00e3o j\u00e1 salva","og:url":"https:\/\/acervapaulista.com.br\/wordpress\/brassagem-aberta-no-the-beer-market-em-jundiai\/","article:published_time":"2023-08-31T14:50:50+00:00","article:modified_time":"2023-09-14T15:47:24+00:00","twitter:card":"summary_large_image","twitter:title":"Brassagem Aberta no The Beer Market em Jundia\u00ed - ACervA Paulista","twitter:description":"Ol\u00e1 associados e associadas da Acerva Paulista! Vem a\u00ed a terceira edi\u00e7\u00e3o do ACervA na estrada! E desta vez o evento desembarca no The Beer Market em Jundia\u00ed! Faremos uma brassagem aberta e um bate papo sobre o estilo a ser produzido. A casa conta com 23 taps e + 150 r\u00f3tulos. Ent\u00e3o j\u00e1 salva"},"aioseo_meta_data":{"post_id":"7187","title":null,"description":null,"keywords":null,"keyphrases":null,"primary_term":null,"canonical_url":null,"og_title":null,"og_description":null,"og_object_type":"default","og_image_type":"default","og_image_url":null,"og_image_width":null,"og_image_height":null,"og_image_custom_url":null,"og_image_custom_fields":null,"og_video":null,"og_custom_url":null,"og_article_section":null,"og_article_tags":null,"twitter_use_og":false,"twitter_card":"default","twitter_image_type":"default","twitter_image_url":null,"twitter_image_custom_url":null,"twitter_image_custom_fields":null,"twitter_title":null,"twitter_description":null,"schema":{"blockGraphs":[],"customGraphs":[],"default":{"data":{"Article":[],"Course":[],"Dataset":[],"FAQPage":[],"Movie":[],"Person":[],"Product":[],"ProductReview":[],"Car":[],"Recipe":[],"Service":[],"SoftwareApplication":[],"WebPage":[]},"graphName":"","isEnabled":true},"graphs":[]},"schema_type":"default","schema_type_options":null,"pillar_content":false,"robots_default":true,"robots_noindex":false,"robots_noarchive":false,"robots_nosnippet":false,"robots_nofollow":false,"robots_noimageindex":false,"robots_noodp":false,"robots_notranslate":false,"robots_max_snippet":null,"robots_max_videopreview":null,"robots_max_imagepreview":"large","priority":null,"frequency":null,"local_seo":null,"breadcrumb_settings":null,"limit_modified_date":false,"ai":null,"created":"2023-10-20 05:14:03","updated":"2025-09-06 13:04:15","seo_analyzer_scan_date":null},"aioseo_breadcrumb":"<div class=\"aioseo-breadcrumbs\"><span class=\"aioseo-breadcrumb\">\n\t\t\t<a href=\"https:\/\/acervapaulista.com.br\/wordpress\" title=\"Home\">Home<\/a>\n\t\t<\/span><span class=\"aioseo-breadcrumb-separator\">&raquo;<\/span><span class=\"aioseo-breadcrumb\">\n\t\t\t<a href=\"https:\/\/acervapaulista.com.br\/wordpress\/category\/evento\/\" title=\"Evento\">Evento<\/a>\n\t\t<\/span><span class=\"aioseo-breadcrumb-separator\">&raquo;<\/span><span class=\"aioseo-breadcrumb\">\n\t\t\tBrassagem Aberta no The Beer Market em Jundia\u00ed\n\t\t<\/span><\/div>","aioseo_breadcrumb_json":[{"label":"Home","link":"https:\/\/acervapaulista.com.br\/wordpress"},{"label":"Evento","link":"https:\/\/acervapaulista.com.br\/wordpress\/category\/evento\/"},{"label":"Brassagem Aberta no The Beer Market em Jundia\u00ed","link":"https:\/\/acervapaulista.com.br\/wordpress\/brassagem-aberta-no-the-beer-market-em-jundiai\/"}],"_links":{"self":[{"href":"https:\/\/acervapaulista.com.br\/wordpress\/wp-json\/wp\/v2\/posts\/7187","targetHints":{"allow":["GET"]}}],"collection":[{"href":"https:\/\/acervapaulista.com.br\/wordpress\/wp-json\/wp\/v2\/posts"}],"about":[{"href":"https:\/\/acervapaulista.com.br\/wordpress\/wp-json\/wp\/v2\/types\/post"}],"author":[{"embeddable":true,"href":"https:\/\/acervapaulista.com.br\/wordpress\/wp-json\/wp\/v2\/users\/84"}],"replies":[{"embeddable":true,"href":"https:\/\/acervapaulista.com.br\/wordpress\/wp-json\/wp\/v2\/comments?post=7187"}],"version-history":[{"count":2,"href":"https:\/\/acervapaulista.com.br\/wordpress\/wp-json\/wp\/v2\/posts\/7187\/revisions"}],"predecessor-version":[{"id":7197,"href":"https:\/\/acervapaulista.com.br\/wordpress\/wp-json\/wp\/v2\/posts\/7187\/revisions\/7197"}],"wp:featuredmedia":[{"embeddable":true,"href":"https:\/\/acervapaulista.com.br\/wordpress\/wp-json\/wp\/v2\/media\/7194"}],"wp:attachment":[{"href":"https:\/\/acervapaulista.com.br\/wordpress\/wp-json\/wp\/v2\/media?parent=7187"}],"wp:term":[{"taxonomy":"category","embeddable":true,"href":"https:\/\/acervapaulista.com.br\/wordpress\/wp-json\/wp\/v2\/categories?post=7187"},{"taxonomy":"post_tag","embeddable":true,"href":"https:\/\/acervapaulista.com.br\/wordpress\/wp-json\/wp\/v2\/tags?post=7187"}],"curies":[{"name":"wp","href":"https:\/\/api.w.org\/{rel}","templated":true}]}}