{"id":7170,"date":"2023-08-22T09:44:04","date_gmt":"2023-08-22T12:44:04","guid":{"rendered":"https:\/\/acervapaulista.com.br\/wordpress\/?p=7170"},"modified":"2023-08-22T09:49:32","modified_gmt":"2023-08-22T12:49:32","slug":"brassagem-em-dupla-no-eap-emporio-alto-dos-pinheiros","status":"publish","type":"post","link":"https:\/\/acervapaulista.com.br\/wordpress\/brassagem-em-dupla-no-eap-emporio-alto-dos-pinheiros\/","title":{"rendered":"Brassagem em Dupla no EAP &#8211; Emp\u00f3rio Alto dos Pinheiros"},"content":{"rendered":"\n<p class=\"wp-block-paragraph\">Venha para mais um evento da ACervA Paulista no EAP &#8211; Emp\u00f3rio Alto dos Pinheiros!<\/p>\n\n\n\n<p class=\"wp-block-paragraph\">EAP promove dos dias 21 ao dia 27 a Belgium beer Week em comemora\u00e7\u00e3o ao estilo belga. E ACervA Paulista entrou no clima preparando uma brassagem especial!<\/p>\n\n\n\n<p class=\"wp-block-paragraph\">Onde, um cervejeiro caseiro e um cervejeiro profissional se unir\u00e3o para criar uma Belgian Saison, em uma brassagem aberta. Voc\u00ea poder\u00e1 ver de perto o processo de fabrica\u00e7\u00e3o desta cerveja, al\u00e9m de conhecer os artistas por tr\u00e1s desta cria\u00e7\u00e3o e celebrar a boa amizade. N\u00e3o perca a oportunidade de participar de mais um evento incr\u00edvel!<\/p>\n\n\n\n<p class=\"wp-block-paragraph\">Marcelo Preto \u00e9 um verdadeiro mestre em automa\u00e7\u00e3o, autocad, pilotagem de drones e cervejeiro. Desde 2017 ele se dedica ao hobby, criando cervejas cristalinas e \u00fanicas. \u201cMestre das cervejas sem alma\u201d!! E em 2019, tornou-se s\u00f3cio da ACerva Paulista.<\/p>\n\n\n\n<p class=\"wp-block-paragraph\">Victor Pereira Marinho \u00e9 um cervejeiro aficionado por inova\u00e7\u00e3o desde 2009. Sua paix\u00e3o pela cerveja o levou a se tornar um cervejeiro profissional em 2013, e, desde ent\u00e3o, tem se dedicado a criar grandes cervejas, desde as mais claras e leves at\u00e9 as mais intensas e complexas. Ele \u00e9 o s\u00f3cio fundador e cervejeiro respons\u00e1vel da Cervejaria D\u00e1diva.<\/p>\n\n\n\n<p class=\"wp-block-paragraph\">Victor faz parte da hist\u00f3ria da ACervA Paulista e foi um dos criadores e s\u00f3cio fundador em 2010!<\/p>\n\n\n\n<p class=\"wp-block-paragraph\">Vem Pra ACervA Paulista!<\/p>\n\n\n\n<p class=\"wp-block-paragraph\">Associe j\u00e1! <a href=\"https:\/\/acervapaulista.com.br\/categoria-produto\/associacao\/\">https:\/\/acervapaulista.com.br<\/a><\/p>\n\n\n\n<p class=\"wp-block-paragraph\">Apoio:\u00a0<a href=\"https:\/\/www.instagram.com\/eapsp\/\" target=\"_blank\" rel=\"noreferrer noopener\">@eapsp<\/a>.<\/p>\n\n\n\n<p class=\"wp-block-paragraph\">Brassagem patrocinada por:\u00a0<a href=\"https:\/\/www.instagram.com\/estacaobrewshop\/\" target=\"_blank\" rel=\"noreferrer noopener\">@Esta\u00e7\u00e3o Brew Shop<\/a> <\/p>\n\n\n\n<p class=\"wp-block-paragraph\">Site:<a href=\"https:\/\/www.estacaobrewshop.com.br\/\" target=\"_blank\" rel=\"noreferrer noopener\"> https:\/\/www.estacaobrewshop.com.br\/<\/a><\/p>\n\n\n\n<p class=\"wp-block-paragraph\">Cheers!!<\/p>\n\n\n\n<p class=\"wp-block-paragraph\"><a href=\"https:\/\/acervapaulista.com.br\/wordpress\/evento\/brassagem-aberta-em-dupla-no-eap-agosto-2023\/\" target=\"_blank\" rel=\"noreferrer noopener\">Confirme sua presen\u00e7a aqui<\/a><a href=\"https:\/\/acervapaulista.com.br\/evento\/encontro-cervejeiro-no-playpub-da-cervejaria-campos-do-jordao\/\"> \u2705<\/a><\/p>\n\n\n\n<p class=\"wp-block-paragraph\">Data: 27\/8\/2023<\/p>\n\n\n\n<p class=\"wp-block-paragraph\">Hor\u00e1rio: 11h<\/p>\n\n\n\n<p class=\"wp-block-paragraph\">Local: R. Vupabussu, 305 \u2013 Pinheiros, S\u00e3o Paulo \u2013 SP, 05429-040<\/p>\n\n\n\n<p class=\"wp-block-paragraph\">Instagram:\u00a0<a href=\"https:\/\/www.instagram.com\/eapsp\/\" target=\"_blank\" rel=\"noreferrer noopener\">EAP &#8211; Emp\u00f3rio Alto dos Pinheiros<\/a><\/p>\n\n\n\n<p class=\"wp-block-paragraph\">E n\u00e3o se esque\u00e7a, registre sua visita \ud83d\udcf8 e marque o nosso Instagram <a href=\"https:\/\/www.instagram.com\/acervapaulista\/\" target=\"_blank\" rel=\"noreferrer noopener\">@acervapaulista.<\/a><\/p>\n\n\n\n<p class=\"wp-block-paragraph\"><\/p>\n\n\n\n<p class=\"wp-block-paragraph\">#eufa\u00e7oaminhacerveja #cervejaartesanal #cervejafeitaemcasa #cervejeirocaseiro #cervejeiroscaseiros #homebrew #homebrewer #homebrewing #homebrewlife #craftbeer #beerlovers #beergeek #beertasting #brewday #craftbeercommunity #homebrewclub #euapoioocomerciolocal #parcerias #euapoiooprodutobrasileiro #valorizeoprodutonacional #feitonobrasil #cervejaartesanalsp #cervejapaulista #cervejeirosdesp #cervejasp #cervejeirospaulistas #acervapaulista #VemPraAcervaPaulista<\/p>\n\n\n\n<p class=\"wp-block-paragraph\">Diretoria Gest\u00e3o 2023\/2024<\/p>\n\n\n\n<p class=\"wp-block-paragraph\"><\/p>\n\n\n\n<p class=\"wp-block-paragraph\"><\/p>\n\n\n\n<p class=\"has-black-color has-text-color wp-block-paragraph\"><\/p>\n\n\n\n<p class=\"wp-block-paragraph\"><\/p>\n\n\n\n<p class=\"wp-block-paragraph\"><\/p>\n\n\n\n<p class=\"wp-block-paragraph\"><\/p>\n","protected":false},"excerpt":{"rendered":"<p>Venha para mais um evento da ACervA Paulista no EAP &#8211; Emp\u00f3rio Alto dos Pinheiros! EAP promove dos dias 21 ao dia 27 a Belgium beer Week em comemora\u00e7\u00e3o ao estilo belga. E ACervA Paulista entrou no clima preparando uma brassagem especial! Onde, um cervejeiro caseiro e um cervejeiro profissional se unir\u00e3o para criar uma Belgian Saison, em uma brassagem aberta. Voc\u00ea poder\u00e1 ver de perto o processo de fabrica\u00e7\u00e3o desta cerveja, al\u00e9m de conhecer os artistas por tr\u00e1s desta cria\u00e7\u00e3o e celebrar a boa amizade. N\u00e3o perca a oportunidade de participar de mais um evento incr\u00edvel! Marcelo Preto \u00e9 um verdadeiro mestre em automa\u00e7\u00e3o, autocad, pilotagem de drones e cervejeiro. Desde 2017 ele se dedica ao hobby, criando cervejas cristalinas e \u00fanicas. \u201cMestre das cervejas sem alma\u201d!! E em 2019, tornou-se s\u00f3cio da ACerva Paulista. Victor Pereira Marinho \u00e9 um cervejeiro aficionado por inova\u00e7\u00e3o desde 2009. Sua paix\u00e3o pela cerveja o levou a se tornar um cervejeiro profissional em 2013, e, desde ent\u00e3o, tem se dedicado a criar grandes cervejas, desde as mais claras e leves at\u00e9 as mais intensas e complexas. Ele \u00e9 o s\u00f3cio fundador e cervejeiro respons\u00e1vel da Cervejaria D\u00e1diva. Victor faz parte da hist\u00f3ria da &#8230; <a href=\"https:\/\/acervapaulista.com.br\/wordpress\/brassagem-em-dupla-no-eap-emporio-alto-dos-pinheiros\/\" class=\"more-link\">Read More<\/a><\/p>\n","protected":false},"author":84,"featured_media":7151,"comment_status":"closed","ping_status":"open","sticky":false,"template":"","format":"standard","meta":{"pmpro_default_level":"","_price":"","_stock":"","_tribe_ticket_header":"","_tribe_default_ticket_provider":"","_tribe_ticket_capacity":"0","_ticket_start_date":"","_ticket_end_date":"","_tribe_ticket_show_description":"","_tribe_ticket_show_not_going":false,"_tribe_ticket_use_global_stock":"","_tribe_ticket_global_stock_level":"","_global_stock_mode":"","_global_stock_cap":"","_tribe_rsvp_for_event":"","_tribe_ticket_going_count":"","_tribe_ticket_not_going_count":"","_tribe_tickets_list":"[]","_tribe_ticket_has_attendee_info_fields":false,"footnotes":""},"categories":[9,149,150,10,148,201],"tags":[184,267,266,268,269,204,276,261,277,279,251,262,278,280,265,270,104,272,273,212,275,252,271,253,263,264,171,274,218],"class_list":["post-7170","post","type-post","status-publish","format-standard","has-post-thumbnail","hentry","category-evento","category-evento-aberto","category-evento-fechado","category-evento-parceiros","category-noticia","category-parceiros-acerva-sp","tag-acervapaulista","tag-beergeek","tag-beerlovers","tag-beertasting","tag-brewday","tag-cervejaartesanal","tag-cervejaartesanalsp","tag-cervejafeitaemcasa","tag-cervejapaulista","tag-cervejasp","tag-cervejeirocaseiro","tag-cervejeiroscaseiros","tag-cervejeirosdesp","tag-cervejeirospaulistas","tag-craftbeer","tag-craftbeercommunity","tag-eap","tag-euapoioocomerciolocal","tag-euapoiooprodutobrasileiro","tag-eufacoaminhacerveja","tag-feitonobrasil","tag-homebrew","tag-homebrewclub","tag-homebrewer","tag-homebrewing","tag-homebrewlife","tag-parcerias","tag-valorizeoprodutonacional","tag-vempraacervapaulista","pmpro-has-access"],"aioseo_notices":[],"aioseo_head":"\n\t\t<!-- All in One SEO 4.9.10 - aioseo.com -->\n\t<meta name=\"description\" content=\"Venha para mais um evento da ACervA Paulista no EAP - Emp\u00f3rio Alto dos Pinheiros! EAP promove dos dias 21 ao dia 27 a Belgium beer Week em comemora\u00e7\u00e3o ao estilo belga. E ACervA Paulista entrou no clima preparando uma brassagem especial! Onde, um cervejeiro caseiro e um cervejeiro profissional se unir\u00e3o para criar uma\" \/>\n\t<meta name=\"robots\" content=\"max-image-preview:large\" \/>\n\t<meta name=\"author\" content=\"Carlos Santana\"\/>\n\t<link rel=\"canonical\" href=\"https:\/\/acervapaulista.com.br\/wordpress\/brassagem-em-dupla-no-eap-emporio-alto-dos-pinheiros\/\" \/>\n\t<meta name=\"generator\" content=\"All in One SEO (AIOSEO) 4.9.10\" \/>\n\t\t<meta property=\"og:locale\" content=\"pt_BR\" \/>\n\t\t<meta property=\"og:site_name\" content=\"ACervA Paulista - Associa\u00e7\u00e3o dos Cervejeiros Artesanais Paulistas\" \/>\n\t\t<meta property=\"og:type\" content=\"article\" \/>\n\t\t<meta property=\"og:title\" content=\"Brassagem em Dupla no EAP \u2013 Emp\u00f3rio Alto dos Pinheiros - ACervA Paulista\" \/>\n\t\t<meta property=\"og:description\" content=\"Venha para mais um evento da ACervA Paulista no EAP - Emp\u00f3rio Alto dos Pinheiros! EAP promove dos dias 21 ao dia 27 a Belgium beer Week em comemora\u00e7\u00e3o ao estilo belga. E ACervA Paulista entrou no clima preparando uma brassagem especial! Onde, um cervejeiro caseiro e um cervejeiro profissional se unir\u00e3o para criar uma\" \/>\n\t\t<meta property=\"og:url\" content=\"https:\/\/acervapaulista.com.br\/wordpress\/brassagem-em-dupla-no-eap-emporio-alto-dos-pinheiros\/\" \/>\n\t\t<meta property=\"article:published_time\" content=\"2023-08-22T12:44:04+00:00\" \/>\n\t\t<meta property=\"article:modified_time\" content=\"2023-08-22T12:49:32+00:00\" \/>\n\t\t<meta name=\"twitter:card\" content=\"summary_large_image\" \/>\n\t\t<meta name=\"twitter:title\" content=\"Brassagem em Dupla no EAP \u2013 Emp\u00f3rio Alto dos Pinheiros - ACervA Paulista\" \/>\n\t\t<meta name=\"twitter:description\" content=\"Venha para mais um evento da ACervA Paulista no EAP - Emp\u00f3rio Alto dos Pinheiros! EAP promove dos dias 21 ao dia 27 a Belgium beer Week em comemora\u00e7\u00e3o ao estilo belga. E ACervA Paulista entrou no clima preparando uma brassagem especial! Onde, um cervejeiro caseiro e um cervejeiro profissional se unir\u00e3o para criar uma\" \/>\n\t\t<script type=\"application\/ld+json\" class=\"aioseo-schema\">\n\t\t\t{\"@context\":\"https:\\\/\\\/schema.org\",\"@graph\":[{\"@type\":\"BlogPosting\",\"@id\":\"https:\\\/\\\/acervapaulista.com.br\\\/wordpress\\\/brassagem-em-dupla-no-eap-emporio-alto-dos-pinheiros\\\/#blogposting\",\"name\":\"Brassagem em Dupla no EAP \\u2013 Emp\\u00f3rio Alto dos Pinheiros - ACervA Paulista\",\"headline\":\"Brassagem em Dupla no EAP &#8211; Emp\\u00f3rio Alto dos Pinheiros\",\"author\":{\"@id\":\"https:\\\/\\\/acervapaulista.com.br\\\/wordpress\\\/author\\\/educhp\\\/#author\"},\"publisher\":{\"@id\":\"https:\\\/\\\/acervapaulista.com.br\\\/wordpress\\\/#organization\"},\"image\":{\"@type\":\"ImageObject\",\"url\":\"https:\\\/\\\/acervapaulista.com.br\\\/wordpress\\\/wp-content\\\/uploads\\\/2023\\\/07\\\/EAP-27-08.png\",\"width\":3456,\"height\":6144},\"datePublished\":\"2023-08-22T09:44:04-03:00\",\"dateModified\":\"2023-08-22T09:49:32-03:00\",\"inLanguage\":\"pt-BR\",\"mainEntityOfPage\":{\"@id\":\"https:\\\/\\\/acervapaulista.com.br\\\/wordpress\\\/brassagem-em-dupla-no-eap-emporio-alto-dos-pinheiros\\\/#webpage\"},\"isPartOf\":{\"@id\":\"https:\\\/\\\/acervapaulista.com.br\\\/wordpress\\\/brassagem-em-dupla-no-eap-emporio-alto-dos-pinheiros\\\/#webpage\"},\"articleSection\":\"Evento, Evento aberto, Evento fechado, Evento parceiros, Not\\u00edcia, Parcerias, acervapaulista, beergeek, beerlovers, beertasting, brewday, cervejaartesanal, cervejaartesanalsp, cervejafeitaemcasa, cervejapaulista, cervejasp, cervejeirocaseiro, cervejeiroscaseiros, cervejeirosdesp, cervejeirospaulistas, craftbeer, craftbeercommunity, EAP, euapoioocomerciolocal, euapoiooprodutobrasileiro, eufa\\u00e7oaminhacerveja, feitonobrasil, homebrew, homebrewclub, homebrewer, homebrewing, homebrewlife, Parcerias, valorizeoprodutonacional, vempraacervapaulista\"},{\"@type\":\"BreadcrumbList\",\"@id\":\"https:\\\/\\\/acervapaulista.com.br\\\/wordpress\\\/brassagem-em-dupla-no-eap-emporio-alto-dos-pinheiros\\\/#breadcrumblist\",\"itemListElement\":[{\"@type\":\"ListItem\",\"@id\":\"https:\\\/\\\/acervapaulista.com.br\\\/wordpress#listItem\",\"position\":1,\"name\":\"Home\",\"item\":\"https:\\\/\\\/acervapaulista.com.br\\\/wordpress\",\"nextItem\":{\"@type\":\"ListItem\",\"@id\":\"https:\\\/\\\/acervapaulista.com.br\\\/wordpress\\\/category\\\/evento\\\/#listItem\",\"name\":\"Evento\"}},{\"@type\":\"ListItem\",\"@id\":\"https:\\\/\\\/acervapaulista.com.br\\\/wordpress\\\/category\\\/evento\\\/#listItem\",\"position\":2,\"name\":\"Evento\",\"item\":\"https:\\\/\\\/acervapaulista.com.br\\\/wordpress\\\/category\\\/evento\\\/\",\"nextItem\":{\"@type\":\"ListItem\",\"@id\":\"https:\\\/\\\/acervapaulista.com.br\\\/wordpress\\\/brassagem-em-dupla-no-eap-emporio-alto-dos-pinheiros\\\/#listItem\",\"name\":\"Brassagem em Dupla no EAP &#8211; Emp\\u00f3rio Alto dos Pinheiros\"},\"previousItem\":{\"@type\":\"ListItem\",\"@id\":\"https:\\\/\\\/acervapaulista.com.br\\\/wordpress#listItem\",\"name\":\"Home\"}},{\"@type\":\"ListItem\",\"@id\":\"https:\\\/\\\/acervapaulista.com.br\\\/wordpress\\\/brassagem-em-dupla-no-eap-emporio-alto-dos-pinheiros\\\/#listItem\",\"position\":3,\"name\":\"Brassagem em Dupla no EAP &#8211; Emp\\u00f3rio Alto dos Pinheiros\",\"previousItem\":{\"@type\":\"ListItem\",\"@id\":\"https:\\\/\\\/acervapaulista.com.br\\\/wordpress\\\/category\\\/evento\\\/#listItem\",\"name\":\"Evento\"}}]},{\"@type\":\"Organization\",\"@id\":\"https:\\\/\\\/acervapaulista.com.br\\\/wordpress\\\/#organization\",\"name\":\"ACervA Paulista\",\"description\":\"Associa\\u00e7\\u00e3o dos Cervejeiros Artesanais Paulistas\",\"url\":\"https:\\\/\\\/acervapaulista.com.br\\\/wordpress\\\/\"},{\"@type\":\"Person\",\"@id\":\"https:\\\/\\\/acervapaulista.com.br\\\/wordpress\\\/author\\\/educhp\\\/#author\",\"url\":\"https:\\\/\\\/acervapaulista.com.br\\\/wordpress\\\/author\\\/educhp\\\/\",\"name\":\"Carlos Santana\",\"image\":{\"@type\":\"ImageObject\",\"@id\":\"https:\\\/\\\/acervapaulista.com.br\\\/wordpress\\\/brassagem-em-dupla-no-eap-emporio-alto-dos-pinheiros\\\/#authorImage\",\"url\":\"https:\\\/\\\/secure.gravatar.com\\\/avatar\\\/9bb9fc5ee33332780165f5a66181a659bda39f9fb30b1defd1d1cb01335ebd65?s=96&d=mm&r=g\",\"width\":96,\"height\":96,\"caption\":\"Carlos Santana\"}},{\"@type\":\"WebPage\",\"@id\":\"https:\\\/\\\/acervapaulista.com.br\\\/wordpress\\\/brassagem-em-dupla-no-eap-emporio-alto-dos-pinheiros\\\/#webpage\",\"url\":\"https:\\\/\\\/acervapaulista.com.br\\\/wordpress\\\/brassagem-em-dupla-no-eap-emporio-alto-dos-pinheiros\\\/\",\"name\":\"Brassagem em Dupla no EAP \\u2013 Emp\\u00f3rio Alto dos Pinheiros - ACervA Paulista\",\"description\":\"Venha para mais um evento da ACervA Paulista no EAP - Emp\\u00f3rio Alto dos Pinheiros! EAP promove dos dias 21 ao dia 27 a Belgium beer Week em comemora\\u00e7\\u00e3o ao estilo belga. E ACervA Paulista entrou no clima preparando uma brassagem especial! Onde, um cervejeiro caseiro e um cervejeiro profissional se unir\\u00e3o para criar uma\",\"inLanguage\":\"pt-BR\",\"isPartOf\":{\"@id\":\"https:\\\/\\\/acervapaulista.com.br\\\/wordpress\\\/#website\"},\"breadcrumb\":{\"@id\":\"https:\\\/\\\/acervapaulista.com.br\\\/wordpress\\\/brassagem-em-dupla-no-eap-emporio-alto-dos-pinheiros\\\/#breadcrumblist\"},\"author\":{\"@id\":\"https:\\\/\\\/acervapaulista.com.br\\\/wordpress\\\/author\\\/educhp\\\/#author\"},\"creator\":{\"@id\":\"https:\\\/\\\/acervapaulista.com.br\\\/wordpress\\\/author\\\/educhp\\\/#author\"},\"image\":{\"@type\":\"ImageObject\",\"url\":\"https:\\\/\\\/acervapaulista.com.br\\\/wordpress\\\/wp-content\\\/uploads\\\/2023\\\/07\\\/EAP-27-08.png\",\"@id\":\"https:\\\/\\\/acervapaulista.com.br\\\/wordpress\\\/brassagem-em-dupla-no-eap-emporio-alto-dos-pinheiros\\\/#mainImage\",\"width\":3456,\"height\":6144},\"primaryImageOfPage\":{\"@id\":\"https:\\\/\\\/acervapaulista.com.br\\\/wordpress\\\/brassagem-em-dupla-no-eap-emporio-alto-dos-pinheiros\\\/#mainImage\"},\"datePublished\":\"2023-08-22T09:44:04-03:00\",\"dateModified\":\"2023-08-22T09:49:32-03:00\"},{\"@type\":\"WebSite\",\"@id\":\"https:\\\/\\\/acervapaulista.com.br\\\/wordpress\\\/#website\",\"url\":\"https:\\\/\\\/acervapaulista.com.br\\\/wordpress\\\/\",\"name\":\"ACervA Paulista\",\"description\":\"Associa\\u00e7\\u00e3o dos Cervejeiros Artesanais Paulistas\",\"inLanguage\":\"pt-BR\",\"publisher\":{\"@id\":\"https:\\\/\\\/acervapaulista.com.br\\\/wordpress\\\/#organization\"}}]}\n\t\t<\/script>\n\t\t<!-- All in One SEO -->\n\n","aioseo_head_json":{"title":"Brassagem em Dupla no EAP \u2013 Emp\u00f3rio Alto dos Pinheiros - ACervA Paulista","description":"Venha para mais um evento da ACervA Paulista no EAP - Emp\u00f3rio Alto dos Pinheiros! EAP promove dos dias 21 ao dia 27 a Belgium beer Week em comemora\u00e7\u00e3o ao estilo belga. E ACervA Paulista entrou no clima preparando uma brassagem especial! Onde, um cervejeiro caseiro e um cervejeiro profissional se unir\u00e3o para criar uma","canonical_url":"https:\/\/acervapaulista.com.br\/wordpress\/brassagem-em-dupla-no-eap-emporio-alto-dos-pinheiros\/","robots":"max-image-preview:large","keywords":"","webmasterTools":{"miscellaneous":""},"schema":{"@context":"https:\/\/schema.org","@graph":[{"@type":"BlogPosting","@id":"https:\/\/acervapaulista.com.br\/wordpress\/brassagem-em-dupla-no-eap-emporio-alto-dos-pinheiros\/#blogposting","name":"Brassagem em Dupla no EAP \u2013 Emp\u00f3rio Alto dos Pinheiros - ACervA Paulista","headline":"Brassagem em Dupla no EAP &#8211; Emp\u00f3rio Alto dos Pinheiros","author":{"@id":"https:\/\/acervapaulista.com.br\/wordpress\/author\/educhp\/#author"},"publisher":{"@id":"https:\/\/acervapaulista.com.br\/wordpress\/#organization"},"image":{"@type":"ImageObject","url":"https:\/\/acervapaulista.com.br\/wordpress\/wp-content\/uploads\/2023\/07\/EAP-27-08.png","width":3456,"height":6144},"datePublished":"2023-08-22T09:44:04-03:00","dateModified":"2023-08-22T09:49:32-03:00","inLanguage":"pt-BR","mainEntityOfPage":{"@id":"https:\/\/acervapaulista.com.br\/wordpress\/brassagem-em-dupla-no-eap-emporio-alto-dos-pinheiros\/#webpage"},"isPartOf":{"@id":"https:\/\/acervapaulista.com.br\/wordpress\/brassagem-em-dupla-no-eap-emporio-alto-dos-pinheiros\/#webpage"},"articleSection":"Evento, Evento aberto, Evento fechado, Evento parceiros, Not\u00edcia, Parcerias, acervapaulista, beergeek, beerlovers, beertasting, brewday, cervejaartesanal, cervejaartesanalsp, cervejafeitaemcasa, cervejapaulista, cervejasp, cervejeirocaseiro, cervejeiroscaseiros, cervejeirosdesp, cervejeirospaulistas, craftbeer, craftbeercommunity, EAP, euapoioocomerciolocal, euapoiooprodutobrasileiro, eufa\u00e7oaminhacerveja, feitonobrasil, homebrew, homebrewclub, homebrewer, homebrewing, homebrewlife, Parcerias, valorizeoprodutonacional, vempraacervapaulista"},{"@type":"BreadcrumbList","@id":"https:\/\/acervapaulista.com.br\/wordpress\/brassagem-em-dupla-no-eap-emporio-alto-dos-pinheiros\/#breadcrumblist","itemListElement":[{"@type":"ListItem","@id":"https:\/\/acervapaulista.com.br\/wordpress#listItem","position":1,"name":"Home","item":"https:\/\/acervapaulista.com.br\/wordpress","nextItem":{"@type":"ListItem","@id":"https:\/\/acervapaulista.com.br\/wordpress\/category\/evento\/#listItem","name":"Evento"}},{"@type":"ListItem","@id":"https:\/\/acervapaulista.com.br\/wordpress\/category\/evento\/#listItem","position":2,"name":"Evento","item":"https:\/\/acervapaulista.com.br\/wordpress\/category\/evento\/","nextItem":{"@type":"ListItem","@id":"https:\/\/acervapaulista.com.br\/wordpress\/brassagem-em-dupla-no-eap-emporio-alto-dos-pinheiros\/#listItem","name":"Brassagem em Dupla no EAP &#8211; Emp\u00f3rio Alto dos Pinheiros"},"previousItem":{"@type":"ListItem","@id":"https:\/\/acervapaulista.com.br\/wordpress#listItem","name":"Home"}},{"@type":"ListItem","@id":"https:\/\/acervapaulista.com.br\/wordpress\/brassagem-em-dupla-no-eap-emporio-alto-dos-pinheiros\/#listItem","position":3,"name":"Brassagem em Dupla no EAP &#8211; Emp\u00f3rio Alto dos Pinheiros","previousItem":{"@type":"ListItem","@id":"https:\/\/acervapaulista.com.br\/wordpress\/category\/evento\/#listItem","name":"Evento"}}]},{"@type":"Organization","@id":"https:\/\/acervapaulista.com.br\/wordpress\/#organization","name":"ACervA Paulista","description":"Associa\u00e7\u00e3o dos Cervejeiros Artesanais Paulistas","url":"https:\/\/acervapaulista.com.br\/wordpress\/"},{"@type":"Person","@id":"https:\/\/acervapaulista.com.br\/wordpress\/author\/educhp\/#author","url":"https:\/\/acervapaulista.com.br\/wordpress\/author\/educhp\/","name":"Carlos Santana","image":{"@type":"ImageObject","@id":"https:\/\/acervapaulista.com.br\/wordpress\/brassagem-em-dupla-no-eap-emporio-alto-dos-pinheiros\/#authorImage","url":"https:\/\/secure.gravatar.com\/avatar\/9bb9fc5ee33332780165f5a66181a659bda39f9fb30b1defd1d1cb01335ebd65?s=96&d=mm&r=g","width":96,"height":96,"caption":"Carlos Santana"}},{"@type":"WebPage","@id":"https:\/\/acervapaulista.com.br\/wordpress\/brassagem-em-dupla-no-eap-emporio-alto-dos-pinheiros\/#webpage","url":"https:\/\/acervapaulista.com.br\/wordpress\/brassagem-em-dupla-no-eap-emporio-alto-dos-pinheiros\/","name":"Brassagem em Dupla no EAP \u2013 Emp\u00f3rio Alto dos Pinheiros - ACervA Paulista","description":"Venha para mais um evento da ACervA Paulista no EAP - Emp\u00f3rio Alto dos Pinheiros! EAP promove dos dias 21 ao dia 27 a Belgium beer Week em comemora\u00e7\u00e3o ao estilo belga. E ACervA Paulista entrou no clima preparando uma brassagem especial! Onde, um cervejeiro caseiro e um cervejeiro profissional se unir\u00e3o para criar uma","inLanguage":"pt-BR","isPartOf":{"@id":"https:\/\/acervapaulista.com.br\/wordpress\/#website"},"breadcrumb":{"@id":"https:\/\/acervapaulista.com.br\/wordpress\/brassagem-em-dupla-no-eap-emporio-alto-dos-pinheiros\/#breadcrumblist"},"author":{"@id":"https:\/\/acervapaulista.com.br\/wordpress\/author\/educhp\/#author"},"creator":{"@id":"https:\/\/acervapaulista.com.br\/wordpress\/author\/educhp\/#author"},"image":{"@type":"ImageObject","url":"https:\/\/acervapaulista.com.br\/wordpress\/wp-content\/uploads\/2023\/07\/EAP-27-08.png","@id":"https:\/\/acervapaulista.com.br\/wordpress\/brassagem-em-dupla-no-eap-emporio-alto-dos-pinheiros\/#mainImage","width":3456,"height":6144},"primaryImageOfPage":{"@id":"https:\/\/acervapaulista.com.br\/wordpress\/brassagem-em-dupla-no-eap-emporio-alto-dos-pinheiros\/#mainImage"},"datePublished":"2023-08-22T09:44:04-03:00","dateModified":"2023-08-22T09:49:32-03:00"},{"@type":"WebSite","@id":"https:\/\/acervapaulista.com.br\/wordpress\/#website","url":"https:\/\/acervapaulista.com.br\/wordpress\/","name":"ACervA Paulista","description":"Associa\u00e7\u00e3o dos Cervejeiros Artesanais Paulistas","inLanguage":"pt-BR","publisher":{"@id":"https:\/\/acervapaulista.com.br\/wordpress\/#organization"}}]},"og:locale":"pt_BR","og:site_name":"ACervA Paulista - Associa\u00e7\u00e3o dos Cervejeiros Artesanais Paulistas","og:type":"article","og:title":"Brassagem em Dupla no EAP \u2013 Emp\u00f3rio Alto dos Pinheiros - ACervA Paulista","og:description":"Venha para mais um evento da ACervA Paulista no EAP - Emp\u00f3rio Alto dos Pinheiros! EAP promove dos dias 21 ao dia 27 a Belgium beer Week em comemora\u00e7\u00e3o ao estilo belga. E ACervA Paulista entrou no clima preparando uma brassagem especial! Onde, um cervejeiro caseiro e um cervejeiro profissional se unir\u00e3o para criar uma","og:url":"https:\/\/acervapaulista.com.br\/wordpress\/brassagem-em-dupla-no-eap-emporio-alto-dos-pinheiros\/","article:published_time":"2023-08-22T12:44:04+00:00","article:modified_time":"2023-08-22T12:49:32+00:00","twitter:card":"summary_large_image","twitter:title":"Brassagem em Dupla no EAP \u2013 Emp\u00f3rio Alto dos Pinheiros - ACervA Paulista","twitter:description":"Venha para mais um evento da ACervA Paulista no EAP - Emp\u00f3rio Alto dos Pinheiros! EAP promove dos dias 21 ao dia 27 a Belgium beer Week em comemora\u00e7\u00e3o ao estilo belga. E ACervA Paulista entrou no clima preparando uma brassagem especial! Onde, um cervejeiro caseiro e um cervejeiro profissional se unir\u00e3o para criar uma"},"aioseo_meta_data":{"post_id":"7170","title":null,"description":null,"keywords":null,"keyphrases":null,"primary_term":null,"canonical_url":null,"og_title":null,"og_description":null,"og_object_type":"default","og_image_type":"default","og_image_url":null,"og_image_width":null,"og_image_height":null,"og_image_custom_url":null,"og_image_custom_fields":null,"og_video":null,"og_custom_url":null,"og_article_section":null,"og_article_tags":null,"twitter_use_og":false,"twitter_card":"default","twitter_image_type":"default","twitter_image_url":null,"twitter_image_custom_url":null,"twitter_image_custom_fields":null,"twitter_title":null,"twitter_description":null,"schema":{"blockGraphs":[],"customGraphs":[],"default":{"data":{"Article":[],"Course":[],"Dataset":[],"FAQPage":[],"Movie":[],"Person":[],"Product":[],"ProductReview":[],"Car":[],"Recipe":[],"Service":[],"SoftwareApplication":[],"WebPage":[]},"graphName":"","isEnabled":true},"graphs":[]},"schema_type":"default","schema_type_options":null,"pillar_content":false,"robots_default":true,"robots_noindex":false,"robots_noarchive":false,"robots_nosnippet":false,"robots_nofollow":false,"robots_noimageindex":false,"robots_noodp":false,"robots_notranslate":false,"robots_max_snippet":null,"robots_max_videopreview":null,"robots_max_imagepreview":"large","priority":null,"frequency":null,"local_seo":null,"breadcrumb_settings":null,"limit_modified_date":false,"ai":null,"created":"2023-10-20 05:14:03","updated":"2025-09-06 13:04:15","seo_analyzer_scan_date":null},"aioseo_breadcrumb":"<div class=\"aioseo-breadcrumbs\"><span class=\"aioseo-breadcrumb\">\n\t\t\t<a href=\"https:\/\/acervapaulista.com.br\/wordpress\" title=\"Home\">Home<\/a>\n\t\t<\/span><span class=\"aioseo-breadcrumb-separator\">&raquo;<\/span><span class=\"aioseo-breadcrumb\">\n\t\t\t<a href=\"https:\/\/acervapaulista.com.br\/wordpress\/category\/evento\/\" title=\"Evento\">Evento<\/a>\n\t\t<\/span><span class=\"aioseo-breadcrumb-separator\">&raquo;<\/span><span class=\"aioseo-breadcrumb\">\n\t\t\tBrassagem em Dupla no EAP \u2013 Emp\u00f3rio Alto dos Pinheiros\n\t\t<\/span><\/div>","aioseo_breadcrumb_json":[{"label":"Home","link":"https:\/\/acervapaulista.com.br\/wordpress"},{"label":"Evento","link":"https:\/\/acervapaulista.com.br\/wordpress\/category\/evento\/"},{"label":"Brassagem em Dupla no EAP &#8211; Emp\u00f3rio Alto dos Pinheiros","link":"https:\/\/acervapaulista.com.br\/wordpress\/brassagem-em-dupla-no-eap-emporio-alto-dos-pinheiros\/"}],"_links":{"self":[{"href":"https:\/\/acervapaulista.com.br\/wordpress\/wp-json\/wp\/v2\/posts\/7170","targetHints":{"allow":["GET"]}}],"collection":[{"href":"https:\/\/acervapaulista.com.br\/wordpress\/wp-json\/wp\/v2\/posts"}],"about":[{"href":"https:\/\/acervapaulista.com.br\/wordpress\/wp-json\/wp\/v2\/types\/post"}],"author":[{"embeddable":true,"href":"https:\/\/acervapaulista.com.br\/wordpress\/wp-json\/wp\/v2\/users\/84"}],"replies":[{"embeddable":true,"href":"https:\/\/acervapaulista.com.br\/wordpress\/wp-json\/wp\/v2\/comments?post=7170"}],"version-history":[{"count":2,"href":"https:\/\/acervapaulista.com.br\/wordpress\/wp-json\/wp\/v2\/posts\/7170\/revisions"}],"predecessor-version":[{"id":7174,"href":"https:\/\/acervapaulista.com.br\/wordpress\/wp-json\/wp\/v2\/posts\/7170\/revisions\/7174"}],"wp:featuredmedia":[{"embeddable":true,"href":"https:\/\/acervapaulista.com.br\/wordpress\/wp-json\/wp\/v2\/media\/7151"}],"wp:attachment":[{"href":"https:\/\/acervapaulista.com.br\/wordpress\/wp-json\/wp\/v2\/media?parent=7170"}],"wp:term":[{"taxonomy":"category","embeddable":true,"href":"https:\/\/acervapaulista.com.br\/wordpress\/wp-json\/wp\/v2\/categories?post=7170"},{"taxonomy":"post_tag","embeddable":true,"href":"https:\/\/acervapaulista.com.br\/wordpress\/wp-json\/wp\/v2\/tags?post=7170"}],"curies":[{"name":"wp","href":"https:\/\/api.w.org\/{rel}","templated":true}]}}