{"id":6790,"date":"2023-03-30T19:21:10","date_gmt":"2023-03-30T22:21:10","guid":{"rendered":"https:\/\/acervapaulista.com.br\/?p=6790"},"modified":"2023-04-08T15:47:05","modified_gmt":"2023-04-08T18:47:05","slug":"2a-brassagem-de-boas-vindas-abril-2023","status":"publish","type":"post","link":"https:\/\/acervapaulista.com.br\/wordpress\/2a-brassagem-de-boas-vindas-abril-2023\/","title":{"rendered":"2\u00aa Brassagem de boas-vindas &#8211; Abril\/2023"},"content":{"rendered":"\n<p class=\"has-medium-font-size wp-block-paragraph\"><strong>Vem a\u00ed!!! Nossa 2\u00aa Brassagem de boas-vindas ACervA Paulista 2023<\/strong> \ud83c\udf7b\ud83c\udf7b<\/p>\n\n\n<div class=\"wp-block-image\">\n<figure class=\"aligncenter size-large\"><a href=\"https:\/\/acervapaulista.com.br\/wordpress\/wp-content\/uploads\/2023\/04\/WhatsApp-Image-2023-04-05-at-20.35.53.jpeg\"><img loading=\"lazy\" decoding=\"async\" width=\"576\" height=\"1024\" src=\"https:\/\/acervapaulista.com.br\/wordpress\/wp-content\/uploads\/2023\/04\/WhatsApp-Image-2023-04-05-at-20.35.53-576x1024.jpeg\" alt=\"\" class=\"wp-image-6843\" srcset=\"https:\/\/acervapaulista.com.br\/wordpress\/wp-content\/uploads\/2023\/04\/WhatsApp-Image-2023-04-05-at-20.35.53-576x1024.jpeg 576w, https:\/\/acervapaulista.com.br\/wordpress\/wp-content\/uploads\/2023\/04\/WhatsApp-Image-2023-04-05-at-20.35.53-169x300.jpeg 169w, https:\/\/acervapaulista.com.br\/wordpress\/wp-content\/uploads\/2023\/04\/WhatsApp-Image-2023-04-05-at-20.35.53-768x1365.jpeg 768w, https:\/\/acervapaulista.com.br\/wordpress\/wp-content\/uploads\/2023\/04\/WhatsApp-Image-2023-04-05-at-20.35.53-100x178.jpeg 100w, https:\/\/acervapaulista.com.br\/wordpress\/wp-content\/uploads\/2023\/04\/WhatsApp-Image-2023-04-05-at-20.35.53-400x711.jpeg 400w, https:\/\/acervapaulista.com.br\/wordpress\/wp-content\/uploads\/2023\/04\/WhatsApp-Image-2023-04-05-at-20.35.53.jpeg 864w\" sizes=\"auto, (max-width: 576px) 100vw, 576px\" \/><\/a><\/figure>\n<\/div>\n\n\n<p class=\"has-black-color has-text-color wp-block-paragraph\"><\/p>\n\n\n\n<p class=\"wp-block-paragraph\"><\/p>\n\n\n\n<p class=\"wp-block-paragraph\"><\/p>\n\n\n\n<p class=\"wp-block-paragraph\"><\/p>\n","protected":false},"excerpt":{"rendered":"<p>Vem a\u00ed!!! Nossa 2\u00aa Brassagem de boas-vindas ACervA Paulista 2023 \ud83c\udf7b\ud83c\udf7b<\/p>\n","protected":false},"author":84,"featured_media":6793,"comment_status":"closed","ping_status":"open","sticky":false,"template":"","format":"standard","meta":{"pmpro_default_level":"","_price":"","_stock":"","_tribe_ticket_header":"","_tribe_default_ticket_provider":"","_tribe_ticket_capacity":"0","_ticket_start_date":"","_ticket_end_date":"","_tribe_ticket_show_description":"","_tribe_ticket_show_not_going":false,"_tribe_ticket_use_global_stock":"","_tribe_ticket_global_stock_level":"","_global_stock_mode":"","_global_stock_cap":"","_tribe_rsvp_for_event":"","_tribe_ticket_going_count":"","_tribe_ticket_not_going_count":"","_tribe_tickets_list":"[]","_tribe_ticket_has_attendee_info_fields":false,"footnotes":""},"categories":[9,149,10],"tags":[184,182,185,183,169,84,172,181,68],"class_list":["post-6790","post","type-post","status-publish","format-standard","has-post-thumbnail","hentry","category-evento","category-evento-aberto","category-evento-parceiros","tag-acervapaulista","tag-blackpool","tag-boas-vindas","tag-brejabox","tag-cerveja-caseira","tag-confraternizacao","tag-encontro","tag-evento","tag-sao-paulo","pmpro-has-access"],"aioseo_notices":[],"aioseo_head":"\n\t\t<!-- All in One SEO 4.9.10 - aioseo.com -->\n\t<meta name=\"description\" content=\"Vem a\u00ed!!! Nossa 2\u00aa Brassagem de boas-vindas ACervA Paulista 2023 \ud83c\udf7b\ud83c\udf7b\" \/>\n\t<meta name=\"robots\" content=\"max-image-preview:large\" \/>\n\t<meta name=\"author\" content=\"Carlos Santana\"\/>\n\t<link rel=\"canonical\" href=\"https:\/\/acervapaulista.com.br\/wordpress\/2a-brassagem-de-boas-vindas-abril-2023\/\" \/>\n\t<meta name=\"generator\" content=\"All in One SEO (AIOSEO) 4.9.10\" \/>\n\t\t<meta property=\"og:locale\" content=\"pt_BR\" \/>\n\t\t<meta property=\"og:site_name\" content=\"ACervA Paulista - Associa\u00e7\u00e3o dos Cervejeiros Artesanais Paulistas\" \/>\n\t\t<meta property=\"og:type\" content=\"article\" \/>\n\t\t<meta property=\"og:title\" content=\"2\u00aa Brassagem de boas-vindas \u2013 Abril\/2023 - ACervA Paulista\" \/>\n\t\t<meta property=\"og:description\" content=\"Vem a\u00ed!!! Nossa 2\u00aa Brassagem de boas-vindas ACervA Paulista 2023 \ud83c\udf7b\ud83c\udf7b\" \/>\n\t\t<meta property=\"og:url\" content=\"https:\/\/acervapaulista.com.br\/wordpress\/2a-brassagem-de-boas-vindas-abril-2023\/\" \/>\n\t\t<meta property=\"article:published_time\" content=\"2023-03-30T22:21:10+00:00\" \/>\n\t\t<meta property=\"article:modified_time\" content=\"2023-04-08T18:47:05+00:00\" \/>\n\t\t<meta name=\"twitter:card\" content=\"summary_large_image\" \/>\n\t\t<meta name=\"twitter:title\" content=\"2\u00aa Brassagem de boas-vindas \u2013 Abril\/2023 - ACervA Paulista\" \/>\n\t\t<meta name=\"twitter:description\" content=\"Vem a\u00ed!!! Nossa 2\u00aa Brassagem de boas-vindas ACervA Paulista 2023 \ud83c\udf7b\ud83c\udf7b\" \/>\n\t\t<script type=\"application\/ld+json\" class=\"aioseo-schema\">\n\t\t\t{\"@context\":\"https:\\\/\\\/schema.org\",\"@graph\":[{\"@type\":\"BlogPosting\",\"@id\":\"https:\\\/\\\/acervapaulista.com.br\\\/wordpress\\\/2a-brassagem-de-boas-vindas-abril-2023\\\/#blogposting\",\"name\":\"2\\u00aa Brassagem de boas-vindas \\u2013 Abril\\\/2023 - ACervA Paulista\",\"headline\":\"2\\u00aa Brassagem de boas-vindas &#8211; Abril\\\/2023\",\"author\":{\"@id\":\"https:\\\/\\\/acervapaulista.com.br\\\/wordpress\\\/author\\\/educhp\\\/#author\"},\"publisher\":{\"@id\":\"https:\\\/\\\/acervapaulista.com.br\\\/wordpress\\\/#organization\"},\"image\":{\"@type\":\"ImageObject\",\"url\":\"https:\\\/\\\/acervapaulista.com.br\\\/wordpress\\\/wp-content\\\/uploads\\\/2023\\\/03\\\/WhatsApp-Image-2023-03-30-at-19.31.28.jpeg\",\"width\":1600,\"height\":1600},\"datePublished\":\"2023-03-30T19:21:10-03:00\",\"dateModified\":\"2023-04-08T15:47:05-03:00\",\"inLanguage\":\"pt-BR\",\"mainEntityOfPage\":{\"@id\":\"https:\\\/\\\/acervapaulista.com.br\\\/wordpress\\\/2a-brassagem-de-boas-vindas-abril-2023\\\/#webpage\"},\"isPartOf\":{\"@id\":\"https:\\\/\\\/acervapaulista.com.br\\\/wordpress\\\/2a-brassagem-de-boas-vindas-abril-2023\\\/#webpage\"},\"articleSection\":\"Evento, Evento aberto, Evento parceiros, acervapaulista, blackpool, boas vindas, brejabox, Cerveja Caseira, Confraterniza\\u00e7\\u00e3o, Encontro, evento, S\\u00e3o Paulo\"},{\"@type\":\"BreadcrumbList\",\"@id\":\"https:\\\/\\\/acervapaulista.com.br\\\/wordpress\\\/2a-brassagem-de-boas-vindas-abril-2023\\\/#breadcrumblist\",\"itemListElement\":[{\"@type\":\"ListItem\",\"@id\":\"https:\\\/\\\/acervapaulista.com.br\\\/wordpress#listItem\",\"position\":1,\"name\":\"Home\",\"item\":\"https:\\\/\\\/acervapaulista.com.br\\\/wordpress\",\"nextItem\":{\"@type\":\"ListItem\",\"@id\":\"https:\\\/\\\/acervapaulista.com.br\\\/wordpress\\\/category\\\/evento\\\/#listItem\",\"name\":\"Evento\"}},{\"@type\":\"ListItem\",\"@id\":\"https:\\\/\\\/acervapaulista.com.br\\\/wordpress\\\/category\\\/evento\\\/#listItem\",\"position\":2,\"name\":\"Evento\",\"item\":\"https:\\\/\\\/acervapaulista.com.br\\\/wordpress\\\/category\\\/evento\\\/\",\"nextItem\":{\"@type\":\"ListItem\",\"@id\":\"https:\\\/\\\/acervapaulista.com.br\\\/wordpress\\\/2a-brassagem-de-boas-vindas-abril-2023\\\/#listItem\",\"name\":\"2\\u00aa Brassagem de boas-vindas &#8211; Abril\\\/2023\"},\"previousItem\":{\"@type\":\"ListItem\",\"@id\":\"https:\\\/\\\/acervapaulista.com.br\\\/wordpress#listItem\",\"name\":\"Home\"}},{\"@type\":\"ListItem\",\"@id\":\"https:\\\/\\\/acervapaulista.com.br\\\/wordpress\\\/2a-brassagem-de-boas-vindas-abril-2023\\\/#listItem\",\"position\":3,\"name\":\"2\\u00aa Brassagem de boas-vindas &#8211; Abril\\\/2023\",\"previousItem\":{\"@type\":\"ListItem\",\"@id\":\"https:\\\/\\\/acervapaulista.com.br\\\/wordpress\\\/category\\\/evento\\\/#listItem\",\"name\":\"Evento\"}}]},{\"@type\":\"Organization\",\"@id\":\"https:\\\/\\\/acervapaulista.com.br\\\/wordpress\\\/#organization\",\"name\":\"ACervA Paulista\",\"description\":\"Associa\\u00e7\\u00e3o dos Cervejeiros Artesanais Paulistas\",\"url\":\"https:\\\/\\\/acervapaulista.com.br\\\/wordpress\\\/\"},{\"@type\":\"Person\",\"@id\":\"https:\\\/\\\/acervapaulista.com.br\\\/wordpress\\\/author\\\/educhp\\\/#author\",\"url\":\"https:\\\/\\\/acervapaulista.com.br\\\/wordpress\\\/author\\\/educhp\\\/\",\"name\":\"Carlos Santana\",\"image\":{\"@type\":\"ImageObject\",\"@id\":\"https:\\\/\\\/acervapaulista.com.br\\\/wordpress\\\/2a-brassagem-de-boas-vindas-abril-2023\\\/#authorImage\",\"url\":\"https:\\\/\\\/secure.gravatar.com\\\/avatar\\\/9bb9fc5ee33332780165f5a66181a659bda39f9fb30b1defd1d1cb01335ebd65?s=96&d=mm&r=g\",\"width\":96,\"height\":96,\"caption\":\"Carlos Santana\"}},{\"@type\":\"WebPage\",\"@id\":\"https:\\\/\\\/acervapaulista.com.br\\\/wordpress\\\/2a-brassagem-de-boas-vindas-abril-2023\\\/#webpage\",\"url\":\"https:\\\/\\\/acervapaulista.com.br\\\/wordpress\\\/2a-brassagem-de-boas-vindas-abril-2023\\\/\",\"name\":\"2\\u00aa Brassagem de boas-vindas \\u2013 Abril\\\/2023 - ACervA Paulista\",\"description\":\"Vem a\\u00ed!!! Nossa 2\\u00aa Brassagem de boas-vindas ACervA Paulista 2023 \\ud83c\\udf7b\\ud83c\\udf7b\",\"inLanguage\":\"pt-BR\",\"isPartOf\":{\"@id\":\"https:\\\/\\\/acervapaulista.com.br\\\/wordpress\\\/#website\"},\"breadcrumb\":{\"@id\":\"https:\\\/\\\/acervapaulista.com.br\\\/wordpress\\\/2a-brassagem-de-boas-vindas-abril-2023\\\/#breadcrumblist\"},\"author\":{\"@id\":\"https:\\\/\\\/acervapaulista.com.br\\\/wordpress\\\/author\\\/educhp\\\/#author\"},\"creator\":{\"@id\":\"https:\\\/\\\/acervapaulista.com.br\\\/wordpress\\\/author\\\/educhp\\\/#author\"},\"image\":{\"@type\":\"ImageObject\",\"url\":\"https:\\\/\\\/acervapaulista.com.br\\\/wordpress\\\/wp-content\\\/uploads\\\/2023\\\/03\\\/WhatsApp-Image-2023-03-30-at-19.31.28.jpeg\",\"@id\":\"https:\\\/\\\/acervapaulista.com.br\\\/wordpress\\\/2a-brassagem-de-boas-vindas-abril-2023\\\/#mainImage\",\"width\":1600,\"height\":1600},\"primaryImageOfPage\":{\"@id\":\"https:\\\/\\\/acervapaulista.com.br\\\/wordpress\\\/2a-brassagem-de-boas-vindas-abril-2023\\\/#mainImage\"},\"datePublished\":\"2023-03-30T19:21:10-03:00\",\"dateModified\":\"2023-04-08T15:47:05-03:00\"},{\"@type\":\"WebSite\",\"@id\":\"https:\\\/\\\/acervapaulista.com.br\\\/wordpress\\\/#website\",\"url\":\"https:\\\/\\\/acervapaulista.com.br\\\/wordpress\\\/\",\"name\":\"ACervA Paulista\",\"description\":\"Associa\\u00e7\\u00e3o dos Cervejeiros Artesanais Paulistas\",\"inLanguage\":\"pt-BR\",\"publisher\":{\"@id\":\"https:\\\/\\\/acervapaulista.com.br\\\/wordpress\\\/#organization\"}}]}\n\t\t<\/script>\n\t\t<!-- All in One SEO -->\n\n","aioseo_head_json":{"title":"2\u00aa Brassagem de boas-vindas \u2013 Abril\/2023 - ACervA Paulista","description":"Vem a\u00ed!!! Nossa 2\u00aa Brassagem de boas-vindas ACervA Paulista 2023 \ud83c\udf7b\ud83c\udf7b","canonical_url":"https:\/\/acervapaulista.com.br\/wordpress\/2a-brassagem-de-boas-vindas-abril-2023\/","robots":"max-image-preview:large","keywords":"","webmasterTools":{"miscellaneous":""},"schema":{"@context":"https:\/\/schema.org","@graph":[{"@type":"BlogPosting","@id":"https:\/\/acervapaulista.com.br\/wordpress\/2a-brassagem-de-boas-vindas-abril-2023\/#blogposting","name":"2\u00aa Brassagem de boas-vindas \u2013 Abril\/2023 - ACervA Paulista","headline":"2\u00aa Brassagem de boas-vindas &#8211; Abril\/2023","author":{"@id":"https:\/\/acervapaulista.com.br\/wordpress\/author\/educhp\/#author"},"publisher":{"@id":"https:\/\/acervapaulista.com.br\/wordpress\/#organization"},"image":{"@type":"ImageObject","url":"https:\/\/acervapaulista.com.br\/wordpress\/wp-content\/uploads\/2023\/03\/WhatsApp-Image-2023-03-30-at-19.31.28.jpeg","width":1600,"height":1600},"datePublished":"2023-03-30T19:21:10-03:00","dateModified":"2023-04-08T15:47:05-03:00","inLanguage":"pt-BR","mainEntityOfPage":{"@id":"https:\/\/acervapaulista.com.br\/wordpress\/2a-brassagem-de-boas-vindas-abril-2023\/#webpage"},"isPartOf":{"@id":"https:\/\/acervapaulista.com.br\/wordpress\/2a-brassagem-de-boas-vindas-abril-2023\/#webpage"},"articleSection":"Evento, Evento aberto, Evento parceiros, acervapaulista, blackpool, boas vindas, brejabox, Cerveja Caseira, Confraterniza\u00e7\u00e3o, Encontro, evento, S\u00e3o Paulo"},{"@type":"BreadcrumbList","@id":"https:\/\/acervapaulista.com.br\/wordpress\/2a-brassagem-de-boas-vindas-abril-2023\/#breadcrumblist","itemListElement":[{"@type":"ListItem","@id":"https:\/\/acervapaulista.com.br\/wordpress#listItem","position":1,"name":"Home","item":"https:\/\/acervapaulista.com.br\/wordpress","nextItem":{"@type":"ListItem","@id":"https:\/\/acervapaulista.com.br\/wordpress\/category\/evento\/#listItem","name":"Evento"}},{"@type":"ListItem","@id":"https:\/\/acervapaulista.com.br\/wordpress\/category\/evento\/#listItem","position":2,"name":"Evento","item":"https:\/\/acervapaulista.com.br\/wordpress\/category\/evento\/","nextItem":{"@type":"ListItem","@id":"https:\/\/acervapaulista.com.br\/wordpress\/2a-brassagem-de-boas-vindas-abril-2023\/#listItem","name":"2\u00aa Brassagem de boas-vindas &#8211; Abril\/2023"},"previousItem":{"@type":"ListItem","@id":"https:\/\/acervapaulista.com.br\/wordpress#listItem","name":"Home"}},{"@type":"ListItem","@id":"https:\/\/acervapaulista.com.br\/wordpress\/2a-brassagem-de-boas-vindas-abril-2023\/#listItem","position":3,"name":"2\u00aa Brassagem de boas-vindas &#8211; Abril\/2023","previousItem":{"@type":"ListItem","@id":"https:\/\/acervapaulista.com.br\/wordpress\/category\/evento\/#listItem","name":"Evento"}}]},{"@type":"Organization","@id":"https:\/\/acervapaulista.com.br\/wordpress\/#organization","name":"ACervA Paulista","description":"Associa\u00e7\u00e3o dos Cervejeiros Artesanais Paulistas","url":"https:\/\/acervapaulista.com.br\/wordpress\/"},{"@type":"Person","@id":"https:\/\/acervapaulista.com.br\/wordpress\/author\/educhp\/#author","url":"https:\/\/acervapaulista.com.br\/wordpress\/author\/educhp\/","name":"Carlos Santana","image":{"@type":"ImageObject","@id":"https:\/\/acervapaulista.com.br\/wordpress\/2a-brassagem-de-boas-vindas-abril-2023\/#authorImage","url":"https:\/\/secure.gravatar.com\/avatar\/9bb9fc5ee33332780165f5a66181a659bda39f9fb30b1defd1d1cb01335ebd65?s=96&d=mm&r=g","width":96,"height":96,"caption":"Carlos Santana"}},{"@type":"WebPage","@id":"https:\/\/acervapaulista.com.br\/wordpress\/2a-brassagem-de-boas-vindas-abril-2023\/#webpage","url":"https:\/\/acervapaulista.com.br\/wordpress\/2a-brassagem-de-boas-vindas-abril-2023\/","name":"2\u00aa Brassagem de boas-vindas \u2013 Abril\/2023 - ACervA Paulista","description":"Vem a\u00ed!!! Nossa 2\u00aa Brassagem de boas-vindas ACervA Paulista 2023 \ud83c\udf7b\ud83c\udf7b","inLanguage":"pt-BR","isPartOf":{"@id":"https:\/\/acervapaulista.com.br\/wordpress\/#website"},"breadcrumb":{"@id":"https:\/\/acervapaulista.com.br\/wordpress\/2a-brassagem-de-boas-vindas-abril-2023\/#breadcrumblist"},"author":{"@id":"https:\/\/acervapaulista.com.br\/wordpress\/author\/educhp\/#author"},"creator":{"@id":"https:\/\/acervapaulista.com.br\/wordpress\/author\/educhp\/#author"},"image":{"@type":"ImageObject","url":"https:\/\/acervapaulista.com.br\/wordpress\/wp-content\/uploads\/2023\/03\/WhatsApp-Image-2023-03-30-at-19.31.28.jpeg","@id":"https:\/\/acervapaulista.com.br\/wordpress\/2a-brassagem-de-boas-vindas-abril-2023\/#mainImage","width":1600,"height":1600},"primaryImageOfPage":{"@id":"https:\/\/acervapaulista.com.br\/wordpress\/2a-brassagem-de-boas-vindas-abril-2023\/#mainImage"},"datePublished":"2023-03-30T19:21:10-03:00","dateModified":"2023-04-08T15:47:05-03:00"},{"@type":"WebSite","@id":"https:\/\/acervapaulista.com.br\/wordpress\/#website","url":"https:\/\/acervapaulista.com.br\/wordpress\/","name":"ACervA Paulista","description":"Associa\u00e7\u00e3o dos Cervejeiros Artesanais Paulistas","inLanguage":"pt-BR","publisher":{"@id":"https:\/\/acervapaulista.com.br\/wordpress\/#organization"}}]},"og:locale":"pt_BR","og:site_name":"ACervA Paulista - Associa\u00e7\u00e3o dos Cervejeiros Artesanais Paulistas","og:type":"article","og:title":"2\u00aa Brassagem de boas-vindas \u2013 Abril\/2023 - ACervA Paulista","og:description":"Vem a\u00ed!!! Nossa 2\u00aa Brassagem de boas-vindas ACervA Paulista 2023 \ud83c\udf7b\ud83c\udf7b","og:url":"https:\/\/acervapaulista.com.br\/wordpress\/2a-brassagem-de-boas-vindas-abril-2023\/","article:published_time":"2023-03-30T22:21:10+00:00","article:modified_time":"2023-04-08T18:47:05+00:00","twitter:card":"summary_large_image","twitter:title":"2\u00aa Brassagem de boas-vindas \u2013 Abril\/2023 - ACervA Paulista","twitter:description":"Vem a\u00ed!!! Nossa 2\u00aa Brassagem de boas-vindas ACervA Paulista 2023 \ud83c\udf7b\ud83c\udf7b"},"aioseo_meta_data":{"post_id":"6790","title":null,"description":null,"keywords":null,"keyphrases":null,"primary_term":null,"canonical_url":null,"og_title":null,"og_description":null,"og_object_type":"default","og_image_type":"default","og_image_url":null,"og_image_width":null,"og_image_height":null,"og_image_custom_url":null,"og_image_custom_fields":null,"og_video":null,"og_custom_url":null,"og_article_section":null,"og_article_tags":null,"twitter_use_og":false,"twitter_card":"default","twitter_image_type":"default","twitter_image_url":null,"twitter_image_custom_url":null,"twitter_image_custom_fields":null,"twitter_title":null,"twitter_description":null,"schema":{"blockGraphs":[],"customGraphs":[],"default":{"data":{"Article":[],"Course":[],"Dataset":[],"FAQPage":[],"Movie":[],"Person":[],"Product":[],"ProductReview":[],"Car":[],"Recipe":[],"Service":[],"SoftwareApplication":[],"WebPage":[]},"graphName":"","isEnabled":true},"graphs":[]},"schema_type":"default","schema_type_options":null,"pillar_content":false,"robots_default":true,"robots_noindex":false,"robots_noarchive":false,"robots_nosnippet":false,"robots_nofollow":false,"robots_noimageindex":false,"robots_noodp":false,"robots_notranslate":false,"robots_max_snippet":null,"robots_max_videopreview":null,"robots_max_imagepreview":"large","priority":null,"frequency":null,"local_seo":null,"breadcrumb_settings":null,"limit_modified_date":false,"ai":null,"created":"2023-10-20 05:12:58","updated":"2025-09-06 13:03:10","seo_analyzer_scan_date":null},"aioseo_breadcrumb":"<div class=\"aioseo-breadcrumbs\"><span class=\"aioseo-breadcrumb\">\n\t\t\t<a href=\"https:\/\/acervapaulista.com.br\/wordpress\" title=\"Home\">Home<\/a>\n\t\t<\/span><span class=\"aioseo-breadcrumb-separator\">&raquo;<\/span><span class=\"aioseo-breadcrumb\">\n\t\t\t<a href=\"https:\/\/acervapaulista.com.br\/wordpress\/category\/evento\/\" title=\"Evento\">Evento<\/a>\n\t\t<\/span><span class=\"aioseo-breadcrumb-separator\">&raquo;<\/span><span class=\"aioseo-breadcrumb\">\n\t\t\t2\u00aa Brassagem de boas-vindas \u2013 Abril\/2023\n\t\t<\/span><\/div>","aioseo_breadcrumb_json":[{"label":"Home","link":"https:\/\/acervapaulista.com.br\/wordpress"},{"label":"Evento","link":"https:\/\/acervapaulista.com.br\/wordpress\/category\/evento\/"},{"label":"2\u00aa Brassagem de boas-vindas &#8211; Abril\/2023","link":"https:\/\/acervapaulista.com.br\/wordpress\/2a-brassagem-de-boas-vindas-abril-2023\/"}],"_links":{"self":[{"href":"https:\/\/acervapaulista.com.br\/wordpress\/wp-json\/wp\/v2\/posts\/6790","targetHints":{"allow":["GET"]}}],"collection":[{"href":"https:\/\/acervapaulista.com.br\/wordpress\/wp-json\/wp\/v2\/posts"}],"about":[{"href":"https:\/\/acervapaulista.com.br\/wordpress\/wp-json\/wp\/v2\/types\/post"}],"author":[{"embeddable":true,"href":"https:\/\/acervapaulista.com.br\/wordpress\/wp-json\/wp\/v2\/users\/84"}],"replies":[{"embeddable":true,"href":"https:\/\/acervapaulista.com.br\/wordpress\/wp-json\/wp\/v2\/comments?post=6790"}],"version-history":[{"count":7,"href":"https:\/\/acervapaulista.com.br\/wordpress\/wp-json\/wp\/v2\/posts\/6790\/revisions"}],"predecessor-version":[{"id":6844,"href":"https:\/\/acervapaulista.com.br\/wordpress\/wp-json\/wp\/v2\/posts\/6790\/revisions\/6844"}],"wp:featuredmedia":[{"embeddable":true,"href":"https:\/\/acervapaulista.com.br\/wordpress\/wp-json\/wp\/v2\/media\/6793"}],"wp:attachment":[{"href":"https:\/\/acervapaulista.com.br\/wordpress\/wp-json\/wp\/v2\/media?parent=6790"}],"wp:term":[{"taxonomy":"category","embeddable":true,"href":"https:\/\/acervapaulista.com.br\/wordpress\/wp-json\/wp\/v2\/categories?post=6790"},{"taxonomy":"post_tag","embeddable":true,"href":"https:\/\/acervapaulista.com.br\/wordpress\/wp-json\/wp\/v2\/tags?post=6790"}],"curies":[{"name":"wp","href":"https:\/\/api.w.org\/{rel}","templated":true}]}}