{"id":6739,"date":"2023-03-04T09:27:56","date_gmt":"2023-03-04T12:27:56","guid":{"rendered":"https:\/\/acervapaulista.com.br\/?p=6739"},"modified":"2023-03-04T10:11:27","modified_gmt":"2023-03-04T13:11:27","slug":"i-concurso-das-acervas-do-sudoeste-2023","status":"publish","type":"post","link":"https:\/\/acervapaulista.com.br\/wordpress\/i-concurso-das-acervas-do-sudoeste-2023\/","title":{"rendered":"I Concurso das ACervAs do Sudoeste 2023"},"content":{"rendered":"\n<h2 class=\"has-medium-font-size wp-block-heading\">Concurso realizado em parceria entre a ACervA Brasil e as ACervAs do Sudeste e Centro-Oeste do Brasil!<\/h2>\n\n\n\n<h3 class=\"has-medium-font-size wp-block-heading\">\ud83d\udea8 APENAS PARA ASSOCIADOS DAS ACERVAS PARTICIPANTES! \ud83d\udea8<\/h3>\n\n\n\n<p class=\"wp-block-paragraph\"><\/p>\n\n\n\n<p class=\"wp-block-paragraph\">Com o intuito de fomentar a produ\u00e7\u00e3o de cerveja caseira entre os associados das ACervAs do Sudeste e Centro-Oeste do pa\u00eds, al\u00e9m de aprimorar, por meio das diretrizes do BJCP, a avalia\u00e7\u00e3o sensorial dos jurados e propor trocas de experi\u00eancias entre os participantes.<\/p>\n\n\n\n<p class=\"wp-block-paragraph\">O I Concurso das ACervAs do Sudeste est\u00e1 lan\u00e7ado, fogo nas panelas! \ud83d\udd25\ud83d\udd25<\/p>\n\n\n\n<h2 class=\"has-medium-font-size wp-block-heading\">DATAS IMPORTANTES &amp; MAIS INFORMA\u00c7\u00d5ES:<\/h2>\n\n\n\n<p class=\"wp-block-paragraph\"><\/p>\n\n\n\n<p class=\"wp-block-paragraph\"><strong>Abertura das inscri\u00e7\u00f5es:<\/strong>\u00a002\/03\/23 at\u00e9 24\/04\/23<\/p>\n\n\n\n<p class=\"wp-block-paragraph\"><strong>Recebimento das amostras:<\/strong>&nbsp;10\/04\/23 at\u00e9 27\/04\/23<\/p>\n\n\n\n<p class=\"wp-block-paragraph\"><strong>Julgamento:<\/strong>&nbsp;30\/04\/23 e 01\/05\/23<\/p>\n\n\n\n<p class=\"wp-block-paragraph\"><strong>An\u00fancio dos vencedores:<\/strong>&nbsp;01\/05\/23<\/p>\n\n\n\n<p class=\"wp-block-paragraph\"><strong>Leia com aten\u00e7\u00e3o o edital que se encontra no link abaixo.<\/strong><\/p>\n\n\n\n<p class=\"wp-block-paragraph\">Para mais informa\u00e7\u00f5es e inscri\u00e7\u00f5es: <a href=\"https:\/\/beerawardsplatform.com\/i-concurso-acervas-sudoeste\" data-type=\"URL\" data-id=\"https:\/\/beerawardsplatform.com\/i-concurso-acervas-sudoeste\">Acesse aqui e saiba mais<\/a><\/p>\n\n\n\n<p class=\"wp-block-paragraph\"><strong>D\u00favidas entrar em contato pelo e-mail:\u00a0<\/strong><a href=\"mailto:acervapaulista@gmail.com\" target=\"_blank\" rel=\"noreferrer noopener\">acervapaulista@gmail.com<\/a><\/p>\n\n\n\n<p class=\"wp-block-paragraph\">Boa sorte a todos os participantes!<\/p>\n\n\n\n<p class=\"has-medium-font-size wp-block-paragraph\"><br><strong>Est\u00e1 esperando o que? Venha voc\u00ea tamb\u00e9m fazer parte dessa fam\u00edlia!<\/strong><\/p>\n\n\n\n<p class=\"wp-block-paragraph\" style=\"font-size:16px\">Quero me Associar: <a href=\"https:\/\/acervapaulista.com.br\/categoria-produto\/associacao\/\">https:\/\/acervapaulista.com.br\/categoria-produto\/associacao\/<\/a><br>Nosso Instagram: <a href=\"https:\/\/www.instagram.com\/acervapaulista\">@acervapaulista<\/a><\/p>\n\n\n\n<h1 class=\"wp-block-heading\" style=\"font-size:18px\"><strong>Diretoria Gest\u00e3o 2023\/2024<\/strong><\/h1>\n\n\n\n<p class=\"wp-block-paragraph\"><\/p>\n\n\n\n<p class=\"wp-block-paragraph\"><\/p>\n\n\n\n<p class=\"has-black-color has-text-color wp-block-paragraph\"><\/p>\n\n\n\n<p class=\"wp-block-paragraph\"><\/p>\n\n\n\n<p class=\"wp-block-paragraph\"><\/p>\n\n\n\n<p class=\"wp-block-paragraph\"><\/p>\n","protected":false},"excerpt":{"rendered":"<p>Concurso realizado em parceria entre a ACervA Brasil e as ACervAs do Sudeste e Centro-Oeste do Brasil! \ud83d\udea8 APENAS PARA ASSOCIADOS DAS ACERVAS PARTICIPANTES! \ud83d\udea8 Com o intuito de fomentar a produ\u00e7\u00e3o de cerveja caseira entre os associados das ACervAs do Sudeste e Centro-Oeste do pa\u00eds, al\u00e9m de aprimorar, por meio das diretrizes do BJCP, a avalia\u00e7\u00e3o sensorial dos jurados e propor trocas de experi\u00eancias entre os participantes. O I Concurso das ACervAs do Sudeste est\u00e1 lan\u00e7ado, fogo nas panelas! \ud83d\udd25\ud83d\udd25 DATAS IMPORTANTES &amp; MAIS INFORMA\u00c7\u00d5ES: Abertura das inscri\u00e7\u00f5es:\u00a002\/03\/23 at\u00e9 24\/04\/23 Recebimento das amostras:&nbsp;10\/04\/23 at\u00e9 27\/04\/23 Julgamento:&nbsp;30\/04\/23 e 01\/05\/23 An\u00fancio dos vencedores:&nbsp;01\/05\/23 Leia com aten\u00e7\u00e3o o edital que se encontra no link abaixo. Para mais informa\u00e7\u00f5es e inscri\u00e7\u00f5es: Acesse aqui e saiba mais D\u00favidas entrar em contato pelo e-mail:\u00a0acervapaulista@gmail.com Boa sorte a todos os participantes! Est\u00e1 esperando o que? Venha voc\u00ea tamb\u00e9m fazer parte dessa fam\u00edlia! Quero me Associar: https:\/\/acervapaulista.com.br\/categoria-produto\/associacao\/Nosso Instagram: @acervapaulista Diretoria Gest\u00e3o 2023\/2024<\/p>\n","protected":false},"author":84,"featured_media":6744,"comment_status":"closed","ping_status":"open","sticky":false,"template":"","format":"standard","meta":{"pmpro_default_level":"","_price":"","_stock":"","_tribe_ticket_header":"","_tribe_default_ticket_provider":"","_tribe_ticket_capacity":"0","_ticket_start_date":"","_ticket_end_date":"","_tribe_ticket_show_description":"","_tribe_ticket_show_not_going":false,"_tribe_ticket_use_global_stock":"","_tribe_ticket_global_stock_level":"","_global_stock_mode":"","_global_stock_cap":"","_tribe_rsvp_for_event":"","_tribe_ticket_going_count":"","_tribe_ticket_not_going_count":"","_tribe_tickets_list":"[]","_tribe_ticket_has_attendee_info_fields":false,"footnotes":""},"categories":[157,148,201],"tags":[204,217,223,222,212,218,213],"class_list":["post-6739","post","type-post","status-publish","format-standard","has-post-thumbnail","hentry","category-concurso","category-noticia","category-parceiros-acerva-sp","tag-cervejaartesanal","tag-cervejacaseira","tag-cervejadepanela","tag-concursocervejeiro","tag-eufacoaminhacerveja","tag-vempraacervapaulista","tag-vempraacervasp","pmpro-has-access"],"aioseo_notices":[],"aioseo_head":"\n\t\t<!-- All in One SEO 4.9.10 - aioseo.com -->\n\t<meta name=\"description\" content=\"Concurso realizado em parceria entre a ACervA Brasil e as ACervAs do Sudeste e Centro-Oeste do Brasil! \ud83d\udea8 APENAS PARA ASSOCIADOS DAS ACERVAS PARTICIPANTES! \ud83d\udea8 Com o intuito de fomentar a produ\u00e7\u00e3o de cerveja caseira entre os associados das ACervAs do Sudeste e Centro-Oeste do pa\u00eds, al\u00e9m de aprimorar, por meio das diretrizes do BJCP,\" \/>\n\t<meta name=\"robots\" content=\"max-image-preview:large\" \/>\n\t<meta name=\"author\" content=\"Carlos Santana\"\/>\n\t<link rel=\"canonical\" href=\"https:\/\/acervapaulista.com.br\/wordpress\/i-concurso-das-acervas-do-sudoeste-2023\/\" \/>\n\t<meta name=\"generator\" content=\"All in One SEO (AIOSEO) 4.9.10\" \/>\n\t\t<meta property=\"og:locale\" content=\"pt_BR\" \/>\n\t\t<meta property=\"og:site_name\" content=\"ACervA Paulista - Associa\u00e7\u00e3o dos Cervejeiros Artesanais Paulistas\" \/>\n\t\t<meta property=\"og:type\" content=\"article\" \/>\n\t\t<meta property=\"og:title\" content=\"I Concurso das ACervAs do Sudoeste 2023 - ACervA Paulista\" \/>\n\t\t<meta property=\"og:description\" content=\"Concurso realizado em parceria entre a ACervA Brasil e as ACervAs do Sudeste e Centro-Oeste do Brasil! \ud83d\udea8 APENAS PARA ASSOCIADOS DAS ACERVAS PARTICIPANTES! \ud83d\udea8 Com o intuito de fomentar a produ\u00e7\u00e3o de cerveja caseira entre os associados das ACervAs do Sudeste e Centro-Oeste do pa\u00eds, al\u00e9m de aprimorar, por meio das diretrizes do BJCP,\" \/>\n\t\t<meta property=\"og:url\" content=\"https:\/\/acervapaulista.com.br\/wordpress\/i-concurso-das-acervas-do-sudoeste-2023\/\" \/>\n\t\t<meta property=\"article:published_time\" content=\"2023-03-04T12:27:56+00:00\" \/>\n\t\t<meta property=\"article:modified_time\" content=\"2023-03-04T13:11:27+00:00\" \/>\n\t\t<meta name=\"twitter:card\" content=\"summary_large_image\" \/>\n\t\t<meta name=\"twitter:title\" content=\"I Concurso das ACervAs do Sudoeste 2023 - ACervA Paulista\" \/>\n\t\t<meta name=\"twitter:description\" content=\"Concurso realizado em parceria entre a ACervA Brasil e as ACervAs do Sudeste e Centro-Oeste do Brasil! \ud83d\udea8 APENAS PARA ASSOCIADOS DAS ACERVAS PARTICIPANTES! \ud83d\udea8 Com o intuito de fomentar a produ\u00e7\u00e3o de cerveja caseira entre os associados das ACervAs do Sudeste e Centro-Oeste do pa\u00eds, al\u00e9m de aprimorar, por meio das diretrizes do BJCP,\" \/>\n\t\t<script type=\"application\/ld+json\" class=\"aioseo-schema\">\n\t\t\t{\"@context\":\"https:\\\/\\\/schema.org\",\"@graph\":[{\"@type\":\"BlogPosting\",\"@id\":\"https:\\\/\\\/acervapaulista.com.br\\\/wordpress\\\/i-concurso-das-acervas-do-sudoeste-2023\\\/#blogposting\",\"name\":\"I Concurso das ACervAs do Sudoeste 2023 - ACervA Paulista\",\"headline\":\"I Concurso das ACervAs do Sudoeste 2023\",\"author\":{\"@id\":\"https:\\\/\\\/acervapaulista.com.br\\\/wordpress\\\/author\\\/educhp\\\/#author\"},\"publisher\":{\"@id\":\"https:\\\/\\\/acervapaulista.com.br\\\/wordpress\\\/#organization\"},\"image\":{\"@type\":\"ImageObject\",\"url\":\"https:\\\/\\\/acervapaulista.com.br\\\/wordpress\\\/wp-content\\\/uploads\\\/2023\\\/03\\\/WhatsApp-Image-2023-03-02-at-19.40.18.jpeg\",\"width\":1600,\"height\":838},\"datePublished\":\"2023-03-04T09:27:56-03:00\",\"dateModified\":\"2023-03-04T10:11:27-03:00\",\"inLanguage\":\"pt-BR\",\"mainEntityOfPage\":{\"@id\":\"https:\\\/\\\/acervapaulista.com.br\\\/wordpress\\\/i-concurso-das-acervas-do-sudoeste-2023\\\/#webpage\"},\"isPartOf\":{\"@id\":\"https:\\\/\\\/acervapaulista.com.br\\\/wordpress\\\/i-concurso-das-acervas-do-sudoeste-2023\\\/#webpage\"},\"articleSection\":\"Concurso, Not\\u00edcia, Parcerias, cervejaartesanal, cervejacaseira, cervejadepanela, concursocervejeiro, eufa\\u00e7oaminhacerveja, vempraacervapaulista, vempraacervasp\"},{\"@type\":\"BreadcrumbList\",\"@id\":\"https:\\\/\\\/acervapaulista.com.br\\\/wordpress\\\/i-concurso-das-acervas-do-sudoeste-2023\\\/#breadcrumblist\",\"itemListElement\":[{\"@type\":\"ListItem\",\"@id\":\"https:\\\/\\\/acervapaulista.com.br\\\/wordpress#listItem\",\"position\":1,\"name\":\"Home\",\"item\":\"https:\\\/\\\/acervapaulista.com.br\\\/wordpress\",\"nextItem\":{\"@type\":\"ListItem\",\"@id\":\"https:\\\/\\\/acervapaulista.com.br\\\/wordpress\\\/category\\\/evento-fechado\\\/#listItem\",\"name\":\"Evento fechado\"}},{\"@type\":\"ListItem\",\"@id\":\"https:\\\/\\\/acervapaulista.com.br\\\/wordpress\\\/category\\\/evento-fechado\\\/#listItem\",\"position\":2,\"name\":\"Evento fechado\",\"item\":\"https:\\\/\\\/acervapaulista.com.br\\\/wordpress\\\/category\\\/evento-fechado\\\/\",\"nextItem\":{\"@type\":\"ListItem\",\"@id\":\"https:\\\/\\\/acervapaulista.com.br\\\/wordpress\\\/category\\\/evento-fechado\\\/concurso\\\/#listItem\",\"name\":\"Concurso\"},\"previousItem\":{\"@type\":\"ListItem\",\"@id\":\"https:\\\/\\\/acervapaulista.com.br\\\/wordpress#listItem\",\"name\":\"Home\"}},{\"@type\":\"ListItem\",\"@id\":\"https:\\\/\\\/acervapaulista.com.br\\\/wordpress\\\/category\\\/evento-fechado\\\/concurso\\\/#listItem\",\"position\":3,\"name\":\"Concurso\",\"item\":\"https:\\\/\\\/acervapaulista.com.br\\\/wordpress\\\/category\\\/evento-fechado\\\/concurso\\\/\",\"nextItem\":{\"@type\":\"ListItem\",\"@id\":\"https:\\\/\\\/acervapaulista.com.br\\\/wordpress\\\/i-concurso-das-acervas-do-sudoeste-2023\\\/#listItem\",\"name\":\"I Concurso das ACervAs do Sudoeste 2023\"},\"previousItem\":{\"@type\":\"ListItem\",\"@id\":\"https:\\\/\\\/acervapaulista.com.br\\\/wordpress\\\/category\\\/evento-fechado\\\/#listItem\",\"name\":\"Evento fechado\"}},{\"@type\":\"ListItem\",\"@id\":\"https:\\\/\\\/acervapaulista.com.br\\\/wordpress\\\/i-concurso-das-acervas-do-sudoeste-2023\\\/#listItem\",\"position\":4,\"name\":\"I Concurso das ACervAs do Sudoeste 2023\",\"previousItem\":{\"@type\":\"ListItem\",\"@id\":\"https:\\\/\\\/acervapaulista.com.br\\\/wordpress\\\/category\\\/evento-fechado\\\/concurso\\\/#listItem\",\"name\":\"Concurso\"}}]},{\"@type\":\"Organization\",\"@id\":\"https:\\\/\\\/acervapaulista.com.br\\\/wordpress\\\/#organization\",\"name\":\"ACervA Paulista\",\"description\":\"Associa\\u00e7\\u00e3o dos Cervejeiros Artesanais Paulistas\",\"url\":\"https:\\\/\\\/acervapaulista.com.br\\\/wordpress\\\/\"},{\"@type\":\"Person\",\"@id\":\"https:\\\/\\\/acervapaulista.com.br\\\/wordpress\\\/author\\\/educhp\\\/#author\",\"url\":\"https:\\\/\\\/acervapaulista.com.br\\\/wordpress\\\/author\\\/educhp\\\/\",\"name\":\"Carlos Santana\",\"image\":{\"@type\":\"ImageObject\",\"@id\":\"https:\\\/\\\/acervapaulista.com.br\\\/wordpress\\\/i-concurso-das-acervas-do-sudoeste-2023\\\/#authorImage\",\"url\":\"https:\\\/\\\/secure.gravatar.com\\\/avatar\\\/9bb9fc5ee33332780165f5a66181a659bda39f9fb30b1defd1d1cb01335ebd65?s=96&d=mm&r=g\",\"width\":96,\"height\":96,\"caption\":\"Carlos Santana\"}},{\"@type\":\"WebPage\",\"@id\":\"https:\\\/\\\/acervapaulista.com.br\\\/wordpress\\\/i-concurso-das-acervas-do-sudoeste-2023\\\/#webpage\",\"url\":\"https:\\\/\\\/acervapaulista.com.br\\\/wordpress\\\/i-concurso-das-acervas-do-sudoeste-2023\\\/\",\"name\":\"I Concurso das ACervAs do Sudoeste 2023 - ACervA Paulista\",\"description\":\"Concurso realizado em parceria entre a ACervA Brasil e as ACervAs do Sudeste e Centro-Oeste do Brasil! \\ud83d\\udea8 APENAS PARA ASSOCIADOS DAS ACERVAS PARTICIPANTES! \\ud83d\\udea8 Com o intuito de fomentar a produ\\u00e7\\u00e3o de cerveja caseira entre os associados das ACervAs do Sudeste e Centro-Oeste do pa\\u00eds, al\\u00e9m de aprimorar, por meio das diretrizes do BJCP,\",\"inLanguage\":\"pt-BR\",\"isPartOf\":{\"@id\":\"https:\\\/\\\/acervapaulista.com.br\\\/wordpress\\\/#website\"},\"breadcrumb\":{\"@id\":\"https:\\\/\\\/acervapaulista.com.br\\\/wordpress\\\/i-concurso-das-acervas-do-sudoeste-2023\\\/#breadcrumblist\"},\"author\":{\"@id\":\"https:\\\/\\\/acervapaulista.com.br\\\/wordpress\\\/author\\\/educhp\\\/#author\"},\"creator\":{\"@id\":\"https:\\\/\\\/acervapaulista.com.br\\\/wordpress\\\/author\\\/educhp\\\/#author\"},\"image\":{\"@type\":\"ImageObject\",\"url\":\"https:\\\/\\\/acervapaulista.com.br\\\/wordpress\\\/wp-content\\\/uploads\\\/2023\\\/03\\\/WhatsApp-Image-2023-03-02-at-19.40.18.jpeg\",\"@id\":\"https:\\\/\\\/acervapaulista.com.br\\\/wordpress\\\/i-concurso-das-acervas-do-sudoeste-2023\\\/#mainImage\",\"width\":1600,\"height\":838},\"primaryImageOfPage\":{\"@id\":\"https:\\\/\\\/acervapaulista.com.br\\\/wordpress\\\/i-concurso-das-acervas-do-sudoeste-2023\\\/#mainImage\"},\"datePublished\":\"2023-03-04T09:27:56-03:00\",\"dateModified\":\"2023-03-04T10:11:27-03:00\"},{\"@type\":\"WebSite\",\"@id\":\"https:\\\/\\\/acervapaulista.com.br\\\/wordpress\\\/#website\",\"url\":\"https:\\\/\\\/acervapaulista.com.br\\\/wordpress\\\/\",\"name\":\"ACervA Paulista\",\"description\":\"Associa\\u00e7\\u00e3o dos Cervejeiros Artesanais Paulistas\",\"inLanguage\":\"pt-BR\",\"publisher\":{\"@id\":\"https:\\\/\\\/acervapaulista.com.br\\\/wordpress\\\/#organization\"}}]}\n\t\t<\/script>\n\t\t<!-- All in One SEO -->\n\n","aioseo_head_json":{"title":"I Concurso das ACervAs do Sudoeste 2023 - ACervA Paulista","description":"Concurso realizado em parceria entre a ACervA Brasil e as ACervAs do Sudeste e Centro-Oeste do Brasil! \ud83d\udea8 APENAS PARA ASSOCIADOS DAS ACERVAS PARTICIPANTES! \ud83d\udea8 Com o intuito de fomentar a produ\u00e7\u00e3o de cerveja caseira entre os associados das ACervAs do Sudeste e Centro-Oeste do pa\u00eds, al\u00e9m de aprimorar, por meio das diretrizes do BJCP,","canonical_url":"https:\/\/acervapaulista.com.br\/wordpress\/i-concurso-das-acervas-do-sudoeste-2023\/","robots":"max-image-preview:large","keywords":"","webmasterTools":{"miscellaneous":""},"schema":{"@context":"https:\/\/schema.org","@graph":[{"@type":"BlogPosting","@id":"https:\/\/acervapaulista.com.br\/wordpress\/i-concurso-das-acervas-do-sudoeste-2023\/#blogposting","name":"I Concurso das ACervAs do Sudoeste 2023 - ACervA Paulista","headline":"I Concurso das ACervAs do Sudoeste 2023","author":{"@id":"https:\/\/acervapaulista.com.br\/wordpress\/author\/educhp\/#author"},"publisher":{"@id":"https:\/\/acervapaulista.com.br\/wordpress\/#organization"},"image":{"@type":"ImageObject","url":"https:\/\/acervapaulista.com.br\/wordpress\/wp-content\/uploads\/2023\/03\/WhatsApp-Image-2023-03-02-at-19.40.18.jpeg","width":1600,"height":838},"datePublished":"2023-03-04T09:27:56-03:00","dateModified":"2023-03-04T10:11:27-03:00","inLanguage":"pt-BR","mainEntityOfPage":{"@id":"https:\/\/acervapaulista.com.br\/wordpress\/i-concurso-das-acervas-do-sudoeste-2023\/#webpage"},"isPartOf":{"@id":"https:\/\/acervapaulista.com.br\/wordpress\/i-concurso-das-acervas-do-sudoeste-2023\/#webpage"},"articleSection":"Concurso, Not\u00edcia, Parcerias, cervejaartesanal, cervejacaseira, cervejadepanela, concursocervejeiro, eufa\u00e7oaminhacerveja, vempraacervapaulista, vempraacervasp"},{"@type":"BreadcrumbList","@id":"https:\/\/acervapaulista.com.br\/wordpress\/i-concurso-das-acervas-do-sudoeste-2023\/#breadcrumblist","itemListElement":[{"@type":"ListItem","@id":"https:\/\/acervapaulista.com.br\/wordpress#listItem","position":1,"name":"Home","item":"https:\/\/acervapaulista.com.br\/wordpress","nextItem":{"@type":"ListItem","@id":"https:\/\/acervapaulista.com.br\/wordpress\/category\/evento-fechado\/#listItem","name":"Evento fechado"}},{"@type":"ListItem","@id":"https:\/\/acervapaulista.com.br\/wordpress\/category\/evento-fechado\/#listItem","position":2,"name":"Evento fechado","item":"https:\/\/acervapaulista.com.br\/wordpress\/category\/evento-fechado\/","nextItem":{"@type":"ListItem","@id":"https:\/\/acervapaulista.com.br\/wordpress\/category\/evento-fechado\/concurso\/#listItem","name":"Concurso"},"previousItem":{"@type":"ListItem","@id":"https:\/\/acervapaulista.com.br\/wordpress#listItem","name":"Home"}},{"@type":"ListItem","@id":"https:\/\/acervapaulista.com.br\/wordpress\/category\/evento-fechado\/concurso\/#listItem","position":3,"name":"Concurso","item":"https:\/\/acervapaulista.com.br\/wordpress\/category\/evento-fechado\/concurso\/","nextItem":{"@type":"ListItem","@id":"https:\/\/acervapaulista.com.br\/wordpress\/i-concurso-das-acervas-do-sudoeste-2023\/#listItem","name":"I Concurso das ACervAs do Sudoeste 2023"},"previousItem":{"@type":"ListItem","@id":"https:\/\/acervapaulista.com.br\/wordpress\/category\/evento-fechado\/#listItem","name":"Evento fechado"}},{"@type":"ListItem","@id":"https:\/\/acervapaulista.com.br\/wordpress\/i-concurso-das-acervas-do-sudoeste-2023\/#listItem","position":4,"name":"I Concurso das ACervAs do Sudoeste 2023","previousItem":{"@type":"ListItem","@id":"https:\/\/acervapaulista.com.br\/wordpress\/category\/evento-fechado\/concurso\/#listItem","name":"Concurso"}}]},{"@type":"Organization","@id":"https:\/\/acervapaulista.com.br\/wordpress\/#organization","name":"ACervA Paulista","description":"Associa\u00e7\u00e3o dos Cervejeiros Artesanais Paulistas","url":"https:\/\/acervapaulista.com.br\/wordpress\/"},{"@type":"Person","@id":"https:\/\/acervapaulista.com.br\/wordpress\/author\/educhp\/#author","url":"https:\/\/acervapaulista.com.br\/wordpress\/author\/educhp\/","name":"Carlos Santana","image":{"@type":"ImageObject","@id":"https:\/\/acervapaulista.com.br\/wordpress\/i-concurso-das-acervas-do-sudoeste-2023\/#authorImage","url":"https:\/\/secure.gravatar.com\/avatar\/9bb9fc5ee33332780165f5a66181a659bda39f9fb30b1defd1d1cb01335ebd65?s=96&d=mm&r=g","width":96,"height":96,"caption":"Carlos Santana"}},{"@type":"WebPage","@id":"https:\/\/acervapaulista.com.br\/wordpress\/i-concurso-das-acervas-do-sudoeste-2023\/#webpage","url":"https:\/\/acervapaulista.com.br\/wordpress\/i-concurso-das-acervas-do-sudoeste-2023\/","name":"I Concurso das ACervAs do Sudoeste 2023 - ACervA Paulista","description":"Concurso realizado em parceria entre a ACervA Brasil e as ACervAs do Sudeste e Centro-Oeste do Brasil! \ud83d\udea8 APENAS PARA ASSOCIADOS DAS ACERVAS PARTICIPANTES! \ud83d\udea8 Com o intuito de fomentar a produ\u00e7\u00e3o de cerveja caseira entre os associados das ACervAs do Sudeste e Centro-Oeste do pa\u00eds, al\u00e9m de aprimorar, por meio das diretrizes do BJCP,","inLanguage":"pt-BR","isPartOf":{"@id":"https:\/\/acervapaulista.com.br\/wordpress\/#website"},"breadcrumb":{"@id":"https:\/\/acervapaulista.com.br\/wordpress\/i-concurso-das-acervas-do-sudoeste-2023\/#breadcrumblist"},"author":{"@id":"https:\/\/acervapaulista.com.br\/wordpress\/author\/educhp\/#author"},"creator":{"@id":"https:\/\/acervapaulista.com.br\/wordpress\/author\/educhp\/#author"},"image":{"@type":"ImageObject","url":"https:\/\/acervapaulista.com.br\/wordpress\/wp-content\/uploads\/2023\/03\/WhatsApp-Image-2023-03-02-at-19.40.18.jpeg","@id":"https:\/\/acervapaulista.com.br\/wordpress\/i-concurso-das-acervas-do-sudoeste-2023\/#mainImage","width":1600,"height":838},"primaryImageOfPage":{"@id":"https:\/\/acervapaulista.com.br\/wordpress\/i-concurso-das-acervas-do-sudoeste-2023\/#mainImage"},"datePublished":"2023-03-04T09:27:56-03:00","dateModified":"2023-03-04T10:11:27-03:00"},{"@type":"WebSite","@id":"https:\/\/acervapaulista.com.br\/wordpress\/#website","url":"https:\/\/acervapaulista.com.br\/wordpress\/","name":"ACervA Paulista","description":"Associa\u00e7\u00e3o dos Cervejeiros Artesanais Paulistas","inLanguage":"pt-BR","publisher":{"@id":"https:\/\/acervapaulista.com.br\/wordpress\/#organization"}}]},"og:locale":"pt_BR","og:site_name":"ACervA Paulista - Associa\u00e7\u00e3o dos Cervejeiros Artesanais Paulistas","og:type":"article","og:title":"I Concurso das ACervAs do Sudoeste 2023 - ACervA Paulista","og:description":"Concurso realizado em parceria entre a ACervA Brasil e as ACervAs do Sudeste e Centro-Oeste do Brasil! \ud83d\udea8 APENAS PARA ASSOCIADOS DAS ACERVAS PARTICIPANTES! \ud83d\udea8 Com o intuito de fomentar a produ\u00e7\u00e3o de cerveja caseira entre os associados das ACervAs do Sudeste e Centro-Oeste do pa\u00eds, al\u00e9m de aprimorar, por meio das diretrizes do BJCP,","og:url":"https:\/\/acervapaulista.com.br\/wordpress\/i-concurso-das-acervas-do-sudoeste-2023\/","article:published_time":"2023-03-04T12:27:56+00:00","article:modified_time":"2023-03-04T13:11:27+00:00","twitter:card":"summary_large_image","twitter:title":"I Concurso das ACervAs do Sudoeste 2023 - ACervA Paulista","twitter:description":"Concurso realizado em parceria entre a ACervA Brasil e as ACervAs do Sudeste e Centro-Oeste do Brasil! \ud83d\udea8 APENAS PARA ASSOCIADOS DAS ACERVAS PARTICIPANTES! \ud83d\udea8 Com o intuito de fomentar a produ\u00e7\u00e3o de cerveja caseira entre os associados das ACervAs do Sudeste e Centro-Oeste do pa\u00eds, al\u00e9m de aprimorar, por meio das diretrizes do BJCP,"},"aioseo_meta_data":{"post_id":"6739","title":null,"description":null,"keywords":null,"keyphrases":null,"primary_term":null,"canonical_url":null,"og_title":null,"og_description":null,"og_object_type":"default","og_image_type":"default","og_image_url":null,"og_image_width":null,"og_image_height":null,"og_image_custom_url":null,"og_image_custom_fields":null,"og_video":null,"og_custom_url":null,"og_article_section":null,"og_article_tags":null,"twitter_use_og":false,"twitter_card":"default","twitter_image_type":"default","twitter_image_url":null,"twitter_image_custom_url":null,"twitter_image_custom_fields":null,"twitter_title":null,"twitter_description":null,"schema":{"blockGraphs":[],"customGraphs":[],"default":{"data":{"Article":[],"Course":[],"Dataset":[],"FAQPage":[],"Movie":[],"Person":[],"Product":[],"ProductReview":[],"Car":[],"Recipe":[],"Service":[],"SoftwareApplication":[],"WebPage":[]},"graphName":"","isEnabled":true},"graphs":[]},"schema_type":"default","schema_type_options":null,"pillar_content":false,"robots_default":true,"robots_noindex":false,"robots_noarchive":false,"robots_nosnippet":false,"robots_nofollow":false,"robots_noimageindex":false,"robots_noodp":false,"robots_notranslate":false,"robots_max_snippet":null,"robots_max_videopreview":null,"robots_max_imagepreview":"large","priority":null,"frequency":null,"local_seo":null,"breadcrumb_settings":null,"limit_modified_date":false,"ai":null,"created":"2023-10-20 05:12:58","updated":"2025-09-06 13:03:10","seo_analyzer_scan_date":null},"aioseo_breadcrumb":"<div class=\"aioseo-breadcrumbs\"><span class=\"aioseo-breadcrumb\">\n\t\t\t<a href=\"https:\/\/acervapaulista.com.br\/wordpress\" title=\"Home\">Home<\/a>\n\t\t<\/span><span class=\"aioseo-breadcrumb-separator\">&raquo;<\/span><span class=\"aioseo-breadcrumb\">\n\t\t\t<a href=\"https:\/\/acervapaulista.com.br\/wordpress\/category\/evento-fechado\/\" title=\"Evento fechado\">Evento fechado<\/a>\n\t\t<\/span><span class=\"aioseo-breadcrumb-separator\">&raquo;<\/span><span class=\"aioseo-breadcrumb\">\n\t\t\t<a href=\"https:\/\/acervapaulista.com.br\/wordpress\/category\/evento-fechado\/concurso\/\" title=\"Concurso\">Concurso<\/a>\n\t\t<\/span><span class=\"aioseo-breadcrumb-separator\">&raquo;<\/span><span class=\"aioseo-breadcrumb\">\n\t\t\tI Concurso das ACervAs do Sudoeste 2023\n\t\t<\/span><\/div>","aioseo_breadcrumb_json":[{"label":"Home","link":"https:\/\/acervapaulista.com.br\/wordpress"},{"label":"Evento fechado","link":"https:\/\/acervapaulista.com.br\/wordpress\/category\/evento-fechado\/"},{"label":"Concurso","link":"https:\/\/acervapaulista.com.br\/wordpress\/category\/evento-fechado\/concurso\/"},{"label":"I Concurso das ACervAs do Sudoeste 2023","link":"https:\/\/acervapaulista.com.br\/wordpress\/i-concurso-das-acervas-do-sudoeste-2023\/"}],"_links":{"self":[{"href":"https:\/\/acervapaulista.com.br\/wordpress\/wp-json\/wp\/v2\/posts\/6739","targetHints":{"allow":["GET"]}}],"collection":[{"href":"https:\/\/acervapaulista.com.br\/wordpress\/wp-json\/wp\/v2\/posts"}],"about":[{"href":"https:\/\/acervapaulista.com.br\/wordpress\/wp-json\/wp\/v2\/types\/post"}],"author":[{"embeddable":true,"href":"https:\/\/acervapaulista.com.br\/wordpress\/wp-json\/wp\/v2\/users\/84"}],"replies":[{"embeddable":true,"href":"https:\/\/acervapaulista.com.br\/wordpress\/wp-json\/wp\/v2\/comments?post=6739"}],"version-history":[{"count":15,"href":"https:\/\/acervapaulista.com.br\/wordpress\/wp-json\/wp\/v2\/posts\/6739\/revisions"}],"predecessor-version":[{"id":6757,"href":"https:\/\/acervapaulista.com.br\/wordpress\/wp-json\/wp\/v2\/posts\/6739\/revisions\/6757"}],"wp:featuredmedia":[{"embeddable":true,"href":"https:\/\/acervapaulista.com.br\/wordpress\/wp-json\/wp\/v2\/media\/6744"}],"wp:attachment":[{"href":"https:\/\/acervapaulista.com.br\/wordpress\/wp-json\/wp\/v2\/media?parent=6739"}],"wp:term":[{"taxonomy":"category","embeddable":true,"href":"https:\/\/acervapaulista.com.br\/wordpress\/wp-json\/wp\/v2\/categories?post=6739"},{"taxonomy":"post_tag","embeddable":true,"href":"https:\/\/acervapaulista.com.br\/wordpress\/wp-json\/wp\/v2\/tags?post=6739"}],"curies":[{"name":"wp","href":"https:\/\/api.w.org\/{rel}","templated":true}]}}