{"id":6538,"date":"2023-02-14T10:33:45","date_gmt":"2023-02-14T13:33:45","guid":{"rendered":"https:\/\/acervapaulista.com.br\/?p=6538"},"modified":"2023-02-18T08:28:03","modified_gmt":"2023-02-18T11:28:03","slug":"viva-la-breja-festival-dia-25-03-23","status":"publish","type":"post","link":"https:\/\/acervapaulista.com.br\/wordpress\/viva-la-breja-festival-dia-25-03-23\/","title":{"rendered":"Viva La Breja Festival &#8211; Dia 25\/03\/23"},"content":{"rendered":"\n<p class=\"wp-block-paragraph\"><em><strong>O Mais Novo Evento de<\/strong><\/em> <em><strong>Cervejas Artesanais<\/strong><\/em><strong> <\/strong><em><strong>do Brasil!<\/strong><\/em><\/p>\n\n\n\n<p class=\"wp-block-paragraph\">Ser\u00e3o 6 horas de Open Beer, em um espa\u00e7o de mais de 580m\u00b2, com m\u00fasica ao vivo, DJ, comida de primeira e outras atra\u00e7\u00f5es que tornar\u00e3o este evento muito especial.<\/p>\n\n\n\n<p class=\"has-text-align-left wp-block-paragraph\"> <strong>Vendedor Oficial &#8211; Breja box<\/strong><\/p>\n\n\n\n<p class=\"wp-block-paragraph\"><strong>Clique aqui para comprar:<\/strong> <a href=\"https:\/\/www.brejabox.com.br\/vivalabreja\">https:\/\/www.brejabox.com.br\/vivalabreja<\/a><\/p>\n\n\n\n<p class=\"wp-block-paragraph\"><strong>Programa\u00e7\u00e3o:<\/strong><\/p>\n\n\n\n<p class=\"wp-block-paragraph\">Acompanhe as principais datas do nosso festival e n\u00e3o perca nada!<\/p>\n\n\n\n<p class=\"wp-block-paragraph\">14\/02\/2023 00:00h In\u00edcio das vendas do 1\u00b0 lote<br>09\/03\/2023 00:00h In\u00edcio das vendas do 2\u00b0 lote<br>25\/03\/2023 13:00h Abertura do Evento<br>25\/03\/2023 19:00h Encerramento do Evento<\/p>\n\n\n\n<p class=\"wp-block-paragraph\">Saiba mais acessando: <a href=\"https:\/\/vivalabreja.com.br\/\">https:\/\/vivalabreja.com.br\/<\/a><br>Instagram: <a href=\"https:\/\/www.instagram.com\/vivalabrejafestival\/\">@vivalabrejafestival<\/a><\/p>\n\n\n\n<p class=\"wp-block-paragraph\"><a href=\"Local: S\u00e3o Bernardo T\u00eanis Clube\nRua Tiet\u00ea, 255 - Vila Vivaldi - S\u00e3o Bernardo do Campo \/ SP\nCEP: 09615-000\nE-mail: contato@vivalabreja.com.br\"><strong>Endere\u00e7o:<\/strong><\/a><\/p>\n\n\n\n<p class=\"wp-block-paragraph\">Rua Tiet\u00ea, 255 &#8211; Vila Vivaldi &#8211; S\u00e3o Bernardo do Campo\/SP &#8211; 09615-000 <\/p>\n\n\n\n<p class=\"wp-block-paragraph\">Local: S\u00e3o Bernardo T\u00eanis Clube<\/p>\n\n\n\n<p class=\"wp-block-paragraph\"><\/p>\n\n\n<div class=\"wp-block-image\">\n<figure class=\"aligncenter size-full\"><img loading=\"lazy\" decoding=\"async\" width=\"580\" height=\"818\" src=\"https:\/\/acervapaulista.com.br\/wordpress\/wp-content\/uploads\/2023\/02\/WhatsApp-Image-2023-02-14-at-10.05.58.jpeg\" alt=\"\" class=\"wp-image-6541\" srcset=\"https:\/\/acervapaulista.com.br\/wordpress\/wp-content\/uploads\/2023\/02\/WhatsApp-Image-2023-02-14-at-10.05.58.jpeg 580w, https:\/\/acervapaulista.com.br\/wordpress\/wp-content\/uploads\/2023\/02\/WhatsApp-Image-2023-02-14-at-10.05.58-213x300.jpeg 213w, https:\/\/acervapaulista.com.br\/wordpress\/wp-content\/uploads\/2023\/02\/WhatsApp-Image-2023-02-14-at-10.05.58-100x141.jpeg 100w, https:\/\/acervapaulista.com.br\/wordpress\/wp-content\/uploads\/2023\/02\/WhatsApp-Image-2023-02-14-at-10.05.58-400x564.jpeg 400w\" sizes=\"auto, (max-width: 580px) 100vw, 580px\" \/><\/figure>\n<\/div>\n\n\n<p class=\"has-black-color has-text-color wp-block-paragraph\"><\/p>\n\n\n\n<p class=\"wp-block-paragraph\"><\/p>\n\n\n\n<p class=\"wp-block-paragraph\"><\/p>\n\n\n\n<p class=\"wp-block-paragraph\"><\/p>\n","protected":false},"excerpt":{"rendered":"<p>O Mais Novo Evento de Cervejas Artesanais do Brasil! Ser\u00e3o 6 horas de Open Beer, em um espa\u00e7o de mais de 580m\u00b2, com m\u00fasica ao vivo, DJ, comida de primeira e outras atra\u00e7\u00f5es que tornar\u00e3o este evento muito especial. Vendedor Oficial &#8211; Breja box Clique aqui para comprar: https:\/\/www.brejabox.com.br\/vivalabreja Programa\u00e7\u00e3o: Acompanhe as principais datas do nosso festival e n\u00e3o perca nada! 14\/02\/2023 00:00h In\u00edcio das vendas do 1\u00b0 lote09\/03\/2023 00:00h In\u00edcio das vendas do 2\u00b0 lote25\/03\/2023 13:00h Abertura do Evento25\/03\/2023 19:00h Encerramento do Evento Saiba mais acessando: https:\/\/vivalabreja.com.br\/Instagram: @vivalabrejafestival Endere\u00e7o: Rua Tiet\u00ea, 255 &#8211; Vila Vivaldi &#8211; S\u00e3o Bernardo do Campo\/SP &#8211; 09615-000 Local: S\u00e3o Bernardo T\u00eanis Clube<\/p>\n","protected":false},"author":84,"featured_media":6539,"comment_status":"closed","ping_status":"open","sticky":false,"template":"","format":"standard","meta":{"pmpro_default_level":"","_price":"","_stock":"","_tribe_ticket_header":"","_tribe_default_ticket_provider":"","_tribe_ticket_capacity":"0","_ticket_start_date":"","_ticket_end_date":"","_tribe_ticket_show_description":"","_tribe_ticket_show_not_going":false,"_tribe_ticket_use_global_stock":"","_tribe_ticket_global_stock_level":"","_global_stock_mode":"","_global_stock_cap":"","_tribe_rsvp_for_event":"","_tribe_ticket_going_count":"","_tribe_ticket_not_going_count":"","_tribe_tickets_list":"[]","_tribe_ticket_has_attendee_info_fields":false,"footnotes":""},"categories":[9,10,148,201],"tags":[208,204,209,210,181,202,203,206,207,211,205],"class_list":["post-6538","post","type-post","status-publish","format-standard","has-post-thumbnail","hentry","category-evento","category-evento-parceiros","category-noticia","category-parceiros-acerva-sp","tag-cerveja","tag-cervejaartesanal","tag-cervejagelada","tag-comerebeber","tag-evento","tag-festival","tag-festivaldecerveja","tag-lazer","tag-oquefazeremsp","tag-oquefazernoabc","tag-vivalabreja","pmpro-has-access"],"aioseo_notices":[],"aioseo_head":"\n\t\t<!-- All in One SEO 4.9.10 - aioseo.com -->\n\t<meta name=\"description\" content=\"O Mais Novo Evento de Cervejas Artesanais do Brasil! Ser\u00e3o 6 horas de Open Beer, em um espa\u00e7o de mais de 580m\u00b2, com m\u00fasica ao vivo, DJ, comida de primeira e outras atra\u00e7\u00f5es que tornar\u00e3o este evento muito especial. Vendedor Oficial - Breja box Clique aqui para comprar: https:\/\/www.brejabox.com.br\/vivalabreja Programa\u00e7\u00e3o: Acompanhe as principais datas do\" \/>\n\t<meta name=\"robots\" content=\"max-image-preview:large\" \/>\n\t<meta name=\"author\" content=\"Carlos Santana\"\/>\n\t<link rel=\"canonical\" href=\"https:\/\/acervapaulista.com.br\/wordpress\/viva-la-breja-festival-dia-25-03-23\/\" \/>\n\t<meta name=\"generator\" content=\"All in One SEO (AIOSEO) 4.9.10\" \/>\n\t\t<meta property=\"og:locale\" content=\"pt_BR\" \/>\n\t\t<meta property=\"og:site_name\" content=\"ACervA Paulista - Associa\u00e7\u00e3o dos Cervejeiros Artesanais Paulistas\" \/>\n\t\t<meta property=\"og:type\" content=\"article\" \/>\n\t\t<meta property=\"og:title\" content=\"Viva La Breja Festival \u2013 Dia 25\/03\/23 - ACervA Paulista\" \/>\n\t\t<meta property=\"og:description\" content=\"O Mais Novo Evento de Cervejas Artesanais do Brasil! Ser\u00e3o 6 horas de Open Beer, em um espa\u00e7o de mais de 580m\u00b2, com m\u00fasica ao vivo, DJ, comida de primeira e outras atra\u00e7\u00f5es que tornar\u00e3o este evento muito especial. Vendedor Oficial - Breja box Clique aqui para comprar: https:\/\/www.brejabox.com.br\/vivalabreja Programa\u00e7\u00e3o: Acompanhe as principais datas do\" \/>\n\t\t<meta property=\"og:url\" content=\"https:\/\/acervapaulista.com.br\/wordpress\/viva-la-breja-festival-dia-25-03-23\/\" \/>\n\t\t<meta property=\"article:published_time\" content=\"2023-02-14T13:33:45+00:00\" \/>\n\t\t<meta property=\"article:modified_time\" content=\"2023-02-18T11:28:03+00:00\" \/>\n\t\t<meta name=\"twitter:card\" content=\"summary_large_image\" \/>\n\t\t<meta name=\"twitter:title\" content=\"Viva La Breja Festival \u2013 Dia 25\/03\/23 - ACervA Paulista\" \/>\n\t\t<meta name=\"twitter:description\" content=\"O Mais Novo Evento de Cervejas Artesanais do Brasil! Ser\u00e3o 6 horas de Open Beer, em um espa\u00e7o de mais de 580m\u00b2, com m\u00fasica ao vivo, DJ, comida de primeira e outras atra\u00e7\u00f5es que tornar\u00e3o este evento muito especial. Vendedor Oficial - Breja box Clique aqui para comprar: https:\/\/www.brejabox.com.br\/vivalabreja Programa\u00e7\u00e3o: Acompanhe as principais datas do\" \/>\n\t\t<script type=\"application\/ld+json\" class=\"aioseo-schema\">\n\t\t\t{\"@context\":\"https:\\\/\\\/schema.org\",\"@graph\":[{\"@type\":\"BlogPosting\",\"@id\":\"https:\\\/\\\/acervapaulista.com.br\\\/wordpress\\\/viva-la-breja-festival-dia-25-03-23\\\/#blogposting\",\"name\":\"Viva La Breja Festival \\u2013 Dia 25\\\/03\\\/23 - ACervA Paulista\",\"headline\":\"Viva La Breja Festival &#8211; Dia 25\\\/03\\\/23\",\"author\":{\"@id\":\"https:\\\/\\\/acervapaulista.com.br\\\/wordpress\\\/author\\\/educhp\\\/#author\"},\"publisher\":{\"@id\":\"https:\\\/\\\/acervapaulista.com.br\\\/wordpress\\\/#organization\"},\"image\":{\"@type\":\"ImageObject\",\"url\":\"https:\\\/\\\/acervapaulista.com.br\\\/wordpress\\\/wp-content\\\/uploads\\\/2023\\\/02\\\/vivalabrejafestival_logo.png\",\"width\":505,\"height\":184},\"datePublished\":\"2023-02-14T10:33:45-03:00\",\"dateModified\":\"2023-02-18T08:28:03-03:00\",\"inLanguage\":\"pt-BR\",\"mainEntityOfPage\":{\"@id\":\"https:\\\/\\\/acervapaulista.com.br\\\/wordpress\\\/viva-la-breja-festival-dia-25-03-23\\\/#webpage\"},\"isPartOf\":{\"@id\":\"https:\\\/\\\/acervapaulista.com.br\\\/wordpress\\\/viva-la-breja-festival-dia-25-03-23\\\/#webpage\"},\"articleSection\":\"Evento, Evento parceiros, Not\\u00edcia, Parcerias, cerveja, cervejaartesanal, cervejagelada, comerebeber, evento, festival, festivaldecerveja, lazer, oquefazeremsp, oquefazernoabc, vivalabreja\"},{\"@type\":\"BreadcrumbList\",\"@id\":\"https:\\\/\\\/acervapaulista.com.br\\\/wordpress\\\/viva-la-breja-festival-dia-25-03-23\\\/#breadcrumblist\",\"itemListElement\":[{\"@type\":\"ListItem\",\"@id\":\"https:\\\/\\\/acervapaulista.com.br\\\/wordpress#listItem\",\"position\":1,\"name\":\"Home\",\"item\":\"https:\\\/\\\/acervapaulista.com.br\\\/wordpress\",\"nextItem\":{\"@type\":\"ListItem\",\"@id\":\"https:\\\/\\\/acervapaulista.com.br\\\/wordpress\\\/category\\\/evento\\\/#listItem\",\"name\":\"Evento\"}},{\"@type\":\"ListItem\",\"@id\":\"https:\\\/\\\/acervapaulista.com.br\\\/wordpress\\\/category\\\/evento\\\/#listItem\",\"position\":2,\"name\":\"Evento\",\"item\":\"https:\\\/\\\/acervapaulista.com.br\\\/wordpress\\\/category\\\/evento\\\/\",\"nextItem\":{\"@type\":\"ListItem\",\"@id\":\"https:\\\/\\\/acervapaulista.com.br\\\/wordpress\\\/viva-la-breja-festival-dia-25-03-23\\\/#listItem\",\"name\":\"Viva La Breja Festival &#8211; Dia 25\\\/03\\\/23\"},\"previousItem\":{\"@type\":\"ListItem\",\"@id\":\"https:\\\/\\\/acervapaulista.com.br\\\/wordpress#listItem\",\"name\":\"Home\"}},{\"@type\":\"ListItem\",\"@id\":\"https:\\\/\\\/acervapaulista.com.br\\\/wordpress\\\/viva-la-breja-festival-dia-25-03-23\\\/#listItem\",\"position\":3,\"name\":\"Viva La Breja Festival &#8211; Dia 25\\\/03\\\/23\",\"previousItem\":{\"@type\":\"ListItem\",\"@id\":\"https:\\\/\\\/acervapaulista.com.br\\\/wordpress\\\/category\\\/evento\\\/#listItem\",\"name\":\"Evento\"}}]},{\"@type\":\"Organization\",\"@id\":\"https:\\\/\\\/acervapaulista.com.br\\\/wordpress\\\/#organization\",\"name\":\"ACervA Paulista\",\"description\":\"Associa\\u00e7\\u00e3o dos Cervejeiros Artesanais Paulistas\",\"url\":\"https:\\\/\\\/acervapaulista.com.br\\\/wordpress\\\/\"},{\"@type\":\"Person\",\"@id\":\"https:\\\/\\\/acervapaulista.com.br\\\/wordpress\\\/author\\\/educhp\\\/#author\",\"url\":\"https:\\\/\\\/acervapaulista.com.br\\\/wordpress\\\/author\\\/educhp\\\/\",\"name\":\"Carlos Santana\",\"image\":{\"@type\":\"ImageObject\",\"@id\":\"https:\\\/\\\/acervapaulista.com.br\\\/wordpress\\\/viva-la-breja-festival-dia-25-03-23\\\/#authorImage\",\"url\":\"https:\\\/\\\/secure.gravatar.com\\\/avatar\\\/9bb9fc5ee33332780165f5a66181a659bda39f9fb30b1defd1d1cb01335ebd65?s=96&d=mm&r=g\",\"width\":96,\"height\":96,\"caption\":\"Carlos Santana\"}},{\"@type\":\"WebPage\",\"@id\":\"https:\\\/\\\/acervapaulista.com.br\\\/wordpress\\\/viva-la-breja-festival-dia-25-03-23\\\/#webpage\",\"url\":\"https:\\\/\\\/acervapaulista.com.br\\\/wordpress\\\/viva-la-breja-festival-dia-25-03-23\\\/\",\"name\":\"Viva La Breja Festival \\u2013 Dia 25\\\/03\\\/23 - ACervA Paulista\",\"description\":\"O Mais Novo Evento de Cervejas Artesanais do Brasil! Ser\\u00e3o 6 horas de Open Beer, em um espa\\u00e7o de mais de 580m\\u00b2, com m\\u00fasica ao vivo, DJ, comida de primeira e outras atra\\u00e7\\u00f5es que tornar\\u00e3o este evento muito especial. Vendedor Oficial - Breja box Clique aqui para comprar: https:\\\/\\\/www.brejabox.com.br\\\/vivalabreja Programa\\u00e7\\u00e3o: Acompanhe as principais datas do\",\"inLanguage\":\"pt-BR\",\"isPartOf\":{\"@id\":\"https:\\\/\\\/acervapaulista.com.br\\\/wordpress\\\/#website\"},\"breadcrumb\":{\"@id\":\"https:\\\/\\\/acervapaulista.com.br\\\/wordpress\\\/viva-la-breja-festival-dia-25-03-23\\\/#breadcrumblist\"},\"author\":{\"@id\":\"https:\\\/\\\/acervapaulista.com.br\\\/wordpress\\\/author\\\/educhp\\\/#author\"},\"creator\":{\"@id\":\"https:\\\/\\\/acervapaulista.com.br\\\/wordpress\\\/author\\\/educhp\\\/#author\"},\"image\":{\"@type\":\"ImageObject\",\"url\":\"https:\\\/\\\/acervapaulista.com.br\\\/wordpress\\\/wp-content\\\/uploads\\\/2023\\\/02\\\/vivalabrejafestival_logo.png\",\"@id\":\"https:\\\/\\\/acervapaulista.com.br\\\/wordpress\\\/viva-la-breja-festival-dia-25-03-23\\\/#mainImage\",\"width\":505,\"height\":184},\"primaryImageOfPage\":{\"@id\":\"https:\\\/\\\/acervapaulista.com.br\\\/wordpress\\\/viva-la-breja-festival-dia-25-03-23\\\/#mainImage\"},\"datePublished\":\"2023-02-14T10:33:45-03:00\",\"dateModified\":\"2023-02-18T08:28:03-03:00\"},{\"@type\":\"WebSite\",\"@id\":\"https:\\\/\\\/acervapaulista.com.br\\\/wordpress\\\/#website\",\"url\":\"https:\\\/\\\/acervapaulista.com.br\\\/wordpress\\\/\",\"name\":\"ACervA Paulista\",\"description\":\"Associa\\u00e7\\u00e3o dos Cervejeiros Artesanais Paulistas\",\"inLanguage\":\"pt-BR\",\"publisher\":{\"@id\":\"https:\\\/\\\/acervapaulista.com.br\\\/wordpress\\\/#organization\"}}]}\n\t\t<\/script>\n\t\t<!-- All in One SEO -->\n\n","aioseo_head_json":{"title":"Viva La Breja Festival \u2013 Dia 25\/03\/23 - ACervA Paulista","description":"O Mais Novo Evento de Cervejas Artesanais do Brasil! Ser\u00e3o 6 horas de Open Beer, em um espa\u00e7o de mais de 580m\u00b2, com m\u00fasica ao vivo, DJ, comida de primeira e outras atra\u00e7\u00f5es que tornar\u00e3o este evento muito especial. Vendedor Oficial - Breja box Clique aqui para comprar: https:\/\/www.brejabox.com.br\/vivalabreja Programa\u00e7\u00e3o: Acompanhe as principais datas do","canonical_url":"https:\/\/acervapaulista.com.br\/wordpress\/viva-la-breja-festival-dia-25-03-23\/","robots":"max-image-preview:large","keywords":"","webmasterTools":{"miscellaneous":""},"schema":{"@context":"https:\/\/schema.org","@graph":[{"@type":"BlogPosting","@id":"https:\/\/acervapaulista.com.br\/wordpress\/viva-la-breja-festival-dia-25-03-23\/#blogposting","name":"Viva La Breja Festival \u2013 Dia 25\/03\/23 - ACervA Paulista","headline":"Viva La Breja Festival &#8211; Dia 25\/03\/23","author":{"@id":"https:\/\/acervapaulista.com.br\/wordpress\/author\/educhp\/#author"},"publisher":{"@id":"https:\/\/acervapaulista.com.br\/wordpress\/#organization"},"image":{"@type":"ImageObject","url":"https:\/\/acervapaulista.com.br\/wordpress\/wp-content\/uploads\/2023\/02\/vivalabrejafestival_logo.png","width":505,"height":184},"datePublished":"2023-02-14T10:33:45-03:00","dateModified":"2023-02-18T08:28:03-03:00","inLanguage":"pt-BR","mainEntityOfPage":{"@id":"https:\/\/acervapaulista.com.br\/wordpress\/viva-la-breja-festival-dia-25-03-23\/#webpage"},"isPartOf":{"@id":"https:\/\/acervapaulista.com.br\/wordpress\/viva-la-breja-festival-dia-25-03-23\/#webpage"},"articleSection":"Evento, Evento parceiros, Not\u00edcia, Parcerias, cerveja, cervejaartesanal, cervejagelada, comerebeber, evento, festival, festivaldecerveja, lazer, oquefazeremsp, oquefazernoabc, vivalabreja"},{"@type":"BreadcrumbList","@id":"https:\/\/acervapaulista.com.br\/wordpress\/viva-la-breja-festival-dia-25-03-23\/#breadcrumblist","itemListElement":[{"@type":"ListItem","@id":"https:\/\/acervapaulista.com.br\/wordpress#listItem","position":1,"name":"Home","item":"https:\/\/acervapaulista.com.br\/wordpress","nextItem":{"@type":"ListItem","@id":"https:\/\/acervapaulista.com.br\/wordpress\/category\/evento\/#listItem","name":"Evento"}},{"@type":"ListItem","@id":"https:\/\/acervapaulista.com.br\/wordpress\/category\/evento\/#listItem","position":2,"name":"Evento","item":"https:\/\/acervapaulista.com.br\/wordpress\/category\/evento\/","nextItem":{"@type":"ListItem","@id":"https:\/\/acervapaulista.com.br\/wordpress\/viva-la-breja-festival-dia-25-03-23\/#listItem","name":"Viva La Breja Festival &#8211; Dia 25\/03\/23"},"previousItem":{"@type":"ListItem","@id":"https:\/\/acervapaulista.com.br\/wordpress#listItem","name":"Home"}},{"@type":"ListItem","@id":"https:\/\/acervapaulista.com.br\/wordpress\/viva-la-breja-festival-dia-25-03-23\/#listItem","position":3,"name":"Viva La Breja Festival &#8211; Dia 25\/03\/23","previousItem":{"@type":"ListItem","@id":"https:\/\/acervapaulista.com.br\/wordpress\/category\/evento\/#listItem","name":"Evento"}}]},{"@type":"Organization","@id":"https:\/\/acervapaulista.com.br\/wordpress\/#organization","name":"ACervA Paulista","description":"Associa\u00e7\u00e3o dos Cervejeiros Artesanais Paulistas","url":"https:\/\/acervapaulista.com.br\/wordpress\/"},{"@type":"Person","@id":"https:\/\/acervapaulista.com.br\/wordpress\/author\/educhp\/#author","url":"https:\/\/acervapaulista.com.br\/wordpress\/author\/educhp\/","name":"Carlos Santana","image":{"@type":"ImageObject","@id":"https:\/\/acervapaulista.com.br\/wordpress\/viva-la-breja-festival-dia-25-03-23\/#authorImage","url":"https:\/\/secure.gravatar.com\/avatar\/9bb9fc5ee33332780165f5a66181a659bda39f9fb30b1defd1d1cb01335ebd65?s=96&d=mm&r=g","width":96,"height":96,"caption":"Carlos Santana"}},{"@type":"WebPage","@id":"https:\/\/acervapaulista.com.br\/wordpress\/viva-la-breja-festival-dia-25-03-23\/#webpage","url":"https:\/\/acervapaulista.com.br\/wordpress\/viva-la-breja-festival-dia-25-03-23\/","name":"Viva La Breja Festival \u2013 Dia 25\/03\/23 - ACervA Paulista","description":"O Mais Novo Evento de Cervejas Artesanais do Brasil! Ser\u00e3o 6 horas de Open Beer, em um espa\u00e7o de mais de 580m\u00b2, com m\u00fasica ao vivo, DJ, comida de primeira e outras atra\u00e7\u00f5es que tornar\u00e3o este evento muito especial. Vendedor Oficial - Breja box Clique aqui para comprar: https:\/\/www.brejabox.com.br\/vivalabreja Programa\u00e7\u00e3o: Acompanhe as principais datas do","inLanguage":"pt-BR","isPartOf":{"@id":"https:\/\/acervapaulista.com.br\/wordpress\/#website"},"breadcrumb":{"@id":"https:\/\/acervapaulista.com.br\/wordpress\/viva-la-breja-festival-dia-25-03-23\/#breadcrumblist"},"author":{"@id":"https:\/\/acervapaulista.com.br\/wordpress\/author\/educhp\/#author"},"creator":{"@id":"https:\/\/acervapaulista.com.br\/wordpress\/author\/educhp\/#author"},"image":{"@type":"ImageObject","url":"https:\/\/acervapaulista.com.br\/wordpress\/wp-content\/uploads\/2023\/02\/vivalabrejafestival_logo.png","@id":"https:\/\/acervapaulista.com.br\/wordpress\/viva-la-breja-festival-dia-25-03-23\/#mainImage","width":505,"height":184},"primaryImageOfPage":{"@id":"https:\/\/acervapaulista.com.br\/wordpress\/viva-la-breja-festival-dia-25-03-23\/#mainImage"},"datePublished":"2023-02-14T10:33:45-03:00","dateModified":"2023-02-18T08:28:03-03:00"},{"@type":"WebSite","@id":"https:\/\/acervapaulista.com.br\/wordpress\/#website","url":"https:\/\/acervapaulista.com.br\/wordpress\/","name":"ACervA Paulista","description":"Associa\u00e7\u00e3o dos Cervejeiros Artesanais Paulistas","inLanguage":"pt-BR","publisher":{"@id":"https:\/\/acervapaulista.com.br\/wordpress\/#organization"}}]},"og:locale":"pt_BR","og:site_name":"ACervA Paulista - Associa\u00e7\u00e3o dos Cervejeiros Artesanais Paulistas","og:type":"article","og:title":"Viva La Breja Festival \u2013 Dia 25\/03\/23 - ACervA Paulista","og:description":"O Mais Novo Evento de Cervejas Artesanais do Brasil! Ser\u00e3o 6 horas de Open Beer, em um espa\u00e7o de mais de 580m\u00b2, com m\u00fasica ao vivo, DJ, comida de primeira e outras atra\u00e7\u00f5es que tornar\u00e3o este evento muito especial. Vendedor Oficial - Breja box Clique aqui para comprar: https:\/\/www.brejabox.com.br\/vivalabreja Programa\u00e7\u00e3o: Acompanhe as principais datas do","og:url":"https:\/\/acervapaulista.com.br\/wordpress\/viva-la-breja-festival-dia-25-03-23\/","article:published_time":"2023-02-14T13:33:45+00:00","article:modified_time":"2023-02-18T11:28:03+00:00","twitter:card":"summary_large_image","twitter:title":"Viva La Breja Festival \u2013 Dia 25\/03\/23 - ACervA Paulista","twitter:description":"O Mais Novo Evento de Cervejas Artesanais do Brasil! Ser\u00e3o 6 horas de Open Beer, em um espa\u00e7o de mais de 580m\u00b2, com m\u00fasica ao vivo, DJ, comida de primeira e outras atra\u00e7\u00f5es que tornar\u00e3o este evento muito especial. Vendedor Oficial - Breja box Clique aqui para comprar: https:\/\/www.brejabox.com.br\/vivalabreja Programa\u00e7\u00e3o: Acompanhe as principais datas do"},"aioseo_meta_data":{"post_id":"6538","title":null,"description":null,"keywords":null,"keyphrases":null,"primary_term":null,"canonical_url":null,"og_title":null,"og_description":null,"og_object_type":"default","og_image_type":"default","og_image_url":null,"og_image_width":null,"og_image_height":null,"og_image_custom_url":null,"og_image_custom_fields":null,"og_video":null,"og_custom_url":null,"og_article_section":null,"og_article_tags":null,"twitter_use_og":false,"twitter_card":"default","twitter_image_type":"default","twitter_image_url":null,"twitter_image_custom_url":null,"twitter_image_custom_fields":null,"twitter_title":null,"twitter_description":null,"schema":{"blockGraphs":[],"customGraphs":[],"default":{"data":{"Article":[],"Course":[],"Dataset":[],"FAQPage":[],"Movie":[],"Person":[],"Product":[],"ProductReview":[],"Car":[],"Recipe":[],"Service":[],"SoftwareApplication":[],"WebPage":[]},"graphName":"","isEnabled":true},"graphs":[]},"schema_type":"default","schema_type_options":null,"pillar_content":false,"robots_default":true,"robots_noindex":false,"robots_noarchive":false,"robots_nosnippet":false,"robots_nofollow":false,"robots_noimageindex":false,"robots_noodp":false,"robots_notranslate":false,"robots_max_snippet":null,"robots_max_videopreview":null,"robots_max_imagepreview":"large","priority":null,"frequency":null,"local_seo":null,"breadcrumb_settings":null,"limit_modified_date":false,"ai":null,"created":"2023-10-20 05:12:58","updated":"2025-09-06 13:03:10","seo_analyzer_scan_date":null},"aioseo_breadcrumb":"<div class=\"aioseo-breadcrumbs\"><span class=\"aioseo-breadcrumb\">\n\t\t\t<a href=\"https:\/\/acervapaulista.com.br\/wordpress\" title=\"Home\">Home<\/a>\n\t\t<\/span><span class=\"aioseo-breadcrumb-separator\">&raquo;<\/span><span class=\"aioseo-breadcrumb\">\n\t\t\t<a href=\"https:\/\/acervapaulista.com.br\/wordpress\/category\/evento\/\" title=\"Evento\">Evento<\/a>\n\t\t<\/span><span class=\"aioseo-breadcrumb-separator\">&raquo;<\/span><span class=\"aioseo-breadcrumb\">\n\t\t\tViva La Breja Festival \u2013 Dia 25\/03\/23\n\t\t<\/span><\/div>","aioseo_breadcrumb_json":[{"label":"Home","link":"https:\/\/acervapaulista.com.br\/wordpress"},{"label":"Evento","link":"https:\/\/acervapaulista.com.br\/wordpress\/category\/evento\/"},{"label":"Viva La Breja Festival &#8211; Dia 25\/03\/23","link":"https:\/\/acervapaulista.com.br\/wordpress\/viva-la-breja-festival-dia-25-03-23\/"}],"_links":{"self":[{"href":"https:\/\/acervapaulista.com.br\/wordpress\/wp-json\/wp\/v2\/posts\/6538","targetHints":{"allow":["GET"]}}],"collection":[{"href":"https:\/\/acervapaulista.com.br\/wordpress\/wp-json\/wp\/v2\/posts"}],"about":[{"href":"https:\/\/acervapaulista.com.br\/wordpress\/wp-json\/wp\/v2\/types\/post"}],"author":[{"embeddable":true,"href":"https:\/\/acervapaulista.com.br\/wordpress\/wp-json\/wp\/v2\/users\/84"}],"replies":[{"embeddable":true,"href":"https:\/\/acervapaulista.com.br\/wordpress\/wp-json\/wp\/v2\/comments?post=6538"}],"version-history":[{"count":3,"href":"https:\/\/acervapaulista.com.br\/wordpress\/wp-json\/wp\/v2\/posts\/6538\/revisions"}],"predecessor-version":[{"id":6543,"href":"https:\/\/acervapaulista.com.br\/wordpress\/wp-json\/wp\/v2\/posts\/6538\/revisions\/6543"}],"wp:featuredmedia":[{"embeddable":true,"href":"https:\/\/acervapaulista.com.br\/wordpress\/wp-json\/wp\/v2\/media\/6539"}],"wp:attachment":[{"href":"https:\/\/acervapaulista.com.br\/wordpress\/wp-json\/wp\/v2\/media?parent=6538"}],"wp:term":[{"taxonomy":"category","embeddable":true,"href":"https:\/\/acervapaulista.com.br\/wordpress\/wp-json\/wp\/v2\/categories?post=6538"},{"taxonomy":"post_tag","embeddable":true,"href":"https:\/\/acervapaulista.com.br\/wordpress\/wp-json\/wp\/v2\/tags?post=6538"}],"curies":[{"name":"wp","href":"https:\/\/api.w.org\/{rel}","templated":true}]}}